{"id":2511,"date":"2017-01-22T17:13:59","date_gmt":"2017-01-22T15:13:59","guid":{"rendered":"http:\/\/whm14.louhi.net\/~kivennap\/?p=2511"},"modified":"2023-04-14T15:56:03","modified_gmt":"2023-04-14T12:56:03","slug":"loytyyko-seurasta-historiikin-kirjoittajaa","status":"publish","type":"post","link":"https:\/\/kivennapaseura.fi\/?p=2511","title":{"rendered":"L\u00f6ytyyk\u00f6 seurasta historiikin kirjoittajaa?"},"content":{"rendered":"<p>Kivennapaseura saavuttaa reilun viiden vuoden p\u00e4\u00e4st\u00e4 aikuisen i\u00e4n &#8211; 75 vuotta. Seuran kaavailuissa on ollut juhlistaa tapahtumaa jonkin muotoisella historiikilla, mahdollisesti jopa pienimuotoisella juhlakirjalla. Seuran talous ei kuitenkaan mahdollista kovin laajan julkaisun kustantamista. Aluksi kartoitamme, l\u00f6ytyisik\u00f6 vapaaehtoista ja seuran historiasta kiinnostunutta kyn\u00e4niekkaa seuran 75-vuotishistoriikkia tekem\u00e4\u00e4n.<\/p>\n<p>Seura ei voi t\u00e4ss\u00e4 vaiheessa vaivan palkaksi luvata muuta kuin kunniaa ja mainetta sek\u00e4 anoa kunniamerkki\u00e4. Kivennapas\u00e4\u00e4ti\u00f6lt\u00e4 voi hakea historiikin kirjoittamiseen tukea, kunhan on olemassa konkreettinen suunnitelma historiikin kirjoittamisesta sek\u00e4 ty\u00f6n tavoitteista ja laajuudesta on sovittu. Ty\u00f6t\u00e4 helpottaa, ett\u00e4 seurasta on olemassa Uljas Kiurun kokoama leikkelem\u00e4inen 50-vuotishistoriikki Muistoja Kivennavalta. Lopullista p\u00e4\u00e4t\u00f6st\u00e4 seuran 75-vuotishistoriikin kirjoittamisesta ei ole viel\u00e4 tehty.\u00a0Jos olet kiinnostunut puurtamaan Kivennapaseuran historian kimpussa vapaaehtoispohjalta, niin ota yhteytt\u00e4 Kivennapaseuran puheenjohtajaan.<\/p>\n<p>&nbsp;<\/p>\n","protected":false},"excerpt":{"rendered":"<p>Kivennapaseura saavuttaa reilun viiden vuoden p\u00e4\u00e4st\u00e4 aikuisen i\u00e4n &#8211; 75 vuotta. Seuran kaavailuissa on ollut juhlistaa tapahtumaa jonkin muotoisella historiikilla, mahdollisesti jopa pienimuotoisella juhlakirjalla. Seuran talous ei kuitenkaan mahdollista kovin laajan julkaisun kustantamista. Aluksi kartoitamme, l\u00f6ytyisik\u00f6 vapaaehtoista ja seuran historiasta kiinnostunutta kyn\u00e4niekkaa seuran 75-vuotishistoriikkia tekem\u00e4\u00e4n. Seura ei voi t\u00e4ss\u00e4 vaiheessa vaivan palkaksi luvata muuta kuin &hellip;<\/p>\n<p class=\"read-more\"> <a class=\"\" href=\"https:\/\/kivennapaseura.fi\/?p=2511\"> <span class=\"screen-reader-text\">L\u00f6ytyyk\u00f6 seurasta historiikin kirjoittajaa?<\/span> Lue lis\u00e4\u00e4 &raquo;<\/a><\/p>\n","protected":false},"author":4,"featured_media":2512,"comment_status":"closed","ping_status":"closed","sticky":false,"template":"","format":"standard","meta":{"site-sidebar-layout":"default","site-content-layout":"default","ast-global-header-display":"","ast-main-header-display":"","ast-hfb-above-header-display":"","ast-hfb-below-header-display":"","ast-hfb-mobile-header-display":"","site-post-title":"","ast-breadcrumbs-content":"","ast-featured-img":"","footer-sml-layout":"","theme-transparent-header-meta":"","adv-header-id-meta":"","stick-header-meta":"","header-above-stick-meta":"","header-main-stick-meta":"","header-below-stick-meta":""},"categories":[130],"tags":[191,9,190,232,70,68,102],"yoast_head":"<!-- This site is optimized with the Yoast SEO plugin v18.8 - https:\/\/yoast.com\/wordpress\/plugins\/seo\/ -->\n<title>L\u00f6ytyyk\u00f6 seurasta historiikin kirjoittajaa? - Kivennapaseura<\/title>\n<meta name=\"robots\" content=\"index, follow, max-snippet:-1, max-image-preview:large, max-video-preview:-1\" \/>\n<link rel=\"canonical\" href=\"https:\/\/kivennapaseura.fi\/?p=2511\" \/>\n<meta property=\"og:locale\" content=\"fi_FI\" \/>\n<meta property=\"og:type\" content=\"article\" \/>\n<meta property=\"og:title\" content=\"L\u00f6ytyyk\u00f6 seurasta historiikin kirjoittajaa? - Kivennapaseura\" \/>\n<meta property=\"og:description\" content=\"Kivennapaseura saavuttaa reilun viiden vuoden p\u00e4\u00e4st\u00e4 aikuisen i\u00e4n &#8211; 75 vuotta. Seuran kaavailuissa on ollut juhlistaa tapahtumaa jonkin muotoisella historiikilla, mahdollisesti jopa pienimuotoisella juhlakirjalla. Seuran talous ei kuitenkaan mahdollista kovin laajan julkaisun kustantamista. Aluksi kartoitamme, l\u00f6ytyisik\u00f6 vapaaehtoista ja seuran historiasta kiinnostunutta kyn\u00e4niekkaa seuran 75-vuotishistoriikkia tekem\u00e4\u00e4n. Seura ei voi t\u00e4ss\u00e4 vaiheessa vaivan palkaksi luvata muuta kuin &hellip; L\u00f6ytyyk\u00f6 seurasta historiikin kirjoittajaa? Lue lis\u00e4\u00e4 &raquo;\" \/>\n<meta property=\"og:url\" content=\"https:\/\/kivennapaseura.fi\/?p=2511\" \/>\n<meta property=\"og:site_name\" content=\"Kivennapaseura\" \/>\n<meta property=\"article:published_time\" content=\"2017-01-22T15:13:59+00:00\" \/>\n<meta property=\"article:modified_time\" content=\"2023-04-14T12:56:03+00:00\" \/>\n<meta property=\"og:image\" content=\"http:\/\/kivennapaseura.fi\/wp-content\/uploads\/2017\/01\/Kivennapaseura_sekalaiset_0016.jpg\" \/>\n\t<meta property=\"og:image:width\" content=\"3539\" \/>\n\t<meta property=\"og:image:height\" content=\"2358\" \/>\n\t<meta property=\"og:image:type\" content=\"image\/jpeg\" \/>\n<meta name=\"twitter:card\" content=\"summary_large_image\" \/>\n<meta name=\"twitter:label1\" content=\"Kirjoittanut\" \/>\n\t<meta name=\"twitter:data1\" content=\"Raija Levo\" \/>\n\t<meta name=\"twitter:label2\" content=\"Arvioitu lukuaika\" \/>\n\t<meta name=\"twitter:data2\" content=\"1 minuutti\" \/>\n<script type=\"application\/ld+json\" class=\"yoast-schema-graph\">{\"@context\":\"https:\/\/schema.org\",\"@graph\":[{\"@type\":\"WebSite\",\"@id\":\"https:\/\/kivennapaseura.fi\/#website\",\"url\":\"https:\/\/kivennapaseura.fi\/\",\"name\":\"Kivennapaseura\",\"description\":\"Kivennapaseuran kotisivut\",\"potentialAction\":[{\"@type\":\"SearchAction\",\"target\":{\"@type\":\"EntryPoint\",\"urlTemplate\":\"https:\/\/kivennapaseura.fi\/?s={search_term_string}\"},\"query-input\":\"required name=search_term_string\"}],\"inLanguage\":\"fi\"},{\"@type\":\"ImageObject\",\"inLanguage\":\"fi\",\"@id\":\"https:\/\/kivennapaseura.fi\/?p=2511#primaryimage\",\"url\":\"https:\/\/kivennapaseura.fi\/wp-content\/uploads\/2017\/01\/Kivennapaseura_sekalaiset_0016.jpg\",\"contentUrl\":\"https:\/\/kivennapaseura.fi\/wp-content\/uploads\/2017\/01\/Kivennapaseura_sekalaiset_0016.jpg\",\"width\":3539,\"height\":2358},{\"@type\":\"WebPage\",\"@id\":\"https:\/\/kivennapaseura.fi\/?p=2511#webpage\",\"url\":\"https:\/\/kivennapaseura.fi\/?p=2511\",\"name\":\"L\u00f6ytyyk\u00f6 seurasta historiikin kirjoittajaa? - Kivennapaseura\",\"isPartOf\":{\"@id\":\"https:\/\/kivennapaseura.fi\/#website\"},\"primaryImageOfPage\":{\"@id\":\"https:\/\/kivennapaseura.fi\/?p=2511#primaryimage\"},\"datePublished\":\"2017-01-22T15:13:59+00:00\",\"dateModified\":\"2023-04-14T12:56:03+00:00\",\"author\":{\"@id\":\"https:\/\/kivennapaseura.fi\/#\/schema\/person\/64a3e4704e91e7f95cf2e9ddccd58b43\"},\"breadcrumb\":{\"@id\":\"https:\/\/kivennapaseura.fi\/?p=2511#breadcrumb\"},\"inLanguage\":\"fi\",\"potentialAction\":[{\"@type\":\"ReadAction\",\"target\":[\"https:\/\/kivennapaseura.fi\/?p=2511\"]}]},{\"@type\":\"BreadcrumbList\",\"@id\":\"https:\/\/kivennapaseura.fi\/?p=2511#breadcrumb\",\"itemListElement\":[{\"@type\":\"ListItem\",\"position\":1,\"name\":\"Etusivu\",\"item\":\"https:\/\/kivennapaseura.fi\/\"},{\"@type\":\"ListItem\",\"position\":2,\"name\":\"L\u00f6ytyyk\u00f6 seurasta historiikin kirjoittajaa?\"}]},{\"@type\":\"Person\",\"@id\":\"https:\/\/kivennapaseura.fi\/#\/schema\/person\/64a3e4704e91e7f95cf2e9ddccd58b43\",\"name\":\"Raija Levo\",\"image\":{\"@type\":\"ImageObject\",\"inLanguage\":\"fi\",\"@id\":\"https:\/\/kivennapaseura.fi\/#\/schema\/person\/image\/\",\"url\":\"https:\/\/secure.gravatar.com\/avatar\/5fd940d19b0e3e8e81a679351c16347e?s=96&d=mm&r=g\",\"contentUrl\":\"https:\/\/secure.gravatar.com\/avatar\/5fd940d19b0e3e8e81a679351c16347e?s=96&d=mm&r=g\",\"caption\":\"Raija Levo\"},\"sameAs\":[\"http:\/\/www.kivennapaseura.fi\"],\"url\":\"https:\/\/kivennapaseura.fi\/?author=4\"}]}<\/script>\n<!-- \/ Yoast SEO plugin. -->","yoast_head_json":{"title":"L\u00f6ytyyk\u00f6 seurasta historiikin kirjoittajaa? - Kivennapaseura","robots":{"index":"index","follow":"follow","max-snippet":"max-snippet:-1","max-image-preview":"max-image-preview:large","max-video-preview":"max-video-preview:-1"},"canonical":"https:\/\/kivennapaseura.fi\/?p=2511","og_locale":"fi_FI","og_type":"article","og_title":"L\u00f6ytyyk\u00f6 seurasta historiikin kirjoittajaa? - Kivennapaseura","og_description":"Kivennapaseura saavuttaa reilun viiden vuoden p\u00e4\u00e4st\u00e4 aikuisen i\u00e4n &#8211; 75 vuotta. Seuran kaavailuissa on ollut juhlistaa tapahtumaa jonkin muotoisella historiikilla, mahdollisesti jopa pienimuotoisella juhlakirjalla. Seuran talous ei kuitenkaan mahdollista kovin laajan julkaisun kustantamista. Aluksi kartoitamme, l\u00f6ytyisik\u00f6 vapaaehtoista ja seuran historiasta kiinnostunutta kyn\u00e4niekkaa seuran 75-vuotishistoriikkia tekem\u00e4\u00e4n. Seura ei voi t\u00e4ss\u00e4 vaiheessa vaivan palkaksi luvata muuta kuin &hellip; L\u00f6ytyyk\u00f6 seurasta historiikin kirjoittajaa? Lue lis\u00e4\u00e4 &raquo;","og_url":"https:\/\/kivennapaseura.fi\/?p=2511","og_site_name":"Kivennapaseura","article_published_time":"2017-01-22T15:13:59+00:00","article_modified_time":"2023-04-14T12:56:03+00:00","og_image":[{"width":3539,"height":2358,"url":"http:\/\/kivennapaseura.fi\/wp-content\/uploads\/2017\/01\/Kivennapaseura_sekalaiset_0016.jpg","type":"image\/jpeg"}],"twitter_card":"summary_large_image","twitter_misc":{"Kirjoittanut":"Raija Levo","Arvioitu lukuaika":"1 minuutti"},"schema":{"@context":"https:\/\/schema.org","@graph":[{"@type":"WebSite","@id":"https:\/\/kivennapaseura.fi\/#website","url":"https:\/\/kivennapaseura.fi\/","name":"Kivennapaseura","description":"Kivennapaseuran kotisivut","potentialAction":[{"@type":"SearchAction","target":{"@type":"EntryPoint","urlTemplate":"https:\/\/kivennapaseura.fi\/?s={search_term_string}"},"query-input":"required name=search_term_string"}],"inLanguage":"fi"},{"@type":"ImageObject","inLanguage":"fi","@id":"https:\/\/kivennapaseura.fi\/?p=2511#primaryimage","url":"https:\/\/kivennapaseura.fi\/wp-content\/uploads\/2017\/01\/Kivennapaseura_sekalaiset_0016.jpg","contentUrl":"https:\/\/kivennapaseura.fi\/wp-content\/uploads\/2017\/01\/Kivennapaseura_sekalaiset_0016.jpg","width":3539,"height":2358},{"@type":"WebPage","@id":"https:\/\/kivennapaseura.fi\/?p=2511#webpage","url":"https:\/\/kivennapaseura.fi\/?p=2511","name":"L\u00f6ytyyk\u00f6 seurasta historiikin kirjoittajaa? - Kivennapaseura","isPartOf":{"@id":"https:\/\/kivennapaseura.fi\/#website"},"primaryImageOfPage":{"@id":"https:\/\/kivennapaseura.fi\/?p=2511#primaryimage"},"datePublished":"2017-01-22T15:13:59+00:00","dateModified":"2023-04-14T12:56:03+00:00","author":{"@id":"https:\/\/kivennapaseura.fi\/#\/schema\/person\/64a3e4704e91e7f95cf2e9ddccd58b43"},"breadcrumb":{"@id":"https:\/\/kivennapaseura.fi\/?p=2511#breadcrumb"},"inLanguage":"fi","potentialAction":[{"@type":"ReadAction","target":["https:\/\/kivennapaseura.fi\/?p=2511"]}]},{"@type":"BreadcrumbList","@id":"https:\/\/kivennapaseura.fi\/?p=2511#breadcrumb","itemListElement":[{"@type":"ListItem","position":1,"name":"Etusivu","item":"https:\/\/kivennapaseura.fi\/"},{"@type":"ListItem","position":2,"name":"L\u00f6ytyyk\u00f6 seurasta historiikin kirjoittajaa?"}]},{"@type":"Person","@id":"https:\/\/kivennapaseura.fi\/#\/schema\/person\/64a3e4704e91e7f95cf2e9ddccd58b43","name":"Raija Levo","image":{"@type":"ImageObject","inLanguage":"fi","@id":"https:\/\/kivennapaseura.fi\/#\/schema\/person\/image\/","url":"https:\/\/secure.gravatar.com\/avatar\/5fd940d19b0e3e8e81a679351c16347e?s=96&d=mm&r=g","contentUrl":"https:\/\/secure.gravatar.com\/avatar\/5fd940d19b0e3e8e81a679351c16347e?s=96&d=mm&r=g","caption":"Raija Levo"},"sameAs":["http:\/\/www.kivennapaseura.fi"],"url":"https:\/\/kivennapaseura.fi\/?author=4"}]}},"_links":{"self":[{"href":"https:\/\/kivennapaseura.fi\/index.php?rest_route=\/wp\/v2\/posts\/2511"}],"collection":[{"href":"https:\/\/kivennapaseura.fi\/index.php?rest_route=\/wp\/v2\/posts"}],"about":[{"href":"https:\/\/kivennapaseura.fi\/index.php?rest_route=\/wp\/v2\/types\/post"}],"author":[{"embeddable":true,"href":"https:\/\/kivennapaseura.fi\/index.php?rest_route=\/wp\/v2\/users\/4"}],"replies":[{"embeddable":true,"href":"https:\/\/kivennapaseura.fi\/index.php?rest_route=%2Fwp%2Fv2%2Fcomments&post=2511"}],"version-history":[{"count":1,"href":"https:\/\/kivennapaseura.fi\/index.php?rest_route=\/wp\/v2\/posts\/2511\/revisions"}],"predecessor-version":[{"id":4682,"href":"https:\/\/kivennapaseura.fi\/index.php?rest_route=\/wp\/v2\/posts\/2511\/revisions\/4682"}],"wp:featuredmedia":[{"embeddable":true,"href":"https:\/\/kivennapaseura.fi\/index.php?rest_route=\/wp\/v2\/media\/2512"}],"wp:attachment":[{"href":"https:\/\/kivennapaseura.fi\/index.php?rest_route=%2Fwp%2Fv2%2Fmedia&parent=2511"}],"wp:term":[{"taxonomy":"category","embeddable":true,"href":"https:\/\/kivennapaseura.fi\/index.php?rest_route=%2Fwp%2Fv2%2Fcategories&post=2511"},{"taxonomy":"post_tag","embeddable":true,"href":"https:\/\/kivennapaseura.fi\/index.php?rest_route=%2Fwp%2Fv2%2Ftags&post=2511"}],"curies":[{"name":"wp","href":"https:\/\/api.w.org\/{rel}","templated":true}]}}