{"id":4098,"date":"2022-03-14T17:37:16","date_gmt":"2022-03-14T15:37:16","guid":{"rendered":"https:\/\/kivennapaseura.fi\/?p=4098"},"modified":"2023-01-23T18:51:50","modified_gmt":"2023-01-23T16:51:50","slug":"kivennavan-kylat-esittelyssa-seuran-facebook-sivuilla","status":"publish","type":"post","link":"https:\/\/kivennapaseura.fi\/?p=4098","title":{"rendered":"Kivennavan kyl\u00e4t esittelyss\u00e4 seuran Facebook-sivuilla"},"content":{"rendered":"\n<p>Joko seuraat&nbsp;Kivennapaseuraa Facebookissa? Kivennapaseuran Facebook-sivuilla on meneill\u00e4\u00e4n mielenkiintoinen esittelysarja. Siell\u00e4 esitt\u00e4ytyv\u00e4t Kivennavan kyl\u00e4t. Kivennavalla oli ennen sotia 50 kyl\u00e4\u00e4, ja koska vuodessa on 52 viikkoa, syttyi seuran Facebook-sivujen yll\u00e4pit\u00e4j\u00e4 Raija Levon p\u00e4\u00e4ss\u00e4 idea esitell\u00e4 noin viikon v\u00e4lein lyhyesti kaikki Kivennavan kyl\u00e4t vuoden 2022 aikana.<br><br>Sarja alkoi Ahj\u00e4rven esittelyll\u00e4 ja kierros jatkuu kyl\u00e4 kyl\u00e4lt\u00e4 ja kirjan kirjaimelta. Kierrokselle ehtii hyvin mukaan. K\u00e4y tykk\u00e4\u00e4m\u00e4ss\u00e4 ja liity seuraajien joukkoon. P\u00e4\u00e4set my\u00f6s kommentoimaan esittelyj\u00e4.<br><\/p>\n\n\n\n<figure class=\"wp-block-image size-large\"><a href=\"http:\/\/kivennapaseura.fi\/wp-content\/uploads\/2022\/03\/Kivennapaseuran_Facebook_sivut.jpg\"><img loading=\"lazy\" width=\"510\" height=\"259\" src=\"http:\/\/kivennapaseura.fi\/wp-content\/uploads\/2022\/03\/Kivennapaseuran_Facebook_sivut-510x259.jpg\" alt=\"Vanha kuva, jossa on paljon ihmisi\u00e4 k\u00e4velem\u00e4ss\u00e4. Kivennapaseuran Facebook-kansikuva.\" class=\"wp-image-5057\" srcset=\"https:\/\/kivennapaseura.fi\/wp-content\/uploads\/2022\/03\/Kivennapaseuran_Facebook_sivut-510x259.jpg 510w, https:\/\/kivennapaseura.fi\/wp-content\/uploads\/2022\/03\/Kivennapaseuran_Facebook_sivut-300x153.jpg 300w, https:\/\/kivennapaseura.fi\/wp-content\/uploads\/2022\/03\/Kivennapaseuran_Facebook_sivut.jpg 600w\" sizes=\"(max-width: 510px) 100vw, 510px\" \/><\/a><figcaption><em>Kivennapaseuran Facebook-sivujen kansikuva.<\/em><\/figcaption><\/figure>\n\n\n\n<p>Tervetuloa joukkoon!<br>&#8211; <a href=\"https:\/\/www.facebook.com\/Kivennapaseura\">Kivennapaseura Facebookissa<\/a><br><br><em>Julkaistu 14.2.2022<\/em><br><em>Toimittaja ja julkaisija: Riitta Taarasti<\/em><\/p>\n\n\n\n<h6>Asiasanat<\/h6>\n\n\n<div class=\"taxonomy-post_tag wp-block-post-terms\"><a href=\"https:\/\/kivennapaseura.fi\/?tag=esittelyt\" rel=\"tag\">esittelyt<\/a><span class=\"wp-block-post-terms__separator\">, <\/span><a href=\"https:\/\/kivennapaseura.fi\/?tag=facebook\" rel=\"tag\">Facebook<\/a><span class=\"wp-block-post-terms__separator\">, <\/span><a href=\"https:\/\/kivennapaseura.fi\/?tag=kivennapa\" rel=\"tag\">Kivennapa<\/a><span class=\"wp-block-post-terms__separator\">, <\/span><a href=\"https:\/\/kivennapaseura.fi\/?tag=kylat\" rel=\"tag\">kyl\u00e4t<\/a><span class=\"wp-block-post-terms__separator\">, <\/span><a href=\"https:\/\/kivennapaseura.fi\/?tag=levo-raija\" rel=\"tag\">Levo Raija<\/a><\/div>","protected":false},"excerpt":{"rendered":"<p>Joko seuraat&nbsp;Kivennapaseuraa Facebookissa? Kivennapaseuran Facebook-sivuilla on meneill\u00e4\u00e4n mielenkiintoinen esittelysarja. Siell\u00e4 esitt\u00e4ytyv\u00e4t Kivennavan kyl\u00e4t. Kivennavalla oli ennen sotia 50 kyl\u00e4\u00e4, ja koska vuodessa on 52 viikkoa, syttyi seuran Facebook-sivujen yll\u00e4pit\u00e4j\u00e4 Raija Levon p\u00e4\u00e4ss\u00e4 idea esitell\u00e4 noin viikon v\u00e4lein lyhyesti kaikki Kivennavan kyl\u00e4t vuoden 2022 aikana. Sarja alkoi Ahj\u00e4rven esittelyll\u00e4 ja kierros jatkuu kyl\u00e4 kyl\u00e4lt\u00e4 ja kirjan &hellip;<\/p>\n<p class=\"read-more\"> <a class=\"\" href=\"https:\/\/kivennapaseura.fi\/?p=4098\"> <span class=\"screen-reader-text\">Kivennavan kyl\u00e4t esittelyss\u00e4 seuran Facebook-sivuilla<\/span> Lue lis\u00e4\u00e4 &raquo;<\/a><\/p>\n","protected":false},"author":7,"featured_media":5057,"comment_status":"closed","ping_status":"closed","sticky":false,"template":"","format":"standard","meta":{"site-sidebar-layout":"default","site-content-layout":"default","ast-global-header-display":"","ast-main-header-display":"","ast-hfb-above-header-display":"","ast-hfb-below-header-display":"","ast-hfb-mobile-header-display":"","site-post-title":"","ast-breadcrumbs-content":"","ast-featured-img":"disabled","footer-sml-layout":"","theme-transparent-header-meta":"","adv-header-id-meta":"","stick-header-meta":"","header-above-stick-meta":"","header-main-stick-meta":"","header-below-stick-meta":""},"categories":[130],"tags":[111,108,17,109,110],"yoast_head":"<!-- This site is optimized with the Yoast SEO plugin v18.8 - https:\/\/yoast.com\/wordpress\/plugins\/seo\/ -->\n<title>Kivennavan kyl\u00e4t esittelyss\u00e4 seuran Facebook-sivuilla - Kivennapaseura<\/title>\n<meta name=\"description\" content=\"Joko seuraat\u00a0Kivennapaseuraa Facebookissa? Kivennapaseuran Facebook-sivuilla on meneill\u00e4\u00e4n Kivennavan kyl\u00e4t -esittelysarja!\" \/>\n<meta name=\"robots\" content=\"index, follow, max-snippet:-1, max-image-preview:large, max-video-preview:-1\" \/>\n<link rel=\"canonical\" href=\"https:\/\/kivennapaseura.fi\/?p=4098\" \/>\n<meta property=\"og:locale\" content=\"fi_FI\" \/>\n<meta property=\"og:type\" content=\"article\" \/>\n<meta property=\"og:title\" content=\"Kivennavan kyl\u00e4t esittelyss\u00e4 seuran Facebook-sivuilla - Kivennapaseura\" \/>\n<meta property=\"og:description\" content=\"Joko seuraat\u00a0Kivennapaseuraa Facebookissa? Kivennapaseuran Facebook-sivuilla on meneill\u00e4\u00e4n Kivennavan kyl\u00e4t -esittelysarja!\" \/>\n<meta property=\"og:url\" content=\"https:\/\/kivennapaseura.fi\/?p=4098\" \/>\n<meta property=\"og:site_name\" content=\"Kivennapaseura\" \/>\n<meta property=\"article:published_time\" content=\"2022-03-14T15:37:16+00:00\" \/>\n<meta property=\"article:modified_time\" content=\"2023-01-23T16:51:50+00:00\" \/>\n<meta property=\"og:image\" content=\"http:\/\/kivennapaseura.fi\/wp-content\/uploads\/2022\/03\/Kivennapaseuran_Facebook_sivut.jpg\" \/>\n\t<meta property=\"og:image:width\" content=\"600\" \/>\n\t<meta property=\"og:image:height\" content=\"305\" \/>\n\t<meta property=\"og:image:type\" content=\"image\/jpeg\" \/>\n<meta name=\"twitter:card\" content=\"summary_large_image\" \/>\n<meta name=\"twitter:image\" content=\"https:\/\/kivennapaseura.fi\/wp-content\/uploads\/2022\/03\/Kivennapaseuran_Facebook_sivut.jpg\" \/>\n<meta name=\"twitter:label1\" content=\"Kirjoittanut\" \/>\n\t<meta name=\"twitter:data1\" content=\"Riitta Taarasti\" \/>\n\t<meta name=\"twitter:label2\" content=\"Arvioitu lukuaika\" \/>\n\t<meta name=\"twitter:data2\" content=\"1 minuutti\" \/>\n<script type=\"application\/ld+json\" class=\"yoast-schema-graph\">{\"@context\":\"https:\/\/schema.org\",\"@graph\":[{\"@type\":\"WebSite\",\"@id\":\"https:\/\/kivennapaseura.fi\/#website\",\"url\":\"https:\/\/kivennapaseura.fi\/\",\"name\":\"Kivennapaseura\",\"description\":\"Kivennapaseuran kotisivut\",\"potentialAction\":[{\"@type\":\"SearchAction\",\"target\":{\"@type\":\"EntryPoint\",\"urlTemplate\":\"https:\/\/kivennapaseura.fi\/?s={search_term_string}\"},\"query-input\":\"required name=search_term_string\"}],\"inLanguage\":\"fi\"},{\"@type\":\"ImageObject\",\"inLanguage\":\"fi\",\"@id\":\"https:\/\/kivennapaseura.fi\/?p=4098#primaryimage\",\"url\":\"https:\/\/kivennapaseura.fi\/wp-content\/uploads\/2022\/03\/Kivennapaseuran_Facebook_sivut.jpg\",\"contentUrl\":\"https:\/\/kivennapaseura.fi\/wp-content\/uploads\/2022\/03\/Kivennapaseuran_Facebook_sivut.jpg\",\"width\":600,\"height\":305,\"caption\":\"Vanha kuva, jossa on paljon ihmisi\u00e4 k\u00e4velem\u00e4ss\u00e4. Kivennapaseuran Facebook-kansikuva.\"},{\"@type\":\"WebPage\",\"@id\":\"https:\/\/kivennapaseura.fi\/?p=4098#webpage\",\"url\":\"https:\/\/kivennapaseura.fi\/?p=4098\",\"name\":\"Kivennavan kyl\u00e4t esittelyss\u00e4 seuran Facebook-sivuilla - Kivennapaseura\",\"isPartOf\":{\"@id\":\"https:\/\/kivennapaseura.fi\/#website\"},\"primaryImageOfPage\":{\"@id\":\"https:\/\/kivennapaseura.fi\/?p=4098#primaryimage\"},\"datePublished\":\"2022-03-14T15:37:16+00:00\",\"dateModified\":\"2023-01-23T16:51:50+00:00\",\"author\":{\"@id\":\"https:\/\/kivennapaseura.fi\/#\/schema\/person\/2c20136aecc32ddceb55e631be265d56\"},\"description\":\"Joko seuraat\u00a0Kivennapaseuraa Facebookissa? Kivennapaseuran Facebook-sivuilla on meneill\u00e4\u00e4n Kivennavan kyl\u00e4t -esittelysarja!\",\"breadcrumb\":{\"@id\":\"https:\/\/kivennapaseura.fi\/?p=4098#breadcrumb\"},\"inLanguage\":\"fi\",\"potentialAction\":[{\"@type\":\"ReadAction\",\"target\":[\"https:\/\/kivennapaseura.fi\/?p=4098\"]}]},{\"@type\":\"BreadcrumbList\",\"@id\":\"https:\/\/kivennapaseura.fi\/?p=4098#breadcrumb\",\"itemListElement\":[{\"@type\":\"ListItem\",\"position\":1,\"name\":\"Etusivu\",\"item\":\"https:\/\/kivennapaseura.fi\/\"},{\"@type\":\"ListItem\",\"position\":2,\"name\":\"Kivennavan kyl\u00e4t esittelyss\u00e4 seuran Facebook-sivuilla\"}]},{\"@type\":\"Person\",\"@id\":\"https:\/\/kivennapaseura.fi\/#\/schema\/person\/2c20136aecc32ddceb55e631be265d56\",\"name\":\"Riitta Taarasti\",\"image\":{\"@type\":\"ImageObject\",\"inLanguage\":\"fi\",\"@id\":\"https:\/\/kivennapaseura.fi\/#\/schema\/person\/image\/\",\"url\":\"https:\/\/secure.gravatar.com\/avatar\/5e780fda4bde16bb4fafbb9386e51ecc?s=96&d=mm&r=g\",\"contentUrl\":\"https:\/\/secure.gravatar.com\/avatar\/5e780fda4bde16bb4fafbb9386e51ecc?s=96&d=mm&r=g\",\"caption\":\"Riitta Taarasti\"},\"url\":\"https:\/\/kivennapaseura.fi\/?author=7\"}]}<\/script>\n<!-- \/ Yoast SEO plugin. -->","yoast_head_json":{"title":"Kivennavan kyl\u00e4t esittelyss\u00e4 seuran Facebook-sivuilla - Kivennapaseura","description":"Joko seuraat\u00a0Kivennapaseuraa Facebookissa? Kivennapaseuran Facebook-sivuilla on meneill\u00e4\u00e4n Kivennavan kyl\u00e4t -esittelysarja!","robots":{"index":"index","follow":"follow","max-snippet":"max-snippet:-1","max-image-preview":"max-image-preview:large","max-video-preview":"max-video-preview:-1"},"canonical":"https:\/\/kivennapaseura.fi\/?p=4098","og_locale":"fi_FI","og_type":"article","og_title":"Kivennavan kyl\u00e4t esittelyss\u00e4 seuran Facebook-sivuilla - Kivennapaseura","og_description":"Joko seuraat\u00a0Kivennapaseuraa Facebookissa? Kivennapaseuran Facebook-sivuilla on meneill\u00e4\u00e4n Kivennavan kyl\u00e4t -esittelysarja!","og_url":"https:\/\/kivennapaseura.fi\/?p=4098","og_site_name":"Kivennapaseura","article_published_time":"2022-03-14T15:37:16+00:00","article_modified_time":"2023-01-23T16:51:50+00:00","og_image":[{"width":600,"height":305,"url":"http:\/\/kivennapaseura.fi\/wp-content\/uploads\/2022\/03\/Kivennapaseuran_Facebook_sivut.jpg","type":"image\/jpeg"}],"twitter_card":"summary_large_image","twitter_image":"https:\/\/kivennapaseura.fi\/wp-content\/uploads\/2022\/03\/Kivennapaseuran_Facebook_sivut.jpg","twitter_misc":{"Kirjoittanut":"Riitta Taarasti","Arvioitu lukuaika":"1 minuutti"},"schema":{"@context":"https:\/\/schema.org","@graph":[{"@type":"WebSite","@id":"https:\/\/kivennapaseura.fi\/#website","url":"https:\/\/kivennapaseura.fi\/","name":"Kivennapaseura","description":"Kivennapaseuran kotisivut","potentialAction":[{"@type":"SearchAction","target":{"@type":"EntryPoint","urlTemplate":"https:\/\/kivennapaseura.fi\/?s={search_term_string}"},"query-input":"required name=search_term_string"}],"inLanguage":"fi"},{"@type":"ImageObject","inLanguage":"fi","@id":"https:\/\/kivennapaseura.fi\/?p=4098#primaryimage","url":"https:\/\/kivennapaseura.fi\/wp-content\/uploads\/2022\/03\/Kivennapaseuran_Facebook_sivut.jpg","contentUrl":"https:\/\/kivennapaseura.fi\/wp-content\/uploads\/2022\/03\/Kivennapaseuran_Facebook_sivut.jpg","width":600,"height":305,"caption":"Vanha kuva, jossa on paljon ihmisi\u00e4 k\u00e4velem\u00e4ss\u00e4. Kivennapaseuran Facebook-kansikuva."},{"@type":"WebPage","@id":"https:\/\/kivennapaseura.fi\/?p=4098#webpage","url":"https:\/\/kivennapaseura.fi\/?p=4098","name":"Kivennavan kyl\u00e4t esittelyss\u00e4 seuran Facebook-sivuilla - Kivennapaseura","isPartOf":{"@id":"https:\/\/kivennapaseura.fi\/#website"},"primaryImageOfPage":{"@id":"https:\/\/kivennapaseura.fi\/?p=4098#primaryimage"},"datePublished":"2022-03-14T15:37:16+00:00","dateModified":"2023-01-23T16:51:50+00:00","author":{"@id":"https:\/\/kivennapaseura.fi\/#\/schema\/person\/2c20136aecc32ddceb55e631be265d56"},"description":"Joko seuraat\u00a0Kivennapaseuraa Facebookissa? Kivennapaseuran Facebook-sivuilla on meneill\u00e4\u00e4n Kivennavan kyl\u00e4t -esittelysarja!","breadcrumb":{"@id":"https:\/\/kivennapaseura.fi\/?p=4098#breadcrumb"},"inLanguage":"fi","potentialAction":[{"@type":"ReadAction","target":["https:\/\/kivennapaseura.fi\/?p=4098"]}]},{"@type":"BreadcrumbList","@id":"https:\/\/kivennapaseura.fi\/?p=4098#breadcrumb","itemListElement":[{"@type":"ListItem","position":1,"name":"Etusivu","item":"https:\/\/kivennapaseura.fi\/"},{"@type":"ListItem","position":2,"name":"Kivennavan kyl\u00e4t esittelyss\u00e4 seuran Facebook-sivuilla"}]},{"@type":"Person","@id":"https:\/\/kivennapaseura.fi\/#\/schema\/person\/2c20136aecc32ddceb55e631be265d56","name":"Riitta Taarasti","image":{"@type":"ImageObject","inLanguage":"fi","@id":"https:\/\/kivennapaseura.fi\/#\/schema\/person\/image\/","url":"https:\/\/secure.gravatar.com\/avatar\/5e780fda4bde16bb4fafbb9386e51ecc?s=96&d=mm&r=g","contentUrl":"https:\/\/secure.gravatar.com\/avatar\/5e780fda4bde16bb4fafbb9386e51ecc?s=96&d=mm&r=g","caption":"Riitta Taarasti"},"url":"https:\/\/kivennapaseura.fi\/?author=7"}]}},"_links":{"self":[{"href":"https:\/\/kivennapaseura.fi\/index.php?rest_route=\/wp\/v2\/posts\/4098"}],"collection":[{"href":"https:\/\/kivennapaseura.fi\/index.php?rest_route=\/wp\/v2\/posts"}],"about":[{"href":"https:\/\/kivennapaseura.fi\/index.php?rest_route=\/wp\/v2\/types\/post"}],"author":[{"embeddable":true,"href":"https:\/\/kivennapaseura.fi\/index.php?rest_route=\/wp\/v2\/users\/7"}],"replies":[{"embeddable":true,"href":"https:\/\/kivennapaseura.fi\/index.php?rest_route=%2Fwp%2Fv2%2Fcomments&post=4098"}],"version-history":[{"count":8,"href":"https:\/\/kivennapaseura.fi\/index.php?rest_route=\/wp\/v2\/posts\/4098\/revisions"}],"predecessor-version":[{"id":5587,"href":"https:\/\/kivennapaseura.fi\/index.php?rest_route=\/wp\/v2\/posts\/4098\/revisions\/5587"}],"wp:featuredmedia":[{"embeddable":true,"href":"https:\/\/kivennapaseura.fi\/index.php?rest_route=\/wp\/v2\/media\/5057"}],"wp:attachment":[{"href":"https:\/\/kivennapaseura.fi\/index.php?rest_route=%2Fwp%2Fv2%2Fmedia&parent=4098"}],"wp:term":[{"taxonomy":"category","embeddable":true,"href":"https:\/\/kivennapaseura.fi\/index.php?rest_route=%2Fwp%2Fv2%2Fcategories&post=4098"},{"taxonomy":"post_tag","embeddable":true,"href":"https:\/\/kivennapaseura.fi\/index.php?rest_route=%2Fwp%2Fv2%2Ftags&post=4098"}],"curies":[{"name":"wp","href":"https:\/\/api.w.org\/{rel}","templated":true}]}}