{"id":4124,"date":"2022-03-25T09:33:16","date_gmt":"2022-03-25T07:33:16","guid":{"rendered":"https:\/\/kivennapaseura.fi\/?p=4124"},"modified":"2023-01-23T18:42:28","modified_gmt":"2023-01-23T16:42:28","slug":"ilmoittaudu-mukaan-raivolan-ja-ahjarven-esittelyjen-etatilaisuuksiin","status":"publish","type":"post","link":"https:\/\/kivennapaseura.fi\/?p=4124","title":{"rendered":"Ilmoittaudu mukaan Raivolan ja Ahj\u00e4rven esittelyjen et\u00e4tilaisuuksiin"},"content":{"rendered":"\n<p><strong>Nyt kalenterit esiin ja ilmoittautumaan Kivennavan kylien esittelytilaisuuksiin. Niihin p\u00e4\u00e4see mukaan n\u00e4pp\u00e4r\u00e4sti omilta kotisohvilta et\u00e4yhteyksien kautta.&nbsp;Ensimm\u00e4isen\u00e4 kylist\u00e4 esitt\u00e4ytyv\u00e4t Raivola ja Ahj\u00e4rvi.<\/strong><br><br><strong>Raivola ke 30.3.2022&nbsp;klo 18<\/strong><br>Ensimm\u00e4isess\u00e4 et\u00e4tilaisuudessa Harri Bister esittelee Raivolan historiaa, kulttuuria, sukuja ja elinkeinotoimintaa.&nbsp;<br>Ilmoittaudu mukaan ma 28.3. menness\u00e4 suoraan luennoitsijalle osoitteeseen harri.bister15(at)gmail.com.&nbsp;<br><br><strong>Ahj\u00e4rvi ke 20.4.2022<\/strong> <strong>klo 18<\/strong><br>Kev\u00e4\u00e4n toisessa et\u00e4tilaisuudessa p\u00e4\u00e4semme tutustumaan Ahj\u00e4rveen, jonka esittelee Markku Henttinen.<br>Ilmoittaudu mukaan pe 15.4. menness\u00e4 suoraan luennoitsijalle osoitteeseen markku.henttinen(at)kolumbus.fi.<br><br>Ilmoittautuneille l\u00e4hetet\u00e4\u00e4n osallistumislinkit.<\/p>\n\n\n\n<figure class=\"wp-block-image size-large\"><a href=\"http:\/\/kivennapaseura.fi\/wp-content\/uploads\/2022\/03\/Silta_Raivolassa.jpg\"><img loading=\"lazy\" width=\"510\" height=\"334\" src=\"http:\/\/kivennapaseura.fi\/wp-content\/uploads\/2022\/03\/Silta_Raivolassa-510x334.jpg\" alt=\"Silta vesist\u00f6n yli vanhassa kuvassa.\" class=\"wp-image-5092\" srcset=\"https:\/\/kivennapaseura.fi\/wp-content\/uploads\/2022\/03\/Silta_Raivolassa-510x334.jpg 510w, https:\/\/kivennapaseura.fi\/wp-content\/uploads\/2022\/03\/Silta_Raivolassa-300x197.jpg 300w, https:\/\/kivennapaseura.fi\/wp-content\/uploads\/2022\/03\/Silta_Raivolassa-768x503.jpg 768w, https:\/\/kivennapaseura.fi\/wp-content\/uploads\/2022\/03\/Silta_Raivolassa.jpg 1200w\" sizes=\"(max-width: 510px) 100vw, 510px\" \/><\/a><figcaption><em>Silta Raivolassa. Museovirasto. Historian kuvakokoelma \/ Karjalan Liiton kokoelma.<\/em><\/figcaption><\/figure>\n\n\n\n<p><br>Kyl\u00e4esittelytilaisuuksia on tulossa lis\u00e4\u00e4. Niist\u00e4 tiedotamme Kivennapaseuran kotisivuilla ja some-kanavissamme. Tervetuloa kuulemaan ja keskustelemaan!<br><br>Vinkkin\u00e4 my\u00f6s:<br>&#8211; <a href=\"https:\/\/www.karjalanliitto.fi\/karjalan-liitto\/karjalan-liiton-toiminta\/tallenteet\/pitajaesittelyt.html\">Karjalan Liiton pit\u00e4j\u00e4esittelyj\u00e4 videoina<\/a> <br>&#8211; <a data-type=\"URL\" data-id=\"https:\/\/www.youtube.com\/watch?v=qOl3oXCWo5M\" href=\"https:\/\/www.youtube.com\/watch?v=qOl3oXCWo5M\">Kivennavasta 10.2.2022 pidetty pit\u00e4j\u00e4esittelyvideo YouTubessa<\/a><br><br><em>Julkaistu 25.3.2022<\/em><br><em>Toimittaja ja julkaisija: Riitta Taarasti<\/em><\/p>\n\n\n\n<h6>Asiasanat<\/h6>\n\n\n<div class=\"taxonomy-post_tag wp-block-post-terms\"><a href=\"https:\/\/kivennapaseura.fi\/?tag=ahjarvi\" rel=\"tag\">Ahj\u00e4rvi<\/a><span class=\"wp-block-post-terms__separator\">, <\/span><a href=\"https:\/\/kivennapaseura.fi\/?tag=bister-harri\" rel=\"tag\">Bister Harri<\/a><span class=\"wp-block-post-terms__separator\">, <\/span><a href=\"https:\/\/kivennapaseura.fi\/?tag=esittelyt\" rel=\"tag\">esittelyt<\/a><span class=\"wp-block-post-terms__separator\">, <\/span><a href=\"https:\/\/kivennapaseura.fi\/?tag=henttinen-markku\" rel=\"tag\">Henttinen Markku<\/a><span class=\"wp-block-post-terms__separator\">, <\/span><a href=\"https:\/\/kivennapaseura.fi\/?tag=kivennapa\" rel=\"tag\">Kivennapa<\/a><span class=\"wp-block-post-terms__separator\">, <\/span><a href=\"https:\/\/kivennapaseura.fi\/?tag=luennot\" rel=\"tag\">luennot<\/a><span class=\"wp-block-post-terms__separator\">, <\/span><a href=\"https:\/\/kivennapaseura.fi\/?tag=paikallishistoria\" rel=\"tag\">paikallishistoria<\/a><span class=\"wp-block-post-terms__separator\">, <\/span><a href=\"https:\/\/kivennapaseura.fi\/?tag=raivola\" rel=\"tag\">Raivola<\/a><span class=\"wp-block-post-terms__separator\">, <\/span><a href=\"https:\/\/kivennapaseura.fi\/?tag=tapahtumat\" rel=\"tag\">tapahtumat<\/a><\/div>","protected":false},"excerpt":{"rendered":"<p>Nyt kalenterit esiin ja ilmoittautumaan Kivennavan kylien esittelytilaisuuksiin. Niihin p\u00e4\u00e4see mukaan n\u00e4pp\u00e4r\u00e4sti omilta kotisohvilta et\u00e4yhteyksien kautta.&nbsp;Ensimm\u00e4isen\u00e4 kylist\u00e4 esitt\u00e4ytyv\u00e4t Raivola ja Ahj\u00e4rvi. Raivola ke 30.3.2022&nbsp;klo 18Ensimm\u00e4isess\u00e4 et\u00e4tilaisuudessa Harri Bister esittelee Raivolan historiaa, kulttuuria, sukuja ja elinkeinotoimintaa.&nbsp;Ilmoittaudu mukaan ma 28.3. menness\u00e4 suoraan luennoitsijalle osoitteeseen harri.bister15(at)gmail.com.&nbsp; Ahj\u00e4rvi ke 20.4.2022 klo 18Kev\u00e4\u00e4n toisessa et\u00e4tilaisuudessa p\u00e4\u00e4semme tutustumaan Ahj\u00e4rveen, jonka esittelee &hellip;<\/p>\n<p class=\"read-more\"> <a class=\"\" href=\"https:\/\/kivennapaseura.fi\/?p=4124\"> <span class=\"screen-reader-text\">Ilmoittaudu mukaan Raivolan ja Ahj\u00e4rven esittelyjen et\u00e4tilaisuuksiin<\/span> Lue lis\u00e4\u00e4 &raquo;<\/a><\/p>\n","protected":false},"author":7,"featured_media":5092,"comment_status":"closed","ping_status":"closed","sticky":false,"template":"","format":"standard","meta":{"site-sidebar-layout":"default","site-content-layout":"default","ast-global-header-display":"","ast-main-header-display":"","ast-hfb-above-header-display":"","ast-hfb-below-header-display":"","ast-hfb-mobile-header-display":"","site-post-title":"","ast-breadcrumbs-content":"","ast-featured-img":"disabled","footer-sml-layout":"","theme-transparent-header-meta":"","adv-header-id-meta":"","stick-header-meta":"","header-above-stick-meta":"","header-main-stick-meta":"","header-below-stick-meta":""},"categories":[130],"tags":[125,126,111,127,17,202,68,124,12],"yoast_head":"<!-- This site is optimized with the Yoast SEO plugin v18.8 - https:\/\/yoast.com\/wordpress\/plugins\/seo\/ -->\n<title>Ilmoittaudu mukaan Raivolan ja Ahj\u00e4rven esittelyjen et\u00e4tilaisuuksiin - Kivennapaseura<\/title>\n<meta name=\"description\" content=\"Ilmoittaudu mukaan Kivennavan kylien esittelytilaisuuksiin. Niihin p\u00e4\u00e4see mukaan n\u00e4pp\u00e4r\u00e4sti omilta kotisohvilta et\u00e4yhteyksien kautta.\" \/>\n<meta name=\"robots\" content=\"index, follow, max-snippet:-1, max-image-preview:large, max-video-preview:-1\" \/>\n<link rel=\"canonical\" href=\"https:\/\/kivennapaseura.fi\/?p=4124\" \/>\n<meta property=\"og:locale\" content=\"fi_FI\" \/>\n<meta property=\"og:type\" content=\"article\" \/>\n<meta property=\"og:title\" content=\"Ilmoittaudu mukaan Raivolan ja Ahj\u00e4rven esittelyjen et\u00e4tilaisuuksiin - Kivennapaseura\" \/>\n<meta property=\"og:description\" content=\"Ilmoittaudu mukaan Kivennavan kylien esittelytilaisuuksiin. Niihin p\u00e4\u00e4see mukaan n\u00e4pp\u00e4r\u00e4sti omilta kotisohvilta et\u00e4yhteyksien kautta.\" \/>\n<meta property=\"og:url\" content=\"https:\/\/kivennapaseura.fi\/?p=4124\" \/>\n<meta property=\"og:site_name\" content=\"Kivennapaseura\" \/>\n<meta property=\"article:published_time\" content=\"2022-03-25T07:33:16+00:00\" \/>\n<meta property=\"article:modified_time\" content=\"2023-01-23T16:42:28+00:00\" \/>\n<meta property=\"og:image\" content=\"http:\/\/kivennapaseura.fi\/wp-content\/uploads\/2022\/03\/Silta_Raivolassa.jpg\" \/>\n\t<meta property=\"og:image:width\" content=\"1200\" \/>\n\t<meta property=\"og:image:height\" content=\"786\" \/>\n\t<meta property=\"og:image:type\" content=\"image\/jpeg\" \/>\n<meta name=\"twitter:card\" content=\"summary_large_image\" \/>\n<meta name=\"twitter:image\" content=\"https:\/\/kivennapaseura.fi\/wp-content\/uploads\/2022\/03\/Silta_Raivolassa.jpg\" \/>\n<meta name=\"twitter:label1\" content=\"Kirjoittanut\" \/>\n\t<meta name=\"twitter:data1\" content=\"Riitta Taarasti\" \/>\n\t<meta name=\"twitter:label2\" content=\"Arvioitu lukuaika\" \/>\n\t<meta name=\"twitter:data2\" content=\"1 minuutti\" \/>\n<script type=\"application\/ld+json\" class=\"yoast-schema-graph\">{\"@context\":\"https:\/\/schema.org\",\"@graph\":[{\"@type\":\"WebSite\",\"@id\":\"https:\/\/kivennapaseura.fi\/#website\",\"url\":\"https:\/\/kivennapaseura.fi\/\",\"name\":\"Kivennapaseura\",\"description\":\"Kivennapaseuran kotisivut\",\"potentialAction\":[{\"@type\":\"SearchAction\",\"target\":{\"@type\":\"EntryPoint\",\"urlTemplate\":\"https:\/\/kivennapaseura.fi\/?s={search_term_string}\"},\"query-input\":\"required name=search_term_string\"}],\"inLanguage\":\"fi\"},{\"@type\":\"ImageObject\",\"inLanguage\":\"fi\",\"@id\":\"https:\/\/kivennapaseura.fi\/?p=4124#primaryimage\",\"url\":\"https:\/\/kivennapaseura.fi\/wp-content\/uploads\/2022\/03\/Silta_Raivolassa.jpg\",\"contentUrl\":\"https:\/\/kivennapaseura.fi\/wp-content\/uploads\/2022\/03\/Silta_Raivolassa.jpg\",\"width\":1200,\"height\":786,\"caption\":\"Silta vesist\u00f6n yli vanhassa kuvassa.\"},{\"@type\":\"WebPage\",\"@id\":\"https:\/\/kivennapaseura.fi\/?p=4124#webpage\",\"url\":\"https:\/\/kivennapaseura.fi\/?p=4124\",\"name\":\"Ilmoittaudu mukaan Raivolan ja Ahj\u00e4rven esittelyjen et\u00e4tilaisuuksiin - Kivennapaseura\",\"isPartOf\":{\"@id\":\"https:\/\/kivennapaseura.fi\/#website\"},\"primaryImageOfPage\":{\"@id\":\"https:\/\/kivennapaseura.fi\/?p=4124#primaryimage\"},\"datePublished\":\"2022-03-25T07:33:16+00:00\",\"dateModified\":\"2023-01-23T16:42:28+00:00\",\"author\":{\"@id\":\"https:\/\/kivennapaseura.fi\/#\/schema\/person\/2c20136aecc32ddceb55e631be265d56\"},\"description\":\"Ilmoittaudu mukaan Kivennavan kylien esittelytilaisuuksiin. Niihin p\u00e4\u00e4see mukaan n\u00e4pp\u00e4r\u00e4sti omilta kotisohvilta et\u00e4yhteyksien kautta.\",\"breadcrumb\":{\"@id\":\"https:\/\/kivennapaseura.fi\/?p=4124#breadcrumb\"},\"inLanguage\":\"fi\",\"potentialAction\":[{\"@type\":\"ReadAction\",\"target\":[\"https:\/\/kivennapaseura.fi\/?p=4124\"]}]},{\"@type\":\"BreadcrumbList\",\"@id\":\"https:\/\/kivennapaseura.fi\/?p=4124#breadcrumb\",\"itemListElement\":[{\"@type\":\"ListItem\",\"position\":1,\"name\":\"Etusivu\",\"item\":\"https:\/\/kivennapaseura.fi\/\"},{\"@type\":\"ListItem\",\"position\":2,\"name\":\"Ilmoittaudu mukaan Raivolan ja Ahj\u00e4rven esittelyjen et\u00e4tilaisuuksiin\"}]},{\"@type\":\"Person\",\"@id\":\"https:\/\/kivennapaseura.fi\/#\/schema\/person\/2c20136aecc32ddceb55e631be265d56\",\"name\":\"Riitta Taarasti\",\"image\":{\"@type\":\"ImageObject\",\"inLanguage\":\"fi\",\"@id\":\"https:\/\/kivennapaseura.fi\/#\/schema\/person\/image\/\",\"url\":\"https:\/\/secure.gravatar.com\/avatar\/5e780fda4bde16bb4fafbb9386e51ecc?s=96&d=mm&r=g\",\"contentUrl\":\"https:\/\/secure.gravatar.com\/avatar\/5e780fda4bde16bb4fafbb9386e51ecc?s=96&d=mm&r=g\",\"caption\":\"Riitta Taarasti\"},\"url\":\"https:\/\/kivennapaseura.fi\/?author=7\"}]}<\/script>\n<!-- \/ Yoast SEO plugin. -->","yoast_head_json":{"title":"Ilmoittaudu mukaan Raivolan ja Ahj\u00e4rven esittelyjen et\u00e4tilaisuuksiin - Kivennapaseura","description":"Ilmoittaudu mukaan Kivennavan kylien esittelytilaisuuksiin. Niihin p\u00e4\u00e4see mukaan n\u00e4pp\u00e4r\u00e4sti omilta kotisohvilta et\u00e4yhteyksien kautta.","robots":{"index":"index","follow":"follow","max-snippet":"max-snippet:-1","max-image-preview":"max-image-preview:large","max-video-preview":"max-video-preview:-1"},"canonical":"https:\/\/kivennapaseura.fi\/?p=4124","og_locale":"fi_FI","og_type":"article","og_title":"Ilmoittaudu mukaan Raivolan ja Ahj\u00e4rven esittelyjen et\u00e4tilaisuuksiin - Kivennapaseura","og_description":"Ilmoittaudu mukaan Kivennavan kylien esittelytilaisuuksiin. Niihin p\u00e4\u00e4see mukaan n\u00e4pp\u00e4r\u00e4sti omilta kotisohvilta et\u00e4yhteyksien kautta.","og_url":"https:\/\/kivennapaseura.fi\/?p=4124","og_site_name":"Kivennapaseura","article_published_time":"2022-03-25T07:33:16+00:00","article_modified_time":"2023-01-23T16:42:28+00:00","og_image":[{"width":1200,"height":786,"url":"http:\/\/kivennapaseura.fi\/wp-content\/uploads\/2022\/03\/Silta_Raivolassa.jpg","type":"image\/jpeg"}],"twitter_card":"summary_large_image","twitter_image":"https:\/\/kivennapaseura.fi\/wp-content\/uploads\/2022\/03\/Silta_Raivolassa.jpg","twitter_misc":{"Kirjoittanut":"Riitta Taarasti","Arvioitu lukuaika":"1 minuutti"},"schema":{"@context":"https:\/\/schema.org","@graph":[{"@type":"WebSite","@id":"https:\/\/kivennapaseura.fi\/#website","url":"https:\/\/kivennapaseura.fi\/","name":"Kivennapaseura","description":"Kivennapaseuran kotisivut","potentialAction":[{"@type":"SearchAction","target":{"@type":"EntryPoint","urlTemplate":"https:\/\/kivennapaseura.fi\/?s={search_term_string}"},"query-input":"required name=search_term_string"}],"inLanguage":"fi"},{"@type":"ImageObject","inLanguage":"fi","@id":"https:\/\/kivennapaseura.fi\/?p=4124#primaryimage","url":"https:\/\/kivennapaseura.fi\/wp-content\/uploads\/2022\/03\/Silta_Raivolassa.jpg","contentUrl":"https:\/\/kivennapaseura.fi\/wp-content\/uploads\/2022\/03\/Silta_Raivolassa.jpg","width":1200,"height":786,"caption":"Silta vesist\u00f6n yli vanhassa kuvassa."},{"@type":"WebPage","@id":"https:\/\/kivennapaseura.fi\/?p=4124#webpage","url":"https:\/\/kivennapaseura.fi\/?p=4124","name":"Ilmoittaudu mukaan Raivolan ja Ahj\u00e4rven esittelyjen et\u00e4tilaisuuksiin - Kivennapaseura","isPartOf":{"@id":"https:\/\/kivennapaseura.fi\/#website"},"primaryImageOfPage":{"@id":"https:\/\/kivennapaseura.fi\/?p=4124#primaryimage"},"datePublished":"2022-03-25T07:33:16+00:00","dateModified":"2023-01-23T16:42:28+00:00","author":{"@id":"https:\/\/kivennapaseura.fi\/#\/schema\/person\/2c20136aecc32ddceb55e631be265d56"},"description":"Ilmoittaudu mukaan Kivennavan kylien esittelytilaisuuksiin. Niihin p\u00e4\u00e4see mukaan n\u00e4pp\u00e4r\u00e4sti omilta kotisohvilta et\u00e4yhteyksien kautta.","breadcrumb":{"@id":"https:\/\/kivennapaseura.fi\/?p=4124#breadcrumb"},"inLanguage":"fi","potentialAction":[{"@type":"ReadAction","target":["https:\/\/kivennapaseura.fi\/?p=4124"]}]},{"@type":"BreadcrumbList","@id":"https:\/\/kivennapaseura.fi\/?p=4124#breadcrumb","itemListElement":[{"@type":"ListItem","position":1,"name":"Etusivu","item":"https:\/\/kivennapaseura.fi\/"},{"@type":"ListItem","position":2,"name":"Ilmoittaudu mukaan Raivolan ja Ahj\u00e4rven esittelyjen et\u00e4tilaisuuksiin"}]},{"@type":"Person","@id":"https:\/\/kivennapaseura.fi\/#\/schema\/person\/2c20136aecc32ddceb55e631be265d56","name":"Riitta Taarasti","image":{"@type":"ImageObject","inLanguage":"fi","@id":"https:\/\/kivennapaseura.fi\/#\/schema\/person\/image\/","url":"https:\/\/secure.gravatar.com\/avatar\/5e780fda4bde16bb4fafbb9386e51ecc?s=96&d=mm&r=g","contentUrl":"https:\/\/secure.gravatar.com\/avatar\/5e780fda4bde16bb4fafbb9386e51ecc?s=96&d=mm&r=g","caption":"Riitta Taarasti"},"url":"https:\/\/kivennapaseura.fi\/?author=7"}]}},"_links":{"self":[{"href":"https:\/\/kivennapaseura.fi\/index.php?rest_route=\/wp\/v2\/posts\/4124"}],"collection":[{"href":"https:\/\/kivennapaseura.fi\/index.php?rest_route=\/wp\/v2\/posts"}],"about":[{"href":"https:\/\/kivennapaseura.fi\/index.php?rest_route=\/wp\/v2\/types\/post"}],"author":[{"embeddable":true,"href":"https:\/\/kivennapaseura.fi\/index.php?rest_route=\/wp\/v2\/users\/7"}],"replies":[{"embeddable":true,"href":"https:\/\/kivennapaseura.fi\/index.php?rest_route=%2Fwp%2Fv2%2Fcomments&post=4124"}],"version-history":[{"count":11,"href":"https:\/\/kivennapaseura.fi\/index.php?rest_route=\/wp\/v2\/posts\/4124\/revisions"}],"predecessor-version":[{"id":5583,"href":"https:\/\/kivennapaseura.fi\/index.php?rest_route=\/wp\/v2\/posts\/4124\/revisions\/5583"}],"wp:featuredmedia":[{"embeddable":true,"href":"https:\/\/kivennapaseura.fi\/index.php?rest_route=\/wp\/v2\/media\/5092"}],"wp:attachment":[{"href":"https:\/\/kivennapaseura.fi\/index.php?rest_route=%2Fwp%2Fv2%2Fmedia&parent=4124"}],"wp:term":[{"taxonomy":"category","embeddable":true,"href":"https:\/\/kivennapaseura.fi\/index.php?rest_route=%2Fwp%2Fv2%2Fcategories&post=4124"},{"taxonomy":"post_tag","embeddable":true,"href":"https:\/\/kivennapaseura.fi\/index.php?rest_route=%2Fwp%2Fv2%2Ftags&post=4124"}],"curies":[{"name":"wp","href":"https:\/\/api.w.org\/{rel}","templated":true}]}}