{"id":4779,"date":"2022-05-10T08:48:14","date_gmt":"2022-05-10T05:48:14","guid":{"rendered":"https:\/\/kivennapaseura.fi\/?p=4779"},"modified":"2023-07-26T15:05:14","modified_gmt":"2023-07-26T12:05:14","slug":"matkakertomus-vierailusta-kivennavalle-vuodelta-1937","status":"publish","type":"post","link":"https:\/\/kivennapaseura.fi\/?p=4779","title":{"rendered":"Matkakertomus vierailusta Kivennavalle vuodelta 1937\u00a0\u00a0"},"content":{"rendered":"\n<p><strong>T\u00e4m\u00e4 Kivennapaseuran blogissa julkaistava teksti on Hollolassa vuonna 1932 syntyneen Liisa Alestalon o.s. Taarastin kouluaine, jonka h\u00e4n kirjoitti Lahdessa Kannaksen yhteislyseon II luokalla vuonna 1945. Liisan 12-vuotiaana kirjoittama Kivennavan sukulaisten luona k\u00e4ynti\u00e4 kuvaava kouluaine julkaistaan Kivennapaseuran sivuilla Liisan luvalla. Matkaseurueeseen kuuluivat Liisan Kivennavan Lainojalla syntynyt \u00e4iti Anna, h\u00e4nen miehens\u00e4 Lauri sek\u00e4 pariskunnan lapset 5-vuotias Liisa sek\u00e4 vuoden ik\u00e4inen pikkuveli.<\/strong><\/p>\n\n\n\n<p><strong><br>Liisa Taarasti: K\u00e4yntini Karjalassa&nbsp;<\/strong><br><br>Kun olin viel\u00e4 pieni, niin minulle aina usein puhuttiin Karjalaan menosta sukulaisiamme katsomaan. Ja niin siit\u00e4 siten syksyll\u00e4 v. 1937 tulikin tosi. Me koko perhe is\u00e4, \u00e4iti*, veljeni ja min\u00e4 l\u00e4hdimme matkalle. Ensin tulin linja-autolla t\u00e4nne Lahteen ja t\u00e4\u00e4lt\u00e4 sitten menimme junaan. Matka oli pitk\u00e4 ja alkumatkan istuimme hiljaa ja puhelematta. Mutta mit\u00e4 l\u00e4hemm\u00e4s Viipuria tulimme, sit\u00e4 vilkkaammaksi muuttuivat matkustajatkin. Juna pys\u00e4htyi pitk\u00e4ksi aikaa Viipurin asemalle.&nbsp;Siin\u00e4 ajassa me tutustuimme Viipurin asemarakennuksiin ja ymp\u00e4rist\u00f6\u00f6n. Viipurista jatkoimme matkaa Kuokkalaan.&nbsp;<\/p>\n\n\n\n<p>Kannaksella asui my\u00f6s v\u00e4h\u00e4n ven\u00e4l\u00e4isi\u00e4 ja heit\u00e4 n\u00e4in nyt ensimm\u00e4isen kerran t\u00e4ll\u00e4 matkalla. Kannelj\u00e4rven asemalta tuli vaunuun useita ven\u00e4l\u00e4isi\u00e4 matkustajia (jotka kuuluivat Kannaksen ven\u00e4l\u00e4iseen v\u00e4est\u00f6\u00f6n). Er\u00e4s heist\u00e4 jo vanha mies, ojensi k\u00e4tens\u00e4 meille molemmille lapsille ja is\u00e4 kehotti sitten h\u00e4nt\u00e4 tervehti\u00e4. Niin p\u00e4\u00e4ttyi sitten junamatkamme iltamy\u00f6h\u00e4ll\u00e4 Kuokkalaan. Tiedustelimme rajavartiosotilailta saisimmeko autokyyti\u00e4 Haapalaan, miss\u00e4 t\u00e4tini perhe siihen aikaan asui. Mutta sitten huomasimmekin, ett\u00e4 h\u00e4nen miehens\u00e4 oli tullutkin meit\u00e4 vastaan. H\u00e4nell\u00e4 oli nelipy\u00f6r\u00e4iset rattaat, johon sovimme kaikki.&nbsp;<\/p>\n\n\n\n<p>Olimme y\u00f6n Haapalassa ja seuravan p\u00e4iv\u00e4n\u00e4 puolen p\u00e4iv\u00e4n aikaan l\u00e4hdimme jatkamaan matkaa taas hevosella. Tie kulki l\u00e4helt\u00e4 rajaa, jonka toisella puolella n\u00e4imme korkeita piikkilanka-aitoja, ven\u00e4l\u00e4isi\u00e4 vartiosotilaita ja autioita kyli\u00e4. Jatset\u00e4n(?) kyl\u00e4st\u00e4 teimme mutkan Lintulan luostariin. Kun tulimme luostarialueelle, niin me yritimme sis\u00e4\u00e4n suurimpaan ja komeimpaan rakennukseen. Se n\u00e4ytti asumattomalta ja rappeutuneelta ja ovet olivat kiinni. L\u00e4hist\u00f6ll\u00e4 oli suomalainen mies kynt\u00e4m\u00e4ss\u00e4, joka oli luostarin viljelyksien ty\u00f6njohtaja. H\u00e4n sanoi, ett\u00e4 rakennus, johon olimme yritt\u00e4neet, oli kenraali Nejelov hovi, jota s\u00e4ilytet\u00e4\u00e4n nyt vain muistona. H\u00e4n neuvoi, mihin rakennukseen meid\u00e4n piti menn\u00e4 ja miss\u00e4 saisimme oppaan. Sitten menimme sis\u00e4lle ja siell\u00e4 n\u00e4imme vanhoja ven\u00e4j\u00e4nkielt\u00e4 puhuvia nunnia. Sitten meid\u00e4n luoksemme tuli er\u00e4s nuori ja kaunis nunna, jota me l\u00e4hdimme seuraamaan luostarin kirkkoon. Sitten huusi oppaamme Matheenaa ja meid\u00e4n luoksemme tuli keski-ik\u00e4inen nunna, joka osasi jonkun sanan suomea. H\u00e4nen johdollaan sitten tutustuimme kirkkoon. Nunnat n\u00e4kyiv\u00e4t pit\u00e4v\u00e4n kovin lapsista, he taputtelivat ja nauroivat meille. Sitten siirryimme luostarin hautausmaalle. Toisissa hautaristeiss\u00e4 oli lasisia suojuksia ja niiden takana vainajien kuvia ja kuivattuja kukkia. Ihailimme l\u00e4hell\u00e4 olevia suuria tammia. Sanoimme hyv\u00e4sti ja kiitimme opastuksesta. Ja jatkoimme matkaa Lainojan kyl\u00e4\u00e4n, \u00e4idin syntym\u00e4kotiin.&nbsp;<br><\/p>\n\n\n\n<figure class=\"wp-block-image size-large\"><a href=\"http:\/\/kivennapaseura.fi\/wp-content\/uploads\/2022\/05\/Kivennavan_kirkkotie_kirkonmaelta_alaspain_1920_30_luku.jpg\"><img loading=\"lazy\" width=\"510\" height=\"346\" src=\"http:\/\/kivennapaseura.fi\/wp-content\/uploads\/2022\/05\/Kivennavan_kirkkotie_kirkonmaelta_alaspain_1920_30_luku-510x346.jpg\" alt=\"Hiekkatie, jota reunustavat puut. Vanha kuva.\" class=\"wp-image-4780\" srcset=\"https:\/\/kivennapaseura.fi\/wp-content\/uploads\/2022\/05\/Kivennavan_kirkkotie_kirkonmaelta_alaspain_1920_30_luku-510x346.jpg 510w, https:\/\/kivennapaseura.fi\/wp-content\/uploads\/2022\/05\/Kivennavan_kirkkotie_kirkonmaelta_alaspain_1920_30_luku-300x204.jpg 300w, https:\/\/kivennapaseura.fi\/wp-content\/uploads\/2022\/05\/Kivennavan_kirkkotie_kirkonmaelta_alaspain_1920_30_luku-768x521.jpg 768w, https:\/\/kivennapaseura.fi\/wp-content\/uploads\/2022\/05\/Kivennavan_kirkkotie_kirkonmaelta_alaspain_1920_30_luku-133x90.jpg 133w, https:\/\/kivennapaseura.fi\/wp-content\/uploads\/2022\/05\/Kivennavan_kirkkotie_kirkonmaelta_alaspain_1920_30_luku.jpg 1200w\" sizes=\"(max-width: 510px) 100vw, 510px\" \/><\/a><figcaption><em>Kivennavan kirkkotie kirkonm\u00e4elt\u00e4 alasp\u00e4in. 1920-30-luku. Karjalan Liiton kokoelma. Historian kuvakokoelma. Museovirasto.<\/em><\/figcaption><\/figure>\n\n\n\n<p><br>Minulla oli Kivennavalla kolme t\u00e4ti\u00e4 ja nelj\u00e4 enoa**. K\u00e4vimme heit\u00e4 kaikkia katsomassa. Viivyimme vain vuorokauden paikassaan. Me olimme joka paikkaan hyvin tervetulleita ja meid\u00e4t otettiin eritt\u00e4in vieraanvaraisesti vastaan ja vaikka matkat olivatkin lyhyet, tarjottiin meille aina hevoskyyti, mihin halusimme menn\u00e4.<\/p>\n\n\n\n<p>El\u00e4m\u00e4 karjalaisessa maalaistalossa oli samanlaista kuin H\u00e4meess\u00e4kin. Ty\u00f6t\u00e4 tehtiin aamuvarhaisesta iltaan my\u00f6h\u00e4\u00e4n. Noin viikon nautittuamme kestityksest\u00e4, l\u00e4hdimmekin kotimatkalle. Tulimme autolla Raivolan asemalle ja aivan iltamy\u00f6h\u00e4ll\u00e4 ennen 5 olimme aamulla Lahdessa. Veljeni ja min\u00e4 nukuimme koko matkan, joten en voi kertoa mit\u00e4\u00e4n kotimatkasta. Postiautolla p\u00e4\u00e4simme kotiin juuri aamukahville. Ja matkamme oli p\u00e4\u00e4ttynyt.<br><br><\/p>\n\n\n\n<hr class=\"wp-block-separator\"\/>\n\n\n\n<p><br>Liisan veljentytt\u00e4ren Mari Meril\u00e4isen lis\u00e4yksen\u00e4:<br>* Anni (kutsumanimen\u00e4 Anna) Taarasti os. Taponen s. 26.8.1900 Kivennavan Kekrolan kyl\u00e4ss\u00e4\u00a0<br>** Liisan t\u00e4dit olivat Eeva s. 1887, Helena\u00a0s. 1889 ja Katri (kutsumanimen\u00e4 Kaisu) s. 1903 ja enot Antti s. 1882,\u00a0Matti s. 1893, Tuomas (kutsumanimen\u00e4 Tommi)\u00a0s. 1895 ja Johannes (kutsumanimen\u00e4 Jussi)\u00a0s. 1898 Taponen.<br><strong><br>Liisan Lahdessa sijainneen koulun juuret ovat\u00a0Terijoella, josta se siirrettiin asetuksella Lahteen vuonna 1940. Lahdessa koulun nimeksi tuli Kannaksen yhteislyseo. Terijoen suomalaisen yhteiskoulun oli perustettu 1907.<\/strong><br><br>Lue lis\u00e4\u00e4:<br>&#8211; <a href=\"https:\/\/kivennapaseura.fi\/?cat=129\">Kivennapaseuran blogi<\/a><br><br><em>Julkaistu: 10.5.2022<\/em><br><em>Teksti: Liisa Alestalo o.s. Taarasti<\/em><br><em>Toimittaja ja julkaisija: Riitta Taarasti<\/em><br><\/p>\n\n\n\n<h6>Asiasanat<\/h6>\n\n\n<div class=\"taxonomy-post_tag wp-block-post-terms\"><a href=\"https:\/\/kivennapaseura.fi\/?tag=ainekirjoitus\" rel=\"tag\">ainekirjoitus<\/a><span class=\"wp-block-post-terms__separator\">, <\/span><a href=\"https:\/\/kivennapaseura.fi\/?tag=alestalo-liisa\" rel=\"tag\">Alestalo Liisa<\/a><span class=\"wp-block-post-terms__separator\">, <\/span><a href=\"https:\/\/kivennapaseura.fi\/?tag=kivennapa\" rel=\"tag\">Kivennapa<\/a><span class=\"wp-block-post-terms__separator\">, <\/span><a href=\"https:\/\/kivennapaseura.fi\/?tag=lapsuus\" rel=\"tag\">lapsuus<\/a><span class=\"wp-block-post-terms__separator\">, <\/span><a href=\"https:\/\/kivennapaseura.fi\/?tag=lintulan-luostari\" rel=\"tag\">Lintulan luostari<\/a><span class=\"wp-block-post-terms__separator\">, <\/span><a href=\"https:\/\/kivennapaseura.fi\/?tag=matkakertomus\" rel=\"tag\">matkakertomus<\/a><span class=\"wp-block-post-terms__separator\">, <\/span><a href=\"https:\/\/kivennapaseura.fi\/?tag=muistot\" rel=\"tag\">muistot<\/a><span class=\"wp-block-post-terms__separator\">, <\/span><a href=\"https:\/\/kivennapaseura.fi\/?tag=vierailut\" rel=\"tag\">vierailut<\/a><\/div>","protected":false},"excerpt":{"rendered":"<p>T\u00e4m\u00e4 Kivennapaseuran blogissa julkaistava teksti on Hollolassa vuonna 1932 syntyneen Liisa Alestalon o.s. Taarastin kouluaine, jonka h\u00e4n kirjoitti Lahdessa Kannaksen yhteislyseon II luokalla vuonna 1945. Liisan 12-vuotiaana kirjoittama Kivennavan sukulaisten luona k\u00e4ynti\u00e4 kuvaava kouluaine julkaistaan Kivennapaseuran sivuilla Liisan luvalla. Matkaseurueeseen kuuluivat Liisan Kivennavan Lainojalla syntynyt \u00e4iti Anna, h\u00e4nen miehens\u00e4 Lauri sek\u00e4 pariskunnan lapset 5-vuotias Liisa &hellip;<\/p>\n<p class=\"read-more\"> <a class=\"\" href=\"https:\/\/kivennapaseura.fi\/?p=4779\"> <span class=\"screen-reader-text\">Matkakertomus vierailusta Kivennavalle vuodelta 1937\u00a0\u00a0<\/span> Lue lis\u00e4\u00e4 &raquo;<\/a><\/p>\n","protected":false},"author":7,"featured_media":4780,"comment_status":"closed","ping_status":"closed","sticky":false,"template":"","format":"standard","meta":{"site-sidebar-layout":"default","site-content-layout":"default","ast-global-header-display":"","ast-main-header-display":"","ast-hfb-above-header-display":"","ast-hfb-below-header-display":"","ast-hfb-mobile-header-display":"","site-post-title":"","ast-breadcrumbs-content":"","ast-featured-img":"disabled","footer-sml-layout":"","theme-transparent-header-meta":"","adv-header-id-meta":"","stick-header-meta":"","header-above-stick-meta":"","header-main-stick-meta":"","header-below-stick-meta":""},"categories":[129],"tags":[207,205,17,150,194,204,149,206],"yoast_head":"<!-- This site is optimized with the Yoast SEO plugin v18.8 - https:\/\/yoast.com\/wordpress\/plugins\/seo\/ -->\n<title>Matkakertomus vierailusta Kivennavalle vuodelta 1937\u00a0\u00a0 - Kivennapaseura<\/title>\n<meta name=\"description\" content=\"Kivennapaseuran blogissa julkaistava teksti on 12-vuotiaan Liisan kouluaine, jonka h\u00e4n kirjoitti vierailusta Kivennavalle vuodelta 1937.\u00a0\u00a0\" \/>\n<meta name=\"robots\" content=\"index, follow, max-snippet:-1, max-image-preview:large, max-video-preview:-1\" \/>\n<link rel=\"canonical\" href=\"https:\/\/kivennapaseura.fi\/?p=4779\" \/>\n<meta property=\"og:locale\" content=\"fi_FI\" \/>\n<meta property=\"og:type\" content=\"article\" \/>\n<meta property=\"og:title\" content=\"Matkakertomus vierailusta Kivennavalle vuodelta 1937\u00a0\u00a0 - Kivennapaseura\" \/>\n<meta property=\"og:description\" content=\"Kivennapaseuran blogissa julkaistava teksti on 12-vuotiaan Liisan kouluaine, jonka h\u00e4n kirjoitti vierailusta Kivennavalle vuodelta 1937.\u00a0\u00a0\" \/>\n<meta property=\"og:url\" content=\"https:\/\/kivennapaseura.fi\/?p=4779\" \/>\n<meta property=\"og:site_name\" content=\"Kivennapaseura\" \/>\n<meta property=\"article:published_time\" content=\"2022-05-10T05:48:14+00:00\" \/>\n<meta property=\"article:modified_time\" content=\"2023-07-26T12:05:14+00:00\" \/>\n<meta property=\"og:image\" content=\"http:\/\/kivennapaseura.fi\/wp-content\/uploads\/2022\/05\/Kivennavan_kirkkotie_kirkonmaelta_alaspain_1920_30_luku.jpg\" \/>\n\t<meta property=\"og:image:width\" content=\"1200\" \/>\n\t<meta property=\"og:image:height\" content=\"814\" \/>\n\t<meta property=\"og:image:type\" content=\"image\/jpeg\" \/>\n<meta name=\"twitter:card\" content=\"summary_large_image\" \/>\n<meta name=\"twitter:image\" content=\"https:\/\/kivennapaseura.fi\/wp-content\/uploads\/2022\/05\/Kivennavan_kirkkotie_kirkonmaelta_alaspain_1920_30_luku.jpg\" \/>\n<meta name=\"twitter:label1\" content=\"Kirjoittanut\" \/>\n\t<meta name=\"twitter:data1\" content=\"Riitta Taarasti\" \/>\n\t<meta name=\"twitter:label2\" content=\"Arvioitu lukuaika\" \/>\n\t<meta name=\"twitter:data2\" content=\"4 minuuttia\" \/>\n<script type=\"application\/ld+json\" class=\"yoast-schema-graph\">{\"@context\":\"https:\/\/schema.org\",\"@graph\":[{\"@type\":\"WebSite\",\"@id\":\"https:\/\/kivennapaseura.fi\/#website\",\"url\":\"https:\/\/kivennapaseura.fi\/\",\"name\":\"Kivennapaseura\",\"description\":\"Kivennapaseuran kotisivut\",\"potentialAction\":[{\"@type\":\"SearchAction\",\"target\":{\"@type\":\"EntryPoint\",\"urlTemplate\":\"https:\/\/kivennapaseura.fi\/?s={search_term_string}\"},\"query-input\":\"required name=search_term_string\"}],\"inLanguage\":\"fi\"},{\"@type\":\"ImageObject\",\"inLanguage\":\"fi\",\"@id\":\"https:\/\/kivennapaseura.fi\/?p=4779#primaryimage\",\"url\":\"https:\/\/kivennapaseura.fi\/wp-content\/uploads\/2022\/05\/Kivennavan_kirkkotie_kirkonmaelta_alaspain_1920_30_luku.jpg\",\"contentUrl\":\"https:\/\/kivennapaseura.fi\/wp-content\/uploads\/2022\/05\/Kivennavan_kirkkotie_kirkonmaelta_alaspain_1920_30_luku.jpg\",\"width\":1200,\"height\":814,\"caption\":\"Hiekkatie, jota reunustavat puut. Vanha kuva.\"},{\"@type\":\"WebPage\",\"@id\":\"https:\/\/kivennapaseura.fi\/?p=4779#webpage\",\"url\":\"https:\/\/kivennapaseura.fi\/?p=4779\",\"name\":\"Matkakertomus vierailusta Kivennavalle vuodelta 1937\u00a0\u00a0 - Kivennapaseura\",\"isPartOf\":{\"@id\":\"https:\/\/kivennapaseura.fi\/#website\"},\"primaryImageOfPage\":{\"@id\":\"https:\/\/kivennapaseura.fi\/?p=4779#primaryimage\"},\"datePublished\":\"2022-05-10T05:48:14+00:00\",\"dateModified\":\"2023-07-26T12:05:14+00:00\",\"author\":{\"@id\":\"https:\/\/kivennapaseura.fi\/#\/schema\/person\/2c20136aecc32ddceb55e631be265d56\"},\"description\":\"Kivennapaseuran blogissa julkaistava teksti on 12-vuotiaan Liisan kouluaine, jonka h\u00e4n kirjoitti vierailusta Kivennavalle vuodelta 1937.\u00a0\u00a0\",\"breadcrumb\":{\"@id\":\"https:\/\/kivennapaseura.fi\/?p=4779#breadcrumb\"},\"inLanguage\":\"fi\",\"potentialAction\":[{\"@type\":\"ReadAction\",\"target\":[\"https:\/\/kivennapaseura.fi\/?p=4779\"]}]},{\"@type\":\"BreadcrumbList\",\"@id\":\"https:\/\/kivennapaseura.fi\/?p=4779#breadcrumb\",\"itemListElement\":[{\"@type\":\"ListItem\",\"position\":1,\"name\":\"Etusivu\",\"item\":\"https:\/\/kivennapaseura.fi\/\"},{\"@type\":\"ListItem\",\"position\":2,\"name\":\"Matkakertomus vierailusta Kivennavalle vuodelta 1937\u00a0\u00a0\"}]},{\"@type\":\"Person\",\"@id\":\"https:\/\/kivennapaseura.fi\/#\/schema\/person\/2c20136aecc32ddceb55e631be265d56\",\"name\":\"Riitta Taarasti\",\"image\":{\"@type\":\"ImageObject\",\"inLanguage\":\"fi\",\"@id\":\"https:\/\/kivennapaseura.fi\/#\/schema\/person\/image\/\",\"url\":\"https:\/\/secure.gravatar.com\/avatar\/5e780fda4bde16bb4fafbb9386e51ecc?s=96&d=mm&r=g\",\"contentUrl\":\"https:\/\/secure.gravatar.com\/avatar\/5e780fda4bde16bb4fafbb9386e51ecc?s=96&d=mm&r=g\",\"caption\":\"Riitta Taarasti\"},\"url\":\"https:\/\/kivennapaseura.fi\/?author=7\"}]}<\/script>\n<!-- \/ Yoast SEO plugin. -->","yoast_head_json":{"title":"Matkakertomus vierailusta Kivennavalle vuodelta 1937\u00a0\u00a0 - Kivennapaseura","description":"Kivennapaseuran blogissa julkaistava teksti on 12-vuotiaan Liisan kouluaine, jonka h\u00e4n kirjoitti vierailusta Kivennavalle vuodelta 1937.\u00a0\u00a0","robots":{"index":"index","follow":"follow","max-snippet":"max-snippet:-1","max-image-preview":"max-image-preview:large","max-video-preview":"max-video-preview:-1"},"canonical":"https:\/\/kivennapaseura.fi\/?p=4779","og_locale":"fi_FI","og_type":"article","og_title":"Matkakertomus vierailusta Kivennavalle vuodelta 1937\u00a0\u00a0 - Kivennapaseura","og_description":"Kivennapaseuran blogissa julkaistava teksti on 12-vuotiaan Liisan kouluaine, jonka h\u00e4n kirjoitti vierailusta Kivennavalle vuodelta 1937.\u00a0\u00a0","og_url":"https:\/\/kivennapaseura.fi\/?p=4779","og_site_name":"Kivennapaseura","article_published_time":"2022-05-10T05:48:14+00:00","article_modified_time":"2023-07-26T12:05:14+00:00","og_image":[{"width":1200,"height":814,"url":"http:\/\/kivennapaseura.fi\/wp-content\/uploads\/2022\/05\/Kivennavan_kirkkotie_kirkonmaelta_alaspain_1920_30_luku.jpg","type":"image\/jpeg"}],"twitter_card":"summary_large_image","twitter_image":"https:\/\/kivennapaseura.fi\/wp-content\/uploads\/2022\/05\/Kivennavan_kirkkotie_kirkonmaelta_alaspain_1920_30_luku.jpg","twitter_misc":{"Kirjoittanut":"Riitta Taarasti","Arvioitu lukuaika":"4 minuuttia"},"schema":{"@context":"https:\/\/schema.org","@graph":[{"@type":"WebSite","@id":"https:\/\/kivennapaseura.fi\/#website","url":"https:\/\/kivennapaseura.fi\/","name":"Kivennapaseura","description":"Kivennapaseuran kotisivut","potentialAction":[{"@type":"SearchAction","target":{"@type":"EntryPoint","urlTemplate":"https:\/\/kivennapaseura.fi\/?s={search_term_string}"},"query-input":"required name=search_term_string"}],"inLanguage":"fi"},{"@type":"ImageObject","inLanguage":"fi","@id":"https:\/\/kivennapaseura.fi\/?p=4779#primaryimage","url":"https:\/\/kivennapaseura.fi\/wp-content\/uploads\/2022\/05\/Kivennavan_kirkkotie_kirkonmaelta_alaspain_1920_30_luku.jpg","contentUrl":"https:\/\/kivennapaseura.fi\/wp-content\/uploads\/2022\/05\/Kivennavan_kirkkotie_kirkonmaelta_alaspain_1920_30_luku.jpg","width":1200,"height":814,"caption":"Hiekkatie, jota reunustavat puut. Vanha kuva."},{"@type":"WebPage","@id":"https:\/\/kivennapaseura.fi\/?p=4779#webpage","url":"https:\/\/kivennapaseura.fi\/?p=4779","name":"Matkakertomus vierailusta Kivennavalle vuodelta 1937\u00a0\u00a0 - Kivennapaseura","isPartOf":{"@id":"https:\/\/kivennapaseura.fi\/#website"},"primaryImageOfPage":{"@id":"https:\/\/kivennapaseura.fi\/?p=4779#primaryimage"},"datePublished":"2022-05-10T05:48:14+00:00","dateModified":"2023-07-26T12:05:14+00:00","author":{"@id":"https:\/\/kivennapaseura.fi\/#\/schema\/person\/2c20136aecc32ddceb55e631be265d56"},"description":"Kivennapaseuran blogissa julkaistava teksti on 12-vuotiaan Liisan kouluaine, jonka h\u00e4n kirjoitti vierailusta Kivennavalle vuodelta 1937.\u00a0\u00a0","breadcrumb":{"@id":"https:\/\/kivennapaseura.fi\/?p=4779#breadcrumb"},"inLanguage":"fi","potentialAction":[{"@type":"ReadAction","target":["https:\/\/kivennapaseura.fi\/?p=4779"]}]},{"@type":"BreadcrumbList","@id":"https:\/\/kivennapaseura.fi\/?p=4779#breadcrumb","itemListElement":[{"@type":"ListItem","position":1,"name":"Etusivu","item":"https:\/\/kivennapaseura.fi\/"},{"@type":"ListItem","position":2,"name":"Matkakertomus vierailusta Kivennavalle vuodelta 1937\u00a0\u00a0"}]},{"@type":"Person","@id":"https:\/\/kivennapaseura.fi\/#\/schema\/person\/2c20136aecc32ddceb55e631be265d56","name":"Riitta Taarasti","image":{"@type":"ImageObject","inLanguage":"fi","@id":"https:\/\/kivennapaseura.fi\/#\/schema\/person\/image\/","url":"https:\/\/secure.gravatar.com\/avatar\/5e780fda4bde16bb4fafbb9386e51ecc?s=96&d=mm&r=g","contentUrl":"https:\/\/secure.gravatar.com\/avatar\/5e780fda4bde16bb4fafbb9386e51ecc?s=96&d=mm&r=g","caption":"Riitta Taarasti"},"url":"https:\/\/kivennapaseura.fi\/?author=7"}]}},"_links":{"self":[{"href":"https:\/\/kivennapaseura.fi\/index.php?rest_route=\/wp\/v2\/posts\/4779"}],"collection":[{"href":"https:\/\/kivennapaseura.fi\/index.php?rest_route=\/wp\/v2\/posts"}],"about":[{"href":"https:\/\/kivennapaseura.fi\/index.php?rest_route=\/wp\/v2\/types\/post"}],"author":[{"embeddable":true,"href":"https:\/\/kivennapaseura.fi\/index.php?rest_route=\/wp\/v2\/users\/7"}],"replies":[{"embeddable":true,"href":"https:\/\/kivennapaseura.fi\/index.php?rest_route=%2Fwp%2Fv2%2Fcomments&post=4779"}],"version-history":[{"count":11,"href":"https:\/\/kivennapaseura.fi\/index.php?rest_route=\/wp\/v2\/posts\/4779\/revisions"}],"predecessor-version":[{"id":5561,"href":"https:\/\/kivennapaseura.fi\/index.php?rest_route=\/wp\/v2\/posts\/4779\/revisions\/5561"}],"wp:featuredmedia":[{"embeddable":true,"href":"https:\/\/kivennapaseura.fi\/index.php?rest_route=\/wp\/v2\/media\/4780"}],"wp:attachment":[{"href":"https:\/\/kivennapaseura.fi\/index.php?rest_route=%2Fwp%2Fv2%2Fmedia&parent=4779"}],"wp:term":[{"taxonomy":"category","embeddable":true,"href":"https:\/\/kivennapaseura.fi\/index.php?rest_route=%2Fwp%2Fv2%2Fcategories&post=4779"},{"taxonomy":"post_tag","embeddable":true,"href":"https:\/\/kivennapaseura.fi\/index.php?rest_route=%2Fwp%2Fv2%2Ftags&post=4779"}],"curies":[{"name":"wp","href":"https:\/\/api.w.org\/{rel}","templated":true}]}}