{"id":5175,"date":"2022-06-27T16:07:44","date_gmt":"2022-06-27T13:07:44","guid":{"rendered":"https:\/\/kivennapaseura.fi\/?p=5175"},"modified":"2023-01-23T18:27:17","modified_gmt":"2023-01-23T16:27:17","slug":"kivennapa-nakyi-karjalaisten-kesajuhlilla","status":"publish","type":"post","link":"https:\/\/kivennapaseura.fi\/?p=5175","title":{"rendered":"Kivennapa n\u00e4kyi Karjalaisten kes\u00e4juhlilla"},"content":{"rendered":"\n<p><strong>Karjalaiset kes\u00e4juhlat ovat kaikille avoimet juhlat, jotka j\u00e4rjestet\u00e4\u00e4n kerran vuodessa viikkoa ennen juhannusta eri<\/strong> <strong>puolilla Suomea. Kivennapaseuran puheenjohtaja&nbsp;Pentti M\u00e4kinen&nbsp;kertoo kes\u00e4n 2022 Karjalaisista kes\u00e4juhlista.<\/strong><\/p>\n\n\n\n<p><\/p>\n\n\n\n<p>Raumalla pidettiin 17.-19.6.2022 Karjalaiset kes\u00e4juhlat. Kahden koronakes\u00e4n aiheuttaman tauon j\u00e4lkeen pidetyt&nbsp;kes\u00e4juhlat houkuttelivat yhteens\u00e4 noin 10 000 juhlijaa Raumalle. Vieraita tuli eri puolilta Suomea.<\/p>\n\n\n\n<p>Jokainen tunsi varmasti suurta iloa siit\u00e4, ett\u00e4 j\u00e4lleen voitiin kokoontumaan yhteen. Raumalaisittain Ol niingon gotonas -teemalla j\u00e4rjestetty juhlaviikonloppu tarjosi karjalaisen torin, useita laulu- ja musiikkiesityksi\u00e4, hengellisi\u00e4 tilaisuuksia, liikuntaa ja tietenkin karjalaisten lippukulkueen kansallispukuisine marssijoineen.&nbsp;<\/p>\n\n\n\n<p>Rauman keskiajalta per\u00e4isin oleva kirkko oli karjalaisessa messussa viimeist\u00e4\u00e4n paikkaa my\u00f6ten t\u00e4ynn\u00e4. Lippukulkueessa oli perinteiseen tapaan Suomen ja Karjalan liiton lippujen ohella piirien, sukuseurojen ja pit\u00e4jien liput. Minulla oli kunnia kantaa Kivennavan lippua airueina Raija Levo ja Sirpa Lehtonen.&nbsp;<\/p>\n\n\n\n<figure class=\"wp-block-image size-full\"><a href=\"http:\/\/kivennapaseura.fi\/wp-content\/uploads\/2022\/06\/Karjalaiset_kesajuhlat_2022_Rauma_Kivennapaseura.jpg\"><img loading=\"lazy\" width=\"400\" height=\"522\" src=\"http:\/\/kivennapaseura.fi\/wp-content\/uploads\/2022\/06\/Karjalaiset_kesajuhlat_2022_Rauma_Kivennapaseura.jpg\" alt=\"Kansallispukuisia ihmisi\u00e4 kulkueessa kes\u00e4isess\u00e4 s\u00e4\u00e4ss\u00e4. Kyltiss\u00e4 lukee Kivennapa.\" class=\"wp-image-5177\" srcset=\"https:\/\/kivennapaseura.fi\/wp-content\/uploads\/2022\/06\/Karjalaiset_kesajuhlat_2022_Rauma_Kivennapaseura.jpg 400w, https:\/\/kivennapaseura.fi\/wp-content\/uploads\/2022\/06\/Karjalaiset_kesajuhlat_2022_Rauma_Kivennapaseura-230x300.jpg 230w\" sizes=\"(max-width: 400px) 100vw, 400px\" \/><\/a><\/figure>\n\n\n\n<p>Luonnollisesti kes\u00e4juhlilla oli tilaisuus pitk\u00e4st\u00e4 aikaa tavata tuttuja ja yst\u00e4vi\u00e4. Sunnuntain p\u00e4iv\u00e4juhla houkutteli \u00c4ij\u00e4nsuon j\u00e4\u00e4halliin yli 1000 osanottajaa. J\u00e4\u00e4hallissa oli my\u00f6s karjalainen tori ja siell\u00e4 Kivennavalla perinteiseen tapaan oma p\u00f6yt\u00e4. Hyv\u00e4ss\u00e4 yhteishengess\u00e4 Kivennapaseura, Entiset Kivennapalaiset ja Raivola-seura esitteliv\u00e4t toimintaansa ja runsasta kirjavalikoimaa. Raija Levo ja Seppo Henttinen toivat&nbsp;&nbsp;j\u00e4lleen kerran runsaan kirjavalikoiman tarjolle ja vastailivat asiantuntevaan tapaansa juuristaan kiinnostuneille.&nbsp;<\/p>\n\n\n\n<figure class=\"wp-block-image size-large\"><a href=\"http:\/\/kivennapaseura.fi\/wp-content\/uploads\/2022\/06\/Karjalaiset_kesajuhlat_2022_Rauma_Kivennapaseura_osasto.jpg\"><img loading=\"lazy\" width=\"510\" height=\"377\" src=\"http:\/\/kivennapaseura.fi\/wp-content\/uploads\/2022\/06\/Karjalaiset_kesajuhlat_2022_Rauma_Kivennapaseura_osasto-510x377.jpg\" alt=\"Kaksi henkil\u00f6\u00e4 seisoo kirjap\u00f6yd\u00e4n takana. \" class=\"wp-image-5183\" srcset=\"https:\/\/kivennapaseura.fi\/wp-content\/uploads\/2022\/06\/Karjalaiset_kesajuhlat_2022_Rauma_Kivennapaseura_osasto-510x377.jpg 510w, https:\/\/kivennapaseura.fi\/wp-content\/uploads\/2022\/06\/Karjalaiset_kesajuhlat_2022_Rauma_Kivennapaseura_osasto-300x222.jpg 300w, https:\/\/kivennapaseura.fi\/wp-content\/uploads\/2022\/06\/Karjalaiset_kesajuhlat_2022_Rauma_Kivennapaseura_osasto.jpg 600w\" sizes=\"(max-width: 510px) 100vw, 510px\" \/><\/a><\/figure>\n\n\n\n<p>Juhlakulkueessa liput ja kansallispuvut her\u00e4ttiv\u00e4t ansaittua ihailua. Raijan \u00e4yr\u00e4m\u00f6ispuvun kes\u00e4esiliina her\u00e4tti erityist\u00e4 kiinnostusta.<\/p>\n\n\n\n<figure class=\"wp-block-image size-large\"><a href=\"http:\/\/kivennapaseura.fi\/wp-content\/uploads\/2022\/06\/Karjalaiset_kesajuhlat_2022_Rauma_Kivennapaseura_kansallispuku.jpg\"><img loading=\"lazy\" width=\"510\" height=\"378\" src=\"http:\/\/kivennapaseura.fi\/wp-content\/uploads\/2022\/06\/Karjalaiset_kesajuhlat_2022_Rauma_Kivennapaseura_kansallispuku-510x378.jpg\" alt=\"Ihmisi\u00e4 tutkimassa kansallispuvun esiliinaa.\" class=\"wp-image-5184\" srcset=\"https:\/\/kivennapaseura.fi\/wp-content\/uploads\/2022\/06\/Karjalaiset_kesajuhlat_2022_Rauma_Kivennapaseura_kansallispuku-510x378.jpg 510w, https:\/\/kivennapaseura.fi\/wp-content\/uploads\/2022\/06\/Karjalaiset_kesajuhlat_2022_Rauma_Kivennapaseura_kansallispuku-300x223.jpg 300w, https:\/\/kivennapaseura.fi\/wp-content\/uploads\/2022\/06\/Karjalaiset_kesajuhlat_2022_Rauma_Kivennapaseura_kansallispuku.jpg 600w\" sizes=\"(max-width: 510px) 100vw, 510px\" \/><\/a><\/figure>\n\n\n\n<p>Ukrainan sota ja sen siviileihin kohdistuva v\u00e4kivalta ja karjalaisten evakkojen yhteiset kokemukset hallitsivat keskusteluja. Muistot meill\u00e4 evakkojen j\u00e4lkeisill\u00e4kin ovat edelleen pinnassa. Sodan vakavia vaikutuksia muun muassa karjalaisten yhteis\u00f6jen kotiseutumatkoihin ja yhteisty\u00f6h\u00f6n luovutetussa Karjalassa pohdittiin niin juhlapuheissa kuin pienemmiss\u00e4 keskustelupiireiss\u00e4.&nbsp;<\/p>\n\n\n\n<p>P\u00e4\u00e4juhlan kohokohta oli kirjailija FT Anna Kortelaisen juhlapuhe. H\u00e4n puhui syk\u00e4hdytt\u00e4v\u00e4sti muistamisen tarpeesta. Karjalainen kulttuuriperint\u00f6 on olennainen osa sukupolvien ketjua.<\/p>\n\n\n\n<p>Karjalan Liiton puheenjohtaja Outi \u00d6rn nosti puheessaan esille l\u00e4hihistoriaa koskeva tiedon ker\u00e4\u00e4misen tarpeen. Yli 30 vuoden ajan olemme voineet tutustua kotiseutumatkoilla luovuttuun Karjalaan. Tuon ajanjakson tiedon ker\u00e4\u00e4minen on t\u00e4n\u00e4 p\u00e4iv\u00e4n\u00e4 erityisen t\u00e4rke\u00e4\u00e4, koska n\u00e4k\u00f6piiriss\u00e4 ei ole odotettavissa paluuta entiseen kotiseutumatkailuun. Nyt on aika tutkia ja tallentaa t\u00e4t\u00e4 tietoa.<br><br>Lis\u00e4tietoja:<br>&#8211;&nbsp;<a href=\"https:\/\/www.karjalaisetkesajuhlat.fi\">Karjalaiset kes\u00e4juhlat Karjalan Liiton sivuilla<\/a><br>&#8211;&nbsp;<a href=\"https:\/\/www.facebook.com\/karjalaisetkesajuhlat\/\">Karjalaiset kes\u00e4juhlat -tapahtuman Facebook-sivu<\/a><\/p>\n\n\n\n<p><br><em>Julkaistu: 27.6.2022<\/em><br><em>Teksti: Pentti M\u00e4kinen<br>Toimittaja ja julkaisija: Riitta Taarasti<\/em><\/p>\n\n\n\n<h6>Asiasanat<\/h6>\n\n\n<div class=\"taxonomy-post_tag wp-block-post-terms\"><a href=\"https:\/\/kivennapaseura.fi\/?tag=ayramoispuku\" rel=\"tag\">\u00e4yr\u00e4m\u00f6ispuku<\/a><span class=\"wp-block-post-terms__separator\">, <\/span><a href=\"https:\/\/kivennapaseura.fi\/?tag=entiset-kivennapalaiset-ry\" rel=\"tag\">Entiset kivennapalaiset ry<\/a><span class=\"wp-block-post-terms__separator\">, <\/span><a href=\"https:\/\/kivennapaseura.fi\/?tag=henttinen-seppo\" rel=\"tag\">Henttinen Seppo<\/a><span class=\"wp-block-post-terms__separator\">, <\/span><a href=\"https:\/\/kivennapaseura.fi\/?tag=kansallispuvut\" rel=\"tag\">kansallispuvut<\/a><span class=\"wp-block-post-terms__separator\">, <\/span><a href=\"https:\/\/kivennapaseura.fi\/?tag=karjalaiset-kesajuhlat\" rel=\"tag\">Karjalaiset kes\u00e4juhlat<\/a><span class=\"wp-block-post-terms__separator\">, <\/span><a href=\"https:\/\/kivennapaseura.fi\/?tag=karjalan-liitto\" rel=\"tag\">Karjalan Liitto<\/a><span class=\"wp-block-post-terms__separator\">, <\/span><a href=\"https:\/\/kivennapaseura.fi\/?tag=kivennapa\" rel=\"tag\">Kivennapa<\/a><span class=\"wp-block-post-terms__separator\">, <\/span><a href=\"https:\/\/kivennapaseura.fi\/?tag=kortelainen-anna\" rel=\"tag\">Kortelainen Anna<\/a><span class=\"wp-block-post-terms__separator\">, <\/span><a href=\"https:\/\/kivennapaseura.fi\/?tag=kulttuuriperinto\" rel=\"tag\">kulttuuriperint\u00f6<\/a><span class=\"wp-block-post-terms__separator\">, <\/span><a href=\"https:\/\/kivennapaseura.fi\/?tag=lehtonen-sirpa\" rel=\"tag\">Lehtonen Sirpa<\/a><span class=\"wp-block-post-terms__separator\">, <\/span><a href=\"https:\/\/kivennapaseura.fi\/?tag=levo-raija\" rel=\"tag\">Levo Raija<\/a><span class=\"wp-block-post-terms__separator\">, <\/span><a href=\"https:\/\/kivennapaseura.fi\/?tag=liput\" rel=\"tag\">liput<\/a><span class=\"wp-block-post-terms__separator\">, <\/span><a href=\"https:\/\/kivennapaseura.fi\/?tag=makinen-pentti\" rel=\"tag\">M\u00e4kinen Pentti<\/a><span class=\"wp-block-post-terms__separator\">, <\/span><a href=\"https:\/\/kivennapaseura.fi\/?tag=orn-outi\" rel=\"tag\">\u00d6rn Outi<\/a><span class=\"wp-block-post-terms__separator\">, <\/span><a href=\"https:\/\/kivennapaseura.fi\/?tag=raivola-seura-ry\" rel=\"tag\">Raivola-seura ry<\/a><span class=\"wp-block-post-terms__separator\">, <\/span><a href=\"https:\/\/kivennapaseura.fi\/?tag=tapahtumat\" rel=\"tag\">tapahtumat<\/a><\/div>","protected":false},"excerpt":{"rendered":"<p>Karjalaiset kes\u00e4juhlat ovat kaikille avoimet juhlat, jotka j\u00e4rjestet\u00e4\u00e4n kerran vuodessa viikkoa ennen juhannusta eri puolilla Suomea. Kivennapaseuran puheenjohtaja&nbsp;Pentti M\u00e4kinen&nbsp;kertoo kes\u00e4n 2022 Karjalaisista kes\u00e4juhlista. Raumalla pidettiin 17.-19.6.2022 Karjalaiset kes\u00e4juhlat. Kahden koronakes\u00e4n aiheuttaman tauon j\u00e4lkeen pidetyt&nbsp;kes\u00e4juhlat houkuttelivat yhteens\u00e4 noin 10 000 juhlijaa Raumalle. Vieraita tuli eri puolilta Suomea. Jokainen tunsi varmasti suurta iloa siit\u00e4, ett\u00e4 j\u00e4lleen voitiin &hellip;<\/p>\n<p class=\"read-more\"> <a class=\"\" href=\"https:\/\/kivennapaseura.fi\/?p=5175\"> <span class=\"screen-reader-text\">Kivennapa n\u00e4kyi Karjalaisten kes\u00e4juhlilla<\/span> Lue lis\u00e4\u00e4 &raquo;<\/a><\/p>\n","protected":false},"author":11,"featured_media":5177,"comment_status":"closed","ping_status":"closed","sticky":false,"template":"","format":"standard","meta":{"site-sidebar-layout":"default","site-content-layout":"default","ast-global-header-display":"","ast-main-header-display":"","ast-hfb-above-header-display":"","ast-hfb-below-header-display":"","ast-hfb-mobile-header-display":"","site-post-title":"","ast-breadcrumbs-content":"","ast-featured-img":"disabled","footer-sml-layout":"","theme-transparent-header-meta":"","adv-header-id-meta":"","stick-header-meta":"","header-above-stick-meta":"","header-main-stick-meta":"","header-below-stick-meta":""},"categories":[130],"tags":[121,224,226,118,222,120,17,227,228,117,110,223,132,229,225,12],"yoast_head":"<!-- This site is optimized with the Yoast SEO plugin v18.8 - https:\/\/yoast.com\/wordpress\/plugins\/seo\/ -->\n<title>Kivennapa n\u00e4kyi Karjalaisten kes\u00e4juhlilla - Kivennapaseura<\/title>\n<meta name=\"description\" content=\"Kivennapaseuran puheenjohtaja\u00a0Pentti M\u00e4kinen\u00a0kertoo kes\u00e4n 2022 Karjalaisista kes\u00e4juhlista, jotka pidettiin Raumalla 17.-19.6.2022.\" \/>\n<meta name=\"robots\" content=\"index, follow, max-snippet:-1, max-image-preview:large, max-video-preview:-1\" \/>\n<link rel=\"canonical\" href=\"https:\/\/kivennapaseura.fi\/?p=5175\" \/>\n<meta property=\"og:locale\" content=\"fi_FI\" \/>\n<meta property=\"og:type\" content=\"article\" \/>\n<meta property=\"og:title\" content=\"Kivennapa n\u00e4kyi Karjalaisten kes\u00e4juhlilla - Kivennapaseura\" \/>\n<meta property=\"og:description\" content=\"Kivennapaseuran puheenjohtaja\u00a0Pentti M\u00e4kinen\u00a0kertoo kes\u00e4n 2022 Karjalaisista kes\u00e4juhlista, jotka pidettiin Raumalla 17.-19.6.2022.\" \/>\n<meta property=\"og:url\" content=\"https:\/\/kivennapaseura.fi\/?p=5175\" \/>\n<meta property=\"og:site_name\" content=\"Kivennapaseura\" \/>\n<meta property=\"article:published_time\" content=\"2022-06-27T13:07:44+00:00\" \/>\n<meta property=\"article:modified_time\" content=\"2023-01-23T16:27:17+00:00\" \/>\n<meta property=\"og:image\" content=\"http:\/\/kivennapaseura.fi\/wp-content\/uploads\/2022\/06\/Karjalaiset_kesajuhlat_2022_Rauma_Kivennapaseura.jpg\" \/>\n\t<meta property=\"og:image:width\" content=\"400\" \/>\n\t<meta property=\"og:image:height\" content=\"522\" \/>\n\t<meta property=\"og:image:type\" content=\"image\/jpeg\" \/>\n<meta name=\"twitter:card\" content=\"summary_large_image\" \/>\n<meta name=\"twitter:image\" content=\"https:\/\/kivennapaseura.fi\/wp-content\/uploads\/2022\/06\/Karjalaiset_kesajuhlat_2022_Rauma_Kivennapaseura.jpg\" \/>\n<meta name=\"twitter:label1\" content=\"Kirjoittanut\" \/>\n\t<meta name=\"twitter:data1\" content=\"Pentti M\u00e4kinen\" \/>\n\t<meta name=\"twitter:label2\" content=\"Arvioitu lukuaika\" \/>\n\t<meta name=\"twitter:data2\" content=\"3 minuuttia\" \/>\n<script type=\"application\/ld+json\" class=\"yoast-schema-graph\">{\"@context\":\"https:\/\/schema.org\",\"@graph\":[{\"@type\":\"WebSite\",\"@id\":\"https:\/\/kivennapaseura.fi\/#website\",\"url\":\"https:\/\/kivennapaseura.fi\/\",\"name\":\"Kivennapaseura\",\"description\":\"Kivennapaseuran kotisivut\",\"potentialAction\":[{\"@type\":\"SearchAction\",\"target\":{\"@type\":\"EntryPoint\",\"urlTemplate\":\"https:\/\/kivennapaseura.fi\/?s={search_term_string}\"},\"query-input\":\"required name=search_term_string\"}],\"inLanguage\":\"fi\"},{\"@type\":\"ImageObject\",\"inLanguage\":\"fi\",\"@id\":\"https:\/\/kivennapaseura.fi\/?p=5175#primaryimage\",\"url\":\"https:\/\/kivennapaseura.fi\/wp-content\/uploads\/2022\/06\/Karjalaiset_kesajuhlat_2022_Rauma_Kivennapaseura.jpg\",\"contentUrl\":\"https:\/\/kivennapaseura.fi\/wp-content\/uploads\/2022\/06\/Karjalaiset_kesajuhlat_2022_Rauma_Kivennapaseura.jpg\",\"width\":400,\"height\":522,\"caption\":\"Kansallispukuisia ihmisi\u00e4 kulkueessa kes\u00e4isess\u00e4 s\u00e4\u00e4ss\u00e4. Kyltiss\u00e4 lukee Kivennapa.\"},{\"@type\":\"WebPage\",\"@id\":\"https:\/\/kivennapaseura.fi\/?p=5175#webpage\",\"url\":\"https:\/\/kivennapaseura.fi\/?p=5175\",\"name\":\"Kivennapa n\u00e4kyi Karjalaisten kes\u00e4juhlilla - Kivennapaseura\",\"isPartOf\":{\"@id\":\"https:\/\/kivennapaseura.fi\/#website\"},\"primaryImageOfPage\":{\"@id\":\"https:\/\/kivennapaseura.fi\/?p=5175#primaryimage\"},\"datePublished\":\"2022-06-27T13:07:44+00:00\",\"dateModified\":\"2023-01-23T16:27:17+00:00\",\"author\":{\"@id\":\"https:\/\/kivennapaseura.fi\/#\/schema\/person\/f0bb13c49fae7afa6b6dacda47d76c4b\"},\"description\":\"Kivennapaseuran puheenjohtaja\u00a0Pentti M\u00e4kinen\u00a0kertoo kes\u00e4n 2022 Karjalaisista kes\u00e4juhlista, jotka pidettiin Raumalla 17.-19.6.2022.\",\"breadcrumb\":{\"@id\":\"https:\/\/kivennapaseura.fi\/?p=5175#breadcrumb\"},\"inLanguage\":\"fi\",\"potentialAction\":[{\"@type\":\"ReadAction\",\"target\":[\"https:\/\/kivennapaseura.fi\/?p=5175\"]}]},{\"@type\":\"BreadcrumbList\",\"@id\":\"https:\/\/kivennapaseura.fi\/?p=5175#breadcrumb\",\"itemListElement\":[{\"@type\":\"ListItem\",\"position\":1,\"name\":\"Etusivu\",\"item\":\"https:\/\/kivennapaseura.fi\/\"},{\"@type\":\"ListItem\",\"position\":2,\"name\":\"Kivennapa n\u00e4kyi Karjalaisten kes\u00e4juhlilla\"}]},{\"@type\":\"Person\",\"@id\":\"https:\/\/kivennapaseura.fi\/#\/schema\/person\/f0bb13c49fae7afa6b6dacda47d76c4b\",\"name\":\"Pentti M\u00e4kinen\",\"image\":{\"@type\":\"ImageObject\",\"inLanguage\":\"fi\",\"@id\":\"https:\/\/kivennapaseura.fi\/#\/schema\/person\/image\/\",\"url\":\"https:\/\/secure.gravatar.com\/avatar\/7002e7fa049898a519c18d232453bb89?s=96&d=mm&r=g\",\"contentUrl\":\"https:\/\/secure.gravatar.com\/avatar\/7002e7fa049898a519c18d232453bb89?s=96&d=mm&r=g\",\"caption\":\"Pentti M\u00e4kinen\"},\"url\":\"https:\/\/kivennapaseura.fi\/?author=11\"}]}<\/script>\n<!-- \/ Yoast SEO plugin. -->","yoast_head_json":{"title":"Kivennapa n\u00e4kyi Karjalaisten kes\u00e4juhlilla - Kivennapaseura","description":"Kivennapaseuran puheenjohtaja\u00a0Pentti M\u00e4kinen\u00a0kertoo kes\u00e4n 2022 Karjalaisista kes\u00e4juhlista, jotka pidettiin Raumalla 17.-19.6.2022.","robots":{"index":"index","follow":"follow","max-snippet":"max-snippet:-1","max-image-preview":"max-image-preview:large","max-video-preview":"max-video-preview:-1"},"canonical":"https:\/\/kivennapaseura.fi\/?p=5175","og_locale":"fi_FI","og_type":"article","og_title":"Kivennapa n\u00e4kyi Karjalaisten kes\u00e4juhlilla - Kivennapaseura","og_description":"Kivennapaseuran puheenjohtaja\u00a0Pentti M\u00e4kinen\u00a0kertoo kes\u00e4n 2022 Karjalaisista kes\u00e4juhlista, jotka pidettiin Raumalla 17.-19.6.2022.","og_url":"https:\/\/kivennapaseura.fi\/?p=5175","og_site_name":"Kivennapaseura","article_published_time":"2022-06-27T13:07:44+00:00","article_modified_time":"2023-01-23T16:27:17+00:00","og_image":[{"width":400,"height":522,"url":"http:\/\/kivennapaseura.fi\/wp-content\/uploads\/2022\/06\/Karjalaiset_kesajuhlat_2022_Rauma_Kivennapaseura.jpg","type":"image\/jpeg"}],"twitter_card":"summary_large_image","twitter_image":"https:\/\/kivennapaseura.fi\/wp-content\/uploads\/2022\/06\/Karjalaiset_kesajuhlat_2022_Rauma_Kivennapaseura.jpg","twitter_misc":{"Kirjoittanut":"Pentti M\u00e4kinen","Arvioitu lukuaika":"3 minuuttia"},"schema":{"@context":"https:\/\/schema.org","@graph":[{"@type":"WebSite","@id":"https:\/\/kivennapaseura.fi\/#website","url":"https:\/\/kivennapaseura.fi\/","name":"Kivennapaseura","description":"Kivennapaseuran kotisivut","potentialAction":[{"@type":"SearchAction","target":{"@type":"EntryPoint","urlTemplate":"https:\/\/kivennapaseura.fi\/?s={search_term_string}"},"query-input":"required name=search_term_string"}],"inLanguage":"fi"},{"@type":"ImageObject","inLanguage":"fi","@id":"https:\/\/kivennapaseura.fi\/?p=5175#primaryimage","url":"https:\/\/kivennapaseura.fi\/wp-content\/uploads\/2022\/06\/Karjalaiset_kesajuhlat_2022_Rauma_Kivennapaseura.jpg","contentUrl":"https:\/\/kivennapaseura.fi\/wp-content\/uploads\/2022\/06\/Karjalaiset_kesajuhlat_2022_Rauma_Kivennapaseura.jpg","width":400,"height":522,"caption":"Kansallispukuisia ihmisi\u00e4 kulkueessa kes\u00e4isess\u00e4 s\u00e4\u00e4ss\u00e4. Kyltiss\u00e4 lukee Kivennapa."},{"@type":"WebPage","@id":"https:\/\/kivennapaseura.fi\/?p=5175#webpage","url":"https:\/\/kivennapaseura.fi\/?p=5175","name":"Kivennapa n\u00e4kyi Karjalaisten kes\u00e4juhlilla - Kivennapaseura","isPartOf":{"@id":"https:\/\/kivennapaseura.fi\/#website"},"primaryImageOfPage":{"@id":"https:\/\/kivennapaseura.fi\/?p=5175#primaryimage"},"datePublished":"2022-06-27T13:07:44+00:00","dateModified":"2023-01-23T16:27:17+00:00","author":{"@id":"https:\/\/kivennapaseura.fi\/#\/schema\/person\/f0bb13c49fae7afa6b6dacda47d76c4b"},"description":"Kivennapaseuran puheenjohtaja\u00a0Pentti M\u00e4kinen\u00a0kertoo kes\u00e4n 2022 Karjalaisista kes\u00e4juhlista, jotka pidettiin Raumalla 17.-19.6.2022.","breadcrumb":{"@id":"https:\/\/kivennapaseura.fi\/?p=5175#breadcrumb"},"inLanguage":"fi","potentialAction":[{"@type":"ReadAction","target":["https:\/\/kivennapaseura.fi\/?p=5175"]}]},{"@type":"BreadcrumbList","@id":"https:\/\/kivennapaseura.fi\/?p=5175#breadcrumb","itemListElement":[{"@type":"ListItem","position":1,"name":"Etusivu","item":"https:\/\/kivennapaseura.fi\/"},{"@type":"ListItem","position":2,"name":"Kivennapa n\u00e4kyi Karjalaisten kes\u00e4juhlilla"}]},{"@type":"Person","@id":"https:\/\/kivennapaseura.fi\/#\/schema\/person\/f0bb13c49fae7afa6b6dacda47d76c4b","name":"Pentti M\u00e4kinen","image":{"@type":"ImageObject","inLanguage":"fi","@id":"https:\/\/kivennapaseura.fi\/#\/schema\/person\/image\/","url":"https:\/\/secure.gravatar.com\/avatar\/7002e7fa049898a519c18d232453bb89?s=96&d=mm&r=g","contentUrl":"https:\/\/secure.gravatar.com\/avatar\/7002e7fa049898a519c18d232453bb89?s=96&d=mm&r=g","caption":"Pentti M\u00e4kinen"},"url":"https:\/\/kivennapaseura.fi\/?author=11"}]}},"_links":{"self":[{"href":"https:\/\/kivennapaseura.fi\/index.php?rest_route=\/wp\/v2\/posts\/5175"}],"collection":[{"href":"https:\/\/kivennapaseura.fi\/index.php?rest_route=\/wp\/v2\/posts"}],"about":[{"href":"https:\/\/kivennapaseura.fi\/index.php?rest_route=\/wp\/v2\/types\/post"}],"author":[{"embeddable":true,"href":"https:\/\/kivennapaseura.fi\/index.php?rest_route=\/wp\/v2\/users\/11"}],"replies":[{"embeddable":true,"href":"https:\/\/kivennapaseura.fi\/index.php?rest_route=%2Fwp%2Fv2%2Fcomments&post=5175"}],"version-history":[{"count":10,"href":"https:\/\/kivennapaseura.fi\/index.php?rest_route=\/wp\/v2\/posts\/5175\/revisions"}],"predecessor-version":[{"id":5574,"href":"https:\/\/kivennapaseura.fi\/index.php?rest_route=\/wp\/v2\/posts\/5175\/revisions\/5574"}],"wp:featuredmedia":[{"embeddable":true,"href":"https:\/\/kivennapaseura.fi\/index.php?rest_route=\/wp\/v2\/media\/5177"}],"wp:attachment":[{"href":"https:\/\/kivennapaseura.fi\/index.php?rest_route=%2Fwp%2Fv2%2Fmedia&parent=5175"}],"wp:term":[{"taxonomy":"category","embeddable":true,"href":"https:\/\/kivennapaseura.fi\/index.php?rest_route=%2Fwp%2Fv2%2Fcategories&post=5175"},{"taxonomy":"post_tag","embeddable":true,"href":"https:\/\/kivennapaseura.fi\/index.php?rest_route=%2Fwp%2Fv2%2Ftags&post=5175"}],"curies":[{"name":"wp","href":"https:\/\/api.w.org\/{rel}","templated":true}]}}