{"id":5189,"date":"2022-06-27T19:00:51","date_gmt":"2022-06-27T16:00:51","guid":{"rendered":"https:\/\/kivennapaseura.fi\/?p=5189"},"modified":"2022-07-31T18:24:07","modified_gmt":"2022-07-31T15:24:07","slug":"kivennapaseuran-haastattelussa-mari-merilainen","status":"publish","type":"post","link":"https:\/\/kivennapaseura.fi\/?p=5189","title":{"rendered":"Kivennapaseuran haastattelussa: Mari Meril\u00e4inen"},"content":{"rendered":"\n<p><strong>Kivennapaseuran haastattelussa -sarja esittelee Kivennapaseuran hallituksen ja seuran j\u00e4seni\u00e4, Kivennavan historiaa harrastavia ja tutkivia sek\u00e4 karjalaisista juurista ja asioista kiinnostuneita ihmisi\u00e4. Tarinat Kivennavalta ovat kiinnostaneet Mari Meril\u00e4ist\u00e4 pienest\u00e4 l\u00e4htien. Niit\u00e4 h\u00e4n on kuullut aivan varhaislapsuudestaan 1970-luvulta alkaen. Nyt niiden tietojen ja tarinoiden arvo on entist\u00e4kin suurempi, kun muistojen kertojia on keskuudessamme vuosi vuodelta v\u00e4hemm\u00e4n.<\/strong> <strong>Yksi Mari Meril\u00e4isen harrastuksista on valokuvaus luonnossa liikkuessa. H\u00e4nen luontokuviaan voi n\u00e4hd\u00e4 my\u00f6s joissakin Kivennapaseuran verkkosivujen artikkeleissa.<\/strong><br><\/p>\n\n\n\n<figure class=\"wp-block-image size-full\"><a href=\"http:\/\/kivennapaseura.fi\/wp-content\/uploads\/2022\/06\/Kivennapaseuran_haastattelussa_Mari_Merilainen.jpg\"><img loading=\"lazy\" width=\"300\" height=\"300\" src=\"http:\/\/kivennapaseura.fi\/wp-content\/uploads\/2022\/06\/Kivennapaseuran_haastattelussa_Mari_Merilainen.jpg\" alt=\"Nainen istuu vanhan rakennuksen portailla.\" class=\"wp-image-5190\" srcset=\"https:\/\/kivennapaseura.fi\/wp-content\/uploads\/2022\/06\/Kivennapaseuran_haastattelussa_Mari_Merilainen.jpg 300w, https:\/\/kivennapaseura.fi\/wp-content\/uploads\/2022\/06\/Kivennapaseuran_haastattelussa_Mari_Merilainen-150x150.jpg 150w\" sizes=\"(max-width: 300px) 100vw, 300px\" \/><\/a><figcaption><em>Mari Meril\u00e4inen<\/em><\/figcaption><\/figure>\n\n\n\n<p><strong>Miten Kivennapa liittyy sinun sukusi vaiheisiin?<\/strong><\/p>\n\n\n\n<p>Olen \u201dvartin verran karjalainen\u201d, mutta miten se tuntuukin niin isolta vartilta? Is\u00e4ni Erkki Taarastin \u00e4iti Anna Taarasti os. Taponen syntyi vuonna 1900 Kivennavalla Kekrolan kyl\u00e4ss\u00e4. Mummoni ei ollut evakko, vaan h\u00e4net oli palkattu ennen sotia karjakoksi Hollolan Noitalan kyl\u00e4\u00e4n. Kun sodan uhka pakotti kivennapalaiset sukulaiseni j\u00e4tt\u00e4m\u00e4\u00e4n kotiseutunsa lokakuussa 1939, niin silloin Kivennavalta tuli mummoni sisaria perheineen mummoni h\u00e4m\u00e4l\u00e4iseen kotiin sodalta turvaan.<\/p>\n\n\n\n<p><br><strong>Kuka tai mik\u00e4 her\u00e4tti sinun mielenkiintosi Kivennapaan?<\/strong><\/p>\n\n\n\n<p>Min\u00e4 olen ollut kiinnostunut Kivennavasta ja siell\u00e4 el\u00e4neist\u00e4 sukulaisistani jo hyvin nuorena. Kyselin mielell\u00e4ni mummolta h\u00e4nen lapsuudestaan ja yritin painaa tarinoita mieleeni. My\u00f6hemmin sain tutustua l\u00e4heisesti is\u00e4ni serkkuihin Airi Hoffreniin ja Maire Taposeen, joille rakkaus Karjalaan oli syv\u00e4\u00e4 ja el\u00e4v\u00e4\u00e4. Heid\u00e4n innostuksensa tarttui minuun. Olen saanut kuulla ja lukea Kivennavasta. Lis\u00e4ksi olen saanut n\u00e4hd\u00e4 valokuvia ja piirroksia. N\u00e4ist\u00e4 on mieleeni piirtynyt todentuntuinen kuva Kivennavan maisemista ja siell\u00e4 asuneista ihmisist\u00e4.<\/p>\n\n\n\n<p><br><strong>Miksi mielest\u00e4si ihmisten on t\u00e4rke\u00e4\u00e4 tiet\u00e4\u00e4 alueista, jotka Suomi menetti toisen maailmansodan seurauksena sek\u00e4 siit\u00e4, ett\u00e4 sen vuoksi 400\u2009000 suomalaista joutui j\u00e4tt\u00e4m\u00e4\u00e4n kotinsa? <\/strong><\/p>\n\n\n\n<p>Karjalasta luopuminen on k\u00e4sitt\u00e4m\u00e4t\u00f6n katastrofi. Menetys on kohtuuton siell\u00e4 asuneille ihmisille, mutta my\u00f6s koko Suomelle. On t\u00e4rke\u00e4\u00e4 tiet\u00e4\u00e4, jotta ymm\u00e4rt\u00e4\u00e4 ja kun ymm\u00e4rt\u00e4\u00e4 niin kunnioittaa. Ne Kivennavalle j\u00e4\u00e4neet kodit, tiet, talot, pellot ja mets\u00e4t ovat merkinneet kaikkea siell\u00e4 asuneille ihmisille. Niit\u00e4 maisemia on rakastettu ja niist\u00e4 asukkaat ovat saaneet kaiken, mit\u00e4 el\u00e4m\u00e4\u00e4n on tarvittu. On t\u00e4rke\u00e4\u00e4, ett\u00e4 tied\u00e4mme my\u00f6s siksi, ett\u00e4 rikkaat ja rakkaat tarinat, kulttuuri ja perinteet voivat jatkaa el\u00e4m\u00e4\u00e4ns\u00e4.<\/p>\n\n\n\n<p><br><strong>Kerro joku Kivennapaan liittyv\u00e4 tarina tai tieto, jonka haluat jakaa t\u00e4m\u00e4n haastattelun lukijoille.<\/strong><\/p>\n\n\n\n<p>Kivennavan Kekrolassa, l\u00e4hell\u00e4 mummoni suvun koteja, oli kivi, jota kutsutiin Karhukiveksi. Kivell\u00e4 oli vuosikymmeni\u00e4, ellei vuosisatoja aina uusi sukupolvi leikkinyt. Sama kivi on siell\u00e4 edelleen satoja leikkej\u00e4 n\u00e4hneen\u00e4. Is\u00e4ni serkku Airi Hoffren kertoi Karhukivest\u00e4 n\u00e4in:<\/p>\n\n\n\n<p><em>&#8221;Viljaamlais pihas ol Karhukiv. Siin ol karhu tassu j\u00e4lkii. My\u00f6 leikittii sen kive valtaamista. Yks tytt\u00f6 seiso kive p\u00e4\u00e4l kui kuningas. Siin sit m\u00e4nniit vaatteet \u00e4kki\u00e4 riekaleiks. \u00c4iti motkotti, is\u00e4 senko myhh\u00e4il. Is\u00e4l v\u00e4llee tul mielee, et tulha siin oteltuu. Se motkottamine m\u00e4n jotenkii aika v\u00e4hhii. \u00c4iti vissii arvas, et ko pojat otteliit, ni tul v\u00e4llee riekaleita aika \u00e4kki\u00e4. Ol mummokii torunt poikii, et koi mitk\u00e4\u00e4 vaatteet kest\u00e4. Kuinkaha monen sukupolve ajan se karhukiv on olt se kaikist suur syyylline siihe, ko ne lapsii hyntteet m\u00e4nn\u00f6\u00f6t riekaleiks nii sukkelaa?&#8221;<\/em><\/p>\n\n\n\n<p><br><strong>Mik\u00e4 tuo sinulle iloa el\u00e4m\u00e4\u00e4n?<\/strong><\/p>\n\n\n\n<p>Voi, niit\u00e4 on niin monia, mist\u00e4 aloittaisin. Ennen kaikkea l\u00e4heiset ihmiset ja erityisesti perhe ja koti. Koti on maailman paras paikka. Liikun paljon luonnossa ja luonnossa olevien pienten ja suurten yksityiskohtien huomaaminen on minulle merkityksellist\u00e4 ja ainainen ihmettelyn aihe. Py\u00f6r\u00e4ilen paljon. Jo edesmennyt is\u00e4ni serkku Maire Taponen oli my\u00f6s innokas py\u00f6r\u00e4ilij\u00e4. Maire sanoi ik\u00e4\u00e4ntyneen\u00e4, kun ei en\u00e4\u00e4 voinut py\u00f6r\u00e4ill\u00e4, ett\u00e4 katsoo py\u00f6r\u00e4ilij\u00f6it\u00e4 ikkunasta ja voi edelleen tuntea kasvoillaan tuulen tunteen. Usein ajattelenkin py\u00f6r\u00e4illess\u00e4ni t\u00e4t\u00e4, on iso onni, kun jalat toimii ja py\u00f6r\u00e4ll\u00e4 p\u00e4\u00e4see. Yksi el\u00e4m\u00e4\u00e4n iloa tuova seikka on my\u00f6s lukeminen. Lukemalla p\u00e4\u00e4see sellaisiinkin maisemin, joita ei en\u00e4\u00e4 ole, kuten vaikkapa Kivennavan maisemiin, joihin ilman kirjoitettua teksti\u00e4 ei en\u00e4\u00e4 olisi mahdollista p\u00e4\u00e4st\u00e4.<br><br><\/p>\n\n\n\n<p>Lue lis\u00e4\u00e4:<br>\u2013&nbsp;<a href=\"https:\/\/kivennapaseura.fi\/?cat=128\">Kivennapaseuran haastattelussa -sarja<\/a><\/p>\n\n\n\n<p><br><em>Julkaistu: 27.6.2022<\/em><\/p>\n\n\n\n<h6>Asiasanat<\/h6>\n\n\n<div class=\"taxonomy-post_tag wp-block-post-terms\"><a href=\"https:\/\/kivennapaseura.fi\/?tag=hoffren-airi\" rel=\"tag\">Hoffren Airi<\/a><span class=\"wp-block-post-terms__separator\">, <\/span><a href=\"https:\/\/kivennapaseura.fi\/?tag=kekrola\" rel=\"tag\">Kekrola<\/a><span class=\"wp-block-post-terms__separator\">, <\/span><a href=\"https:\/\/kivennapaseura.fi\/?tag=kivennapa\" rel=\"tag\">Kivennapa<\/a><span class=\"wp-block-post-terms__separator\">, <\/span><a href=\"https:\/\/kivennapaseura.fi\/?tag=merilainen-mari\" rel=\"tag\">Meril\u00e4inen Mari<\/a><span class=\"wp-block-post-terms__separator\">, <\/span><a href=\"https:\/\/kivennapaseura.fi\/?tag=perheet\" rel=\"tag\">perheet<\/a><span class=\"wp-block-post-terms__separator\">, <\/span><a href=\"https:\/\/kivennapaseura.fi\/?tag=sukupolvet\" rel=\"tag\">sukupolvet<\/a><span class=\"wp-block-post-terms__separator\">, <\/span><a href=\"https:\/\/kivennapaseura.fi\/?tag=suvut\" rel=\"tag\">suvut<\/a><\/div>","protected":false},"excerpt":{"rendered":"<p>Kivennapaseuran haastattelussa -sarja esittelee Kivennapaseuran hallituksen ja seuran j\u00e4seni\u00e4, Kivennavan historiaa harrastavia ja tutkivia sek\u00e4 karjalaisista juurista ja asioista kiinnostuneita ihmisi\u00e4. Tarinat Kivennavalta ovat kiinnostaneet Mari Meril\u00e4ist\u00e4 pienest\u00e4 l\u00e4htien. Niit\u00e4 h\u00e4n on kuullut aivan varhaislapsuudestaan 1970-luvulta alkaen. Nyt niiden tietojen ja tarinoiden arvo on entist\u00e4kin suurempi, kun muistojen kertojia on keskuudessamme vuosi vuodelta v\u00e4hemm\u00e4n. Yksi &hellip;<\/p>\n<p class=\"read-more\"> <a class=\"\" href=\"https:\/\/kivennapaseura.fi\/?p=5189\"> <span class=\"screen-reader-text\">Kivennapaseuran haastattelussa: Mari Meril\u00e4inen<\/span> Lue lis\u00e4\u00e4 &raquo;<\/a><\/p>\n","protected":false},"author":7,"featured_media":5190,"comment_status":"closed","ping_status":"closed","sticky":false,"template":"","format":"standard","meta":{"site-sidebar-layout":"default","site-content-layout":"default","ast-global-header-display":"","ast-main-header-display":"","ast-hfb-above-header-display":"","ast-hfb-below-header-display":"","ast-hfb-mobile-header-display":"","site-post-title":"","ast-breadcrumbs-content":"","ast-featured-img":"disabled","footer-sml-layout":"","theme-transparent-header-meta":"","adv-header-id-meta":"","stick-header-meta":"","header-above-stick-meta":"","header-main-stick-meta":"","header-below-stick-meta":""},"categories":[128],"tags":[148,140,17,230,134,144,133],"yoast_head":"<!-- This site is optimized with the Yoast SEO plugin v18.8 - https:\/\/yoast.com\/wordpress\/plugins\/seo\/ -->\n<title>Kivennapaseuran haastattelussa: Mari Meril\u00e4inen - Kivennapaseura<\/title>\n<meta name=\"description\" content=\"Mari Meril\u00e4inen Kivennapaseuran haastattelussa -sarjassa. Sarja esittelee seuran j\u00e4seni\u00e4 sek\u00e4 Kivennavan historiaa harrastavia ja karjalaisista juurista kiinnostuneita.\" \/>\n<meta name=\"robots\" content=\"index, follow, max-snippet:-1, max-image-preview:large, max-video-preview:-1\" \/>\n<link rel=\"canonical\" href=\"https:\/\/kivennapaseura.fi\/?p=5189\" \/>\n<meta property=\"og:locale\" content=\"fi_FI\" \/>\n<meta property=\"og:type\" content=\"article\" \/>\n<meta property=\"og:title\" content=\"Kivennapaseuran haastattelussa: Mari Meril\u00e4inen - Kivennapaseura\" \/>\n<meta property=\"og:description\" content=\"Mari Meril\u00e4inen Kivennapaseuran haastattelussa -sarjassa. Sarja esittelee seuran j\u00e4seni\u00e4 sek\u00e4 Kivennavan historiaa harrastavia ja karjalaisista juurista kiinnostuneita.\" \/>\n<meta property=\"og:url\" content=\"https:\/\/kivennapaseura.fi\/?p=5189\" \/>\n<meta property=\"og:site_name\" content=\"Kivennapaseura\" \/>\n<meta property=\"article:published_time\" content=\"2022-06-27T16:00:51+00:00\" \/>\n<meta property=\"article:modified_time\" content=\"2022-07-31T15:24:07+00:00\" \/>\n<meta property=\"og:image\" content=\"http:\/\/kivennapaseura.fi\/wp-content\/uploads\/2022\/06\/Kivennapaseuran_haastattelussa_Mari_Merilainen_some.jpg\" \/>\n\t<meta property=\"og:image:width\" content=\"1600\" \/>\n\t<meta property=\"og:image:height\" content=\"900\" \/>\n\t<meta property=\"og:image:type\" content=\"image\/jpeg\" \/>\n<meta name=\"twitter:card\" content=\"summary_large_image\" \/>\n<meta name=\"twitter:image\" content=\"https:\/\/kivennapaseura.fi\/wp-content\/uploads\/2022\/06\/Kivennapaseuran_haastattelussa_Mari_Merilainen_some.jpg\" \/>\n<meta name=\"twitter:label1\" content=\"Kirjoittanut\" \/>\n\t<meta name=\"twitter:data1\" content=\"Riitta Taarasti\" \/>\n\t<meta name=\"twitter:label2\" content=\"Arvioitu lukuaika\" \/>\n\t<meta name=\"twitter:data2\" content=\"4 minuuttia\" \/>\n<script type=\"application\/ld+json\" class=\"yoast-schema-graph\">{\"@context\":\"https:\/\/schema.org\",\"@graph\":[{\"@type\":\"WebSite\",\"@id\":\"https:\/\/kivennapaseura.fi\/#website\",\"url\":\"https:\/\/kivennapaseura.fi\/\",\"name\":\"Kivennapaseura\",\"description\":\"Kivennapaseuran kotisivut\",\"potentialAction\":[{\"@type\":\"SearchAction\",\"target\":{\"@type\":\"EntryPoint\",\"urlTemplate\":\"https:\/\/kivennapaseura.fi\/?s={search_term_string}\"},\"query-input\":\"required name=search_term_string\"}],\"inLanguage\":\"fi\"},{\"@type\":\"ImageObject\",\"inLanguage\":\"fi\",\"@id\":\"https:\/\/kivennapaseura.fi\/?p=5189#primaryimage\",\"url\":\"https:\/\/kivennapaseura.fi\/wp-content\/uploads\/2022\/06\/Kivennapaseuran_haastattelussa_Mari_Merilainen_some.jpg\",\"contentUrl\":\"https:\/\/kivennapaseura.fi\/wp-content\/uploads\/2022\/06\/Kivennapaseuran_haastattelussa_Mari_Merilainen_some.jpg\",\"width\":1600,\"height\":900,\"caption\":\"Nainen istuu vanhan rakennuksen portailla.\"},{\"@type\":\"WebPage\",\"@id\":\"https:\/\/kivennapaseura.fi\/?p=5189#webpage\",\"url\":\"https:\/\/kivennapaseura.fi\/?p=5189\",\"name\":\"Kivennapaseuran haastattelussa: Mari Meril\u00e4inen - Kivennapaseura\",\"isPartOf\":{\"@id\":\"https:\/\/kivennapaseura.fi\/#website\"},\"primaryImageOfPage\":{\"@id\":\"https:\/\/kivennapaseura.fi\/?p=5189#primaryimage\"},\"datePublished\":\"2022-06-27T16:00:51+00:00\",\"dateModified\":\"2022-07-31T15:24:07+00:00\",\"author\":{\"@id\":\"https:\/\/kivennapaseura.fi\/#\/schema\/person\/2c20136aecc32ddceb55e631be265d56\"},\"description\":\"Mari Meril\u00e4inen Kivennapaseuran haastattelussa -sarjassa. Sarja esittelee seuran j\u00e4seni\u00e4 sek\u00e4 Kivennavan historiaa harrastavia ja karjalaisista juurista kiinnostuneita.\",\"breadcrumb\":{\"@id\":\"https:\/\/kivennapaseura.fi\/?p=5189#breadcrumb\"},\"inLanguage\":\"fi\",\"potentialAction\":[{\"@type\":\"ReadAction\",\"target\":[\"https:\/\/kivennapaseura.fi\/?p=5189\"]}]},{\"@type\":\"BreadcrumbList\",\"@id\":\"https:\/\/kivennapaseura.fi\/?p=5189#breadcrumb\",\"itemListElement\":[{\"@type\":\"ListItem\",\"position\":1,\"name\":\"Etusivu\",\"item\":\"https:\/\/kivennapaseura.fi\/\"},{\"@type\":\"ListItem\",\"position\":2,\"name\":\"Kivennapaseuran haastattelussa: Mari Meril\u00e4inen\"}]},{\"@type\":\"Person\",\"@id\":\"https:\/\/kivennapaseura.fi\/#\/schema\/person\/2c20136aecc32ddceb55e631be265d56\",\"name\":\"Riitta Taarasti\",\"image\":{\"@type\":\"ImageObject\",\"inLanguage\":\"fi\",\"@id\":\"https:\/\/kivennapaseura.fi\/#\/schema\/person\/image\/\",\"url\":\"https:\/\/secure.gravatar.com\/avatar\/5e780fda4bde16bb4fafbb9386e51ecc?s=96&d=mm&r=g\",\"contentUrl\":\"https:\/\/secure.gravatar.com\/avatar\/5e780fda4bde16bb4fafbb9386e51ecc?s=96&d=mm&r=g\",\"caption\":\"Riitta Taarasti\"},\"url\":\"https:\/\/kivennapaseura.fi\/?author=7\"}]}<\/script>\n<!-- \/ Yoast SEO plugin. -->","yoast_head_json":{"title":"Kivennapaseuran haastattelussa: Mari Meril\u00e4inen - Kivennapaseura","description":"Mari Meril\u00e4inen Kivennapaseuran haastattelussa -sarjassa. Sarja esittelee seuran j\u00e4seni\u00e4 sek\u00e4 Kivennavan historiaa harrastavia ja karjalaisista juurista kiinnostuneita.","robots":{"index":"index","follow":"follow","max-snippet":"max-snippet:-1","max-image-preview":"max-image-preview:large","max-video-preview":"max-video-preview:-1"},"canonical":"https:\/\/kivennapaseura.fi\/?p=5189","og_locale":"fi_FI","og_type":"article","og_title":"Kivennapaseuran haastattelussa: Mari Meril\u00e4inen - Kivennapaseura","og_description":"Mari Meril\u00e4inen Kivennapaseuran haastattelussa -sarjassa. Sarja esittelee seuran j\u00e4seni\u00e4 sek\u00e4 Kivennavan historiaa harrastavia ja karjalaisista juurista kiinnostuneita.","og_url":"https:\/\/kivennapaseura.fi\/?p=5189","og_site_name":"Kivennapaseura","article_published_time":"2022-06-27T16:00:51+00:00","article_modified_time":"2022-07-31T15:24:07+00:00","og_image":[{"width":1600,"height":900,"url":"http:\/\/kivennapaseura.fi\/wp-content\/uploads\/2022\/06\/Kivennapaseuran_haastattelussa_Mari_Merilainen_some.jpg","type":"image\/jpeg"}],"twitter_card":"summary_large_image","twitter_image":"https:\/\/kivennapaseura.fi\/wp-content\/uploads\/2022\/06\/Kivennapaseuran_haastattelussa_Mari_Merilainen_some.jpg","twitter_misc":{"Kirjoittanut":"Riitta Taarasti","Arvioitu lukuaika":"4 minuuttia"},"schema":{"@context":"https:\/\/schema.org","@graph":[{"@type":"WebSite","@id":"https:\/\/kivennapaseura.fi\/#website","url":"https:\/\/kivennapaseura.fi\/","name":"Kivennapaseura","description":"Kivennapaseuran kotisivut","potentialAction":[{"@type":"SearchAction","target":{"@type":"EntryPoint","urlTemplate":"https:\/\/kivennapaseura.fi\/?s={search_term_string}"},"query-input":"required name=search_term_string"}],"inLanguage":"fi"},{"@type":"ImageObject","inLanguage":"fi","@id":"https:\/\/kivennapaseura.fi\/?p=5189#primaryimage","url":"https:\/\/kivennapaseura.fi\/wp-content\/uploads\/2022\/06\/Kivennapaseuran_haastattelussa_Mari_Merilainen_some.jpg","contentUrl":"https:\/\/kivennapaseura.fi\/wp-content\/uploads\/2022\/06\/Kivennapaseuran_haastattelussa_Mari_Merilainen_some.jpg","width":1600,"height":900,"caption":"Nainen istuu vanhan rakennuksen portailla."},{"@type":"WebPage","@id":"https:\/\/kivennapaseura.fi\/?p=5189#webpage","url":"https:\/\/kivennapaseura.fi\/?p=5189","name":"Kivennapaseuran haastattelussa: Mari Meril\u00e4inen - Kivennapaseura","isPartOf":{"@id":"https:\/\/kivennapaseura.fi\/#website"},"primaryImageOfPage":{"@id":"https:\/\/kivennapaseura.fi\/?p=5189#primaryimage"},"datePublished":"2022-06-27T16:00:51+00:00","dateModified":"2022-07-31T15:24:07+00:00","author":{"@id":"https:\/\/kivennapaseura.fi\/#\/schema\/person\/2c20136aecc32ddceb55e631be265d56"},"description":"Mari Meril\u00e4inen Kivennapaseuran haastattelussa -sarjassa. Sarja esittelee seuran j\u00e4seni\u00e4 sek\u00e4 Kivennavan historiaa harrastavia ja karjalaisista juurista kiinnostuneita.","breadcrumb":{"@id":"https:\/\/kivennapaseura.fi\/?p=5189#breadcrumb"},"inLanguage":"fi","potentialAction":[{"@type":"ReadAction","target":["https:\/\/kivennapaseura.fi\/?p=5189"]}]},{"@type":"BreadcrumbList","@id":"https:\/\/kivennapaseura.fi\/?p=5189#breadcrumb","itemListElement":[{"@type":"ListItem","position":1,"name":"Etusivu","item":"https:\/\/kivennapaseura.fi\/"},{"@type":"ListItem","position":2,"name":"Kivennapaseuran haastattelussa: Mari Meril\u00e4inen"}]},{"@type":"Person","@id":"https:\/\/kivennapaseura.fi\/#\/schema\/person\/2c20136aecc32ddceb55e631be265d56","name":"Riitta Taarasti","image":{"@type":"ImageObject","inLanguage":"fi","@id":"https:\/\/kivennapaseura.fi\/#\/schema\/person\/image\/","url":"https:\/\/secure.gravatar.com\/avatar\/5e780fda4bde16bb4fafbb9386e51ecc?s=96&d=mm&r=g","contentUrl":"https:\/\/secure.gravatar.com\/avatar\/5e780fda4bde16bb4fafbb9386e51ecc?s=96&d=mm&r=g","caption":"Riitta Taarasti"},"url":"https:\/\/kivennapaseura.fi\/?author=7"}]}},"_links":{"self":[{"href":"https:\/\/kivennapaseura.fi\/index.php?rest_route=\/wp\/v2\/posts\/5189"}],"collection":[{"href":"https:\/\/kivennapaseura.fi\/index.php?rest_route=\/wp\/v2\/posts"}],"about":[{"href":"https:\/\/kivennapaseura.fi\/index.php?rest_route=\/wp\/v2\/types\/post"}],"author":[{"embeddable":true,"href":"https:\/\/kivennapaseura.fi\/index.php?rest_route=\/wp\/v2\/users\/7"}],"replies":[{"embeddable":true,"href":"https:\/\/kivennapaseura.fi\/index.php?rest_route=%2Fwp%2Fv2%2Fcomments&post=5189"}],"version-history":[{"count":3,"href":"https:\/\/kivennapaseura.fi\/index.php?rest_route=\/wp\/v2\/posts\/5189\/revisions"}],"predecessor-version":[{"id":5193,"href":"https:\/\/kivennapaseura.fi\/index.php?rest_route=\/wp\/v2\/posts\/5189\/revisions\/5193"}],"wp:featuredmedia":[{"embeddable":true,"href":"https:\/\/kivennapaseura.fi\/index.php?rest_route=\/wp\/v2\/media\/5190"}],"wp:attachment":[{"href":"https:\/\/kivennapaseura.fi\/index.php?rest_route=%2Fwp%2Fv2%2Fmedia&parent=5189"}],"wp:term":[{"taxonomy":"category","embeddable":true,"href":"https:\/\/kivennapaseura.fi\/index.php?rest_route=%2Fwp%2Fv2%2Fcategories&post=5189"},{"taxonomy":"post_tag","embeddable":true,"href":"https:\/\/kivennapaseura.fi\/index.php?rest_route=%2Fwp%2Fv2%2Ftags&post=5189"}],"curies":[{"name":"wp","href":"https:\/\/api.w.org\/{rel}","templated":true}]}}