{"id":5201,"date":"2022-07-31T17:41:27","date_gmt":"2022-07-31T14:41:27","guid":{"rendered":"https:\/\/kivennapaseura.fi\/?p=5201"},"modified":"2022-07-31T17:41:46","modified_gmt":"2022-07-31T14:41:46","slug":"kivennapaseuran-haastattelussa-jaana-mansikka","status":"publish","type":"post","link":"https:\/\/kivennapaseura.fi\/?p=5201","title":{"rendered":"Kivennapaseuran haastattelussa: Jaana Mansikka"},"content":{"rendered":"\n<p><strong>Kivennapaseuran Haastattelussa -sarja esittelee Kivennapaseuran hallituksen ja seuran j\u00e4seni\u00e4, Kivennavan historiaa harrastavia ja tutkivia sek\u00e4 karjalaisista juurista ja asioista kiinnostuneita ihmisi\u00e4. Jaana Mansikan \u00e4iti kuului Raivola-Seuraan. Se johdatti my\u00f6s tytt\u00e4ren samoille jalanj\u00e4ljille. Jaana on mukana monipuolisesti ja vahvasti Kivennapaan liittyv\u00e4ss\u00e4 toiminnassa. H\u00e4n on Kivennapaseuran j\u00e4sen, Kivennapa-S\u00e4\u00e4ti\u00f6n hallituksen varapuheenjohtaja ja Raivola-Seuran hallituksen j\u00e4sen. Jaana on my\u00f6s koonnut kirjan \u00e4itins\u00e4 Meeri Mansikka o.s. Tuokon runoista ja muistelmista.<\/strong><br><\/p>\n\n\n\n<figure class=\"wp-block-image size-full\"><a href=\"http:\/\/kivennapaseura.fi\/wp-content\/uploads\/2022\/07\/Kivennapaseuran_haastattelussa_Jaana_Mansikka.jpg\"><img loading=\"lazy\" width=\"300\" height=\"534\" src=\"http:\/\/kivennapaseura.fi\/wp-content\/uploads\/2022\/07\/Kivennapaseuran_haastattelussa_Jaana_Mansikka.jpg\" alt=\"Nainen syliss\u00e4\u00e4n kissa.\" class=\"wp-image-5203\" srcset=\"https:\/\/kivennapaseura.fi\/wp-content\/uploads\/2022\/07\/Kivennapaseuran_haastattelussa_Jaana_Mansikka.jpg 300w, https:\/\/kivennapaseura.fi\/wp-content\/uploads\/2022\/07\/Kivennapaseuran_haastattelussa_Jaana_Mansikka-169x300.jpg 169w\" sizes=\"(max-width: 300px) 100vw, 300px\" \/><\/a><figcaption><em>Jaana Mansikka kissansa Neiti Miina Tiikerin kanssa<\/em><\/figcaption><\/figure>\n\n\n\n<p><strong>Miten Kivennapa liittyy sinun sukusi vaiheisiin?<\/strong><\/p>\n\n\n\n<p>Minun juureni ovat Karjalankannaksella. Is\u00e4ni (Ky\u00f6sti Mansikka) syntyi ja vietti lapsuutensa sek\u00e4 nuoruutensa Viipurin maalaiskunnassa Tirhi\u00e4n&nbsp;kyl\u00e4ss\u00e4. Samoin is\u00e4ni is\u00e4 ja is\u00e4ni \u00e4iti olivat Viipurin maalaiskunnasta kotoisin. \u00c4itini (Meeri Mansikka s. Tuokko) syntyi Mets\u00e4pirtin Koselassa ja muutti 4-vuotiaana vanhempiensa ja sisarustensa kanssa Raivolaan. \u00c4itini \u00e4iti oli kotoisin Raudun Kuninkaansel\u00e4lt\u00e4&nbsp;ja \u00e4itini is\u00e4 oli Mets\u00e4pirtist\u00e4. Raivolasta tuli koko perheelle rakas kotikyl\u00e4.<\/p>\n\n\n\n<p><br><strong>Kuka tai mik\u00e4 her\u00e4tti sinun mielenkiintosi Kivennapaan?<\/strong><\/p>\n\n\n\n<p>\u00c4itini kuului Raivola-Seuraan ja h\u00e4nen jalanj\u00e4lki\u00e4\u00e4n tuli minunkin seurattua. Julkaisin \u00e4itini kuoleman j\u00e4lkeen h\u00e4nen runoistaan ja muistelmistaan kirjan \u00c4itini Karjala. Sain siihen apurahan Kivennapa-S\u00e4\u00e4ti\u00f6lt\u00e4 ja Raivola-Seuralta. Karjalaisuus oli vahvasti l\u00e4sn\u00e4 lapsuudessani omassa kodissani, oman suvun parissa ja etenkin rakkaan mummoni ihanassa murteessa. Vaikka olenkin syntynyt J\u00e4rvenp\u00e4\u00e4ss\u00e4 niin tunnen itseni vahvasti karjalaiseksi.<\/p>\n\n\n\n<p><br><strong>Miksi mielest\u00e4si ihmisten on t\u00e4rke\u00e4\u00e4 tiet\u00e4\u00e4 alueista, jotka Suomi menetti toisen maailmansodan seurauksena sek\u00e4 siit\u00e4, ett\u00e4 sen vuoksi 400\u2009000 suomalaista joutui j\u00e4tt\u00e4m\u00e4\u00e4n kotinsa? <\/strong><\/p>\n\n\n\n<p>Karjalaisten voimakas sukurakkaus, kiintymys kotiseutuun ja ihan erityinen kyl\u00e4yhteis\u00f6jen tiivis yhteishenki ovat varmasti olleet merkitt\u00e4vi\u00e4 tekij\u00f6it\u00e4 heid\u00e4n asettumisessaan uusille asuinpaikoille. Tuntuu kuin karjalaiset olisivat tuoneet rakkaat kotiseutunsa jollain mystisell\u00e4 tavalla mukananaan ja sen avulla jaksaneet aloittaa kaiken alusta. Evakot osoittivat vahvuutensa pit\u00e4m\u00e4ll\u00e4 kiinni perinteist\u00e4\u00e4n, joista on tullut merkitt\u00e4v\u00e4 osa koko suomalaista kulttuuria. Menetetyt kodit ja kyl\u00e4t ja kaupungit el\u00e4v\u00e4t muistoissa ja vuosikymmenien ajan vanhoille kotipaikoille saattoi my\u00f6s matkustaa. Nyt tilanne on muuttunut ja sit\u00e4 t\u00e4rke\u00e4mp\u00e4\u00e4 on yll\u00e4pit\u00e4\u00e4 muistojen Karjalaa.<\/p>\n\n\n\n<p><br><strong>Kerro joku Kivennapaan liittyv\u00e4 tarina tai tieto, jonka haluat jakaa t\u00e4m\u00e4n haastattelun lukijoille.<\/strong><\/p>\n\n\n\n<p>Olen tehnyt \u00e4itini kanssa kotiseutumatkoja Kannakselle jo vuodesta 1965 alkaen. Ensimm\u00e4inen matka oli telttamajoituksessa Kuokkalan leirint\u00e4alueella ja my\u00f6hemmin hotellimatkoja Dyynit-hotellissa. Kuulun niihin, jotka saivat rajakasteen Rajajoen rannalla, joen vett\u00e4 kaadettiin p\u00e4\u00e4lleni jonkinlaisen pienen puheen j\u00e4lkeen. Matkanjohtajana toiminut Pekka Toivola oli my\u00f6hemmin vankeudessa Neuvostoliitossa vakoilusta tuomittuna. Oikeudenk\u00e4ynniss\u00e4 oli yhten\u00e4 todisteena kuva minun ja veljeni rajakasteesta, siin\u00e4 kuulemma suomalaista nuorisoa agitoitiin Neuvostoliittoa vastaan is\u00e4nmaallisin puhein.<\/p>\n\n\n\n<p>Raivolassa k\u00e4vin \u00e4itini kanssa, vaikka alue oli kielletty\u00e4. Kerrankin istuimme pid\u00e4tettyin\u00e4 poliisiasemalla Paavolan talossa. Pitkien kuulustelujen ja lukuisten soittojen j\u00e4lkeen saimme salskean miliisiin kanssamme kulkemaan ja k\u00e4vimme my\u00f6s \u00e4itini kotitalolla, siell\u00e4 miliisi poimi minulle kimpun ruusuja portin pielest\u00e4, ne olivat mummoni istuttamat valkoiset ruusut.&nbsp;<\/p>\n\n\n\n<p><\/p>\n\n\n\n<p><br><strong>Mik\u00e4 tuo sinulle iloa el\u00e4m\u00e4\u00e4n?<\/strong><\/p>\n\n\n\n<p>El\u00e4m\u00e4n iloja ovat perhe, suku, yst\u00e4v\u00e4t ja lis\u00e4ksi rakas kissani Neiti Miina Tiikeri (17-vuotias) sek\u00e4 puutarhamme, jota hoidamme puolisoni kanssa suurella hartaudella. Kirjat ja kirjoittaminen ovat harrastuksiani. Olemme my\u00f6s innokkaita ruuanlaittajia. Marjastamme ja sienest\u00e4mme, s\u00e4il\u00f6mme ja valmistamme tietenkin itse hapankaalia ja hapatettuja kurkkuja ihan karjalaiseen tapaan. Meill\u00e4 on kakkoskoti Portugalissa, jonne matkustamme useamman kerran vuodessa.<br><br><\/p>\n\n\n\n<p>Lue lis\u00e4\u00e4:<br>\u2013\u00a0<a href=\"https:\/\/kivennapaseura.fi\/?cat=128\">Kivennapaseuran haastattelussa -sarja<\/a><br>\u2013\u00a0<a href=\"https:\/\/www.karjalanliitto.fi\/karjalan-liitto\/jasenyhteisot\/pitajaseurat\/raivola-seura-ry\/tietoa-raivolasta.html\">Raivola-Seuran sivut<\/a><br>\u2013\u00a0<a href=\"http:\/\/www.kivennapa.fi\/wiki\/index.php\/Raivola\">Raivola Kivennapa-Wikiss\u00e4<\/a><\/p>\n\n\n\n<p><br><em>Julkaistu: 31.7.2022<\/em><\/p>\n\n\n\n<h6>Asiasanat<\/h6>\n\n\n<div class=\"taxonomy-post_tag wp-block-post-terms\"><a href=\"https:\/\/kivennapaseura.fi\/?tag=kivennapa\" rel=\"tag\">Kivennapa<\/a><span class=\"wp-block-post-terms__separator\">, <\/span><a href=\"https:\/\/kivennapaseura.fi\/?tag=kivennapa-saatio\" rel=\"tag\">Kivennapa-S\u00e4\u00e4ti\u00f6<\/a><span class=\"wp-block-post-terms__separator\">, <\/span><a href=\"https:\/\/kivennapaseura.fi\/?tag=kotiseutumatkailu\" rel=\"tag\">kotiseutumatkailu<\/a><span class=\"wp-block-post-terms__separator\">, <\/span><a href=\"https:\/\/kivennapaseura.fi\/?tag=mansikka-jaana\" rel=\"tag\">Mansikka Jaana<\/a><span class=\"wp-block-post-terms__separator\">, <\/span><a href=\"https:\/\/kivennapaseura.fi\/?tag=perheet\" rel=\"tag\">perheet<\/a><span class=\"wp-block-post-terms__separator\">, <\/span><a href=\"https:\/\/kivennapaseura.fi\/?tag=raivola\" rel=\"tag\">Raivola<\/a><span class=\"wp-block-post-terms__separator\">, <\/span><a href=\"https:\/\/kivennapaseura.fi\/?tag=raivola-seura-ry\" rel=\"tag\">Raivola-seura ry<\/a><span class=\"wp-block-post-terms__separator\">, <\/span><a href=\"https:\/\/kivennapaseura.fi\/?tag=sukupolvet\" rel=\"tag\">sukupolvet<\/a><span class=\"wp-block-post-terms__separator\">, <\/span><a href=\"https:\/\/kivennapaseura.fi\/?tag=suvut\" rel=\"tag\">suvut<\/a><\/div>","protected":false},"excerpt":{"rendered":"<p>Kivennapaseuran Haastattelussa -sarja esittelee Kivennapaseuran hallituksen ja seuran j\u00e4seni\u00e4, Kivennavan historiaa harrastavia ja tutkivia sek\u00e4 karjalaisista juurista ja asioista kiinnostuneita ihmisi\u00e4. Jaana Mansikan \u00e4iti kuului Raivola-Seuraan. Se johdatti my\u00f6s tytt\u00e4ren samoille jalanj\u00e4ljille. Jaana on mukana monipuolisesti ja vahvasti Kivennapaan liittyv\u00e4ss\u00e4 toiminnassa. H\u00e4n on Kivennapaseuran j\u00e4sen, Kivennapa-S\u00e4\u00e4ti\u00f6n hallituksen varapuheenjohtaja ja Raivola-Seuran hallituksen j\u00e4sen. Jaana on my\u00f6s &hellip;<\/p>\n<p class=\"read-more\"> <a class=\"\" href=\"https:\/\/kivennapaseura.fi\/?p=5201\"> <span class=\"screen-reader-text\">Kivennapaseuran haastattelussa: Jaana Mansikka<\/span> Lue lis\u00e4\u00e4 &raquo;<\/a><\/p>\n","protected":false},"author":7,"featured_media":5203,"comment_status":"closed","ping_status":"closed","sticky":false,"template":"","format":"standard","meta":{"site-sidebar-layout":"default","site-content-layout":"default","ast-global-header-display":"","ast-main-header-display":"","ast-hfb-above-header-display":"","ast-hfb-below-header-display":"","ast-hfb-mobile-header-display":"","site-post-title":"","ast-breadcrumbs-content":"","ast-featured-img":"disabled","footer-sml-layout":"","theme-transparent-header-meta":"","adv-header-id-meta":"","stick-header-meta":"","header-above-stick-meta":"","header-main-stick-meta":"","header-below-stick-meta":""},"categories":[128],"tags":[17,232,143,231,134,124,225,144,133],"yoast_head":"<!-- This site is optimized with the Yoast SEO plugin v18.8 - https:\/\/yoast.com\/wordpress\/plugins\/seo\/ -->\n<title>Kivennapaseuran haastattelussa: Jaana Mansikka - Kivennapaseura<\/title>\n<meta name=\"description\" content=\"Kivennapaseuran haastattelussa Jaana Mansikka. Jaana on Kivennapaseuran j\u00e4sen, Kivennapa-S\u00e4\u00e4ti\u00f6n hallituksen varapuheenjohtaja ja Raivola-Seuran hallituksen j\u00e4sen.\" \/>\n<meta name=\"robots\" content=\"index, follow, max-snippet:-1, max-image-preview:large, max-video-preview:-1\" \/>\n<link rel=\"canonical\" href=\"https:\/\/kivennapaseura.fi\/?p=5201\" \/>\n<meta property=\"og:locale\" content=\"fi_FI\" \/>\n<meta property=\"og:type\" content=\"article\" \/>\n<meta property=\"og:title\" content=\"Kivennapaseuran haastattelussa: Jaana Mansikka - Kivennapaseura\" \/>\n<meta property=\"og:description\" content=\"Kivennapaseuran haastattelussa Jaana Mansikka. Jaana on Kivennapaseuran j\u00e4sen, Kivennapa-S\u00e4\u00e4ti\u00f6n hallituksen varapuheenjohtaja ja Raivola-Seuran hallituksen j\u00e4sen.\" \/>\n<meta property=\"og:url\" content=\"https:\/\/kivennapaseura.fi\/?p=5201\" \/>\n<meta property=\"og:site_name\" content=\"Kivennapaseura\" \/>\n<meta property=\"article:published_time\" content=\"2022-07-31T14:41:27+00:00\" \/>\n<meta property=\"article:modified_time\" content=\"2022-07-31T14:41:46+00:00\" \/>\n<meta property=\"og:image\" content=\"http:\/\/kivennapaseura.fi\/wp-content\/uploads\/2022\/07\/Kivennapaseuran_haastattelussa_Jaana_Mansikka_some.jpg\" \/>\n\t<meta property=\"og:image:width\" content=\"1600\" \/>\n\t<meta property=\"og:image:height\" content=\"900\" \/>\n\t<meta property=\"og:image:type\" content=\"image\/jpeg\" \/>\n<meta name=\"twitter:card\" content=\"summary_large_image\" \/>\n<meta name=\"twitter:image\" content=\"https:\/\/kivennapaseura.fi\/wp-content\/uploads\/2022\/07\/Kivennapaseuran_haastattelussa_Jaana_Mansikka_some.jpg\" \/>\n<meta name=\"twitter:label1\" content=\"Kirjoittanut\" \/>\n\t<meta name=\"twitter:data1\" content=\"Riitta Taarasti\" \/>\n\t<meta name=\"twitter:label2\" content=\"Arvioitu lukuaika\" \/>\n\t<meta name=\"twitter:data2\" content=\"4 minuuttia\" \/>\n<script type=\"application\/ld+json\" class=\"yoast-schema-graph\">{\"@context\":\"https:\/\/schema.org\",\"@graph\":[{\"@type\":\"WebSite\",\"@id\":\"https:\/\/kivennapaseura.fi\/#website\",\"url\":\"https:\/\/kivennapaseura.fi\/\",\"name\":\"Kivennapaseura\",\"description\":\"Kivennapaseuran kotisivut\",\"potentialAction\":[{\"@type\":\"SearchAction\",\"target\":{\"@type\":\"EntryPoint\",\"urlTemplate\":\"https:\/\/kivennapaseura.fi\/?s={search_term_string}\"},\"query-input\":\"required name=search_term_string\"}],\"inLanguage\":\"fi\"},{\"@type\":\"ImageObject\",\"inLanguage\":\"fi\",\"@id\":\"https:\/\/kivennapaseura.fi\/?p=5201#primaryimage\",\"url\":\"https:\/\/kivennapaseura.fi\/wp-content\/uploads\/2022\/07\/Kivennapaseuran_haastattelussa_Jaana_Mansikka_some.jpg\",\"contentUrl\":\"https:\/\/kivennapaseura.fi\/wp-content\/uploads\/2022\/07\/Kivennapaseuran_haastattelussa_Jaana_Mansikka_some.jpg\",\"width\":1600,\"height\":900,\"caption\":\"Nainen syliss\u00e4\u00e4n kissa.\"},{\"@type\":\"WebPage\",\"@id\":\"https:\/\/kivennapaseura.fi\/?p=5201#webpage\",\"url\":\"https:\/\/kivennapaseura.fi\/?p=5201\",\"name\":\"Kivennapaseuran haastattelussa: Jaana Mansikka - Kivennapaseura\",\"isPartOf\":{\"@id\":\"https:\/\/kivennapaseura.fi\/#website\"},\"primaryImageOfPage\":{\"@id\":\"https:\/\/kivennapaseura.fi\/?p=5201#primaryimage\"},\"datePublished\":\"2022-07-31T14:41:27+00:00\",\"dateModified\":\"2022-07-31T14:41:46+00:00\",\"author\":{\"@id\":\"https:\/\/kivennapaseura.fi\/#\/schema\/person\/2c20136aecc32ddceb55e631be265d56\"},\"description\":\"Kivennapaseuran haastattelussa Jaana Mansikka. Jaana on Kivennapaseuran j\u00e4sen, Kivennapa-S\u00e4\u00e4ti\u00f6n hallituksen varapuheenjohtaja ja Raivola-Seuran hallituksen j\u00e4sen.\",\"breadcrumb\":{\"@id\":\"https:\/\/kivennapaseura.fi\/?p=5201#breadcrumb\"},\"inLanguage\":\"fi\",\"potentialAction\":[{\"@type\":\"ReadAction\",\"target\":[\"https:\/\/kivennapaseura.fi\/?p=5201\"]}]},{\"@type\":\"BreadcrumbList\",\"@id\":\"https:\/\/kivennapaseura.fi\/?p=5201#breadcrumb\",\"itemListElement\":[{\"@type\":\"ListItem\",\"position\":1,\"name\":\"Etusivu\",\"item\":\"https:\/\/kivennapaseura.fi\/\"},{\"@type\":\"ListItem\",\"position\":2,\"name\":\"Kivennapaseuran haastattelussa: Jaana Mansikka\"}]},{\"@type\":\"Person\",\"@id\":\"https:\/\/kivennapaseura.fi\/#\/schema\/person\/2c20136aecc32ddceb55e631be265d56\",\"name\":\"Riitta Taarasti\",\"image\":{\"@type\":\"ImageObject\",\"inLanguage\":\"fi\",\"@id\":\"https:\/\/kivennapaseura.fi\/#\/schema\/person\/image\/\",\"url\":\"https:\/\/secure.gravatar.com\/avatar\/5e780fda4bde16bb4fafbb9386e51ecc?s=96&d=mm&r=g\",\"contentUrl\":\"https:\/\/secure.gravatar.com\/avatar\/5e780fda4bde16bb4fafbb9386e51ecc?s=96&d=mm&r=g\",\"caption\":\"Riitta Taarasti\"},\"url\":\"https:\/\/kivennapaseura.fi\/?author=7\"}]}<\/script>\n<!-- \/ Yoast SEO plugin. -->","yoast_head_json":{"title":"Kivennapaseuran haastattelussa: Jaana Mansikka - Kivennapaseura","description":"Kivennapaseuran haastattelussa Jaana Mansikka. Jaana on Kivennapaseuran j\u00e4sen, Kivennapa-S\u00e4\u00e4ti\u00f6n hallituksen varapuheenjohtaja ja Raivola-Seuran hallituksen j\u00e4sen.","robots":{"index":"index","follow":"follow","max-snippet":"max-snippet:-1","max-image-preview":"max-image-preview:large","max-video-preview":"max-video-preview:-1"},"canonical":"https:\/\/kivennapaseura.fi\/?p=5201","og_locale":"fi_FI","og_type":"article","og_title":"Kivennapaseuran haastattelussa: Jaana Mansikka - Kivennapaseura","og_description":"Kivennapaseuran haastattelussa Jaana Mansikka. Jaana on Kivennapaseuran j\u00e4sen, Kivennapa-S\u00e4\u00e4ti\u00f6n hallituksen varapuheenjohtaja ja Raivola-Seuran hallituksen j\u00e4sen.","og_url":"https:\/\/kivennapaseura.fi\/?p=5201","og_site_name":"Kivennapaseura","article_published_time":"2022-07-31T14:41:27+00:00","article_modified_time":"2022-07-31T14:41:46+00:00","og_image":[{"width":1600,"height":900,"url":"http:\/\/kivennapaseura.fi\/wp-content\/uploads\/2022\/07\/Kivennapaseuran_haastattelussa_Jaana_Mansikka_some.jpg","type":"image\/jpeg"}],"twitter_card":"summary_large_image","twitter_image":"https:\/\/kivennapaseura.fi\/wp-content\/uploads\/2022\/07\/Kivennapaseuran_haastattelussa_Jaana_Mansikka_some.jpg","twitter_misc":{"Kirjoittanut":"Riitta Taarasti","Arvioitu lukuaika":"4 minuuttia"},"schema":{"@context":"https:\/\/schema.org","@graph":[{"@type":"WebSite","@id":"https:\/\/kivennapaseura.fi\/#website","url":"https:\/\/kivennapaseura.fi\/","name":"Kivennapaseura","description":"Kivennapaseuran kotisivut","potentialAction":[{"@type":"SearchAction","target":{"@type":"EntryPoint","urlTemplate":"https:\/\/kivennapaseura.fi\/?s={search_term_string}"},"query-input":"required name=search_term_string"}],"inLanguage":"fi"},{"@type":"ImageObject","inLanguage":"fi","@id":"https:\/\/kivennapaseura.fi\/?p=5201#primaryimage","url":"https:\/\/kivennapaseura.fi\/wp-content\/uploads\/2022\/07\/Kivennapaseuran_haastattelussa_Jaana_Mansikka_some.jpg","contentUrl":"https:\/\/kivennapaseura.fi\/wp-content\/uploads\/2022\/07\/Kivennapaseuran_haastattelussa_Jaana_Mansikka_some.jpg","width":1600,"height":900,"caption":"Nainen syliss\u00e4\u00e4n kissa."},{"@type":"WebPage","@id":"https:\/\/kivennapaseura.fi\/?p=5201#webpage","url":"https:\/\/kivennapaseura.fi\/?p=5201","name":"Kivennapaseuran haastattelussa: Jaana Mansikka - Kivennapaseura","isPartOf":{"@id":"https:\/\/kivennapaseura.fi\/#website"},"primaryImageOfPage":{"@id":"https:\/\/kivennapaseura.fi\/?p=5201#primaryimage"},"datePublished":"2022-07-31T14:41:27+00:00","dateModified":"2022-07-31T14:41:46+00:00","author":{"@id":"https:\/\/kivennapaseura.fi\/#\/schema\/person\/2c20136aecc32ddceb55e631be265d56"},"description":"Kivennapaseuran haastattelussa Jaana Mansikka. Jaana on Kivennapaseuran j\u00e4sen, Kivennapa-S\u00e4\u00e4ti\u00f6n hallituksen varapuheenjohtaja ja Raivola-Seuran hallituksen j\u00e4sen.","breadcrumb":{"@id":"https:\/\/kivennapaseura.fi\/?p=5201#breadcrumb"},"inLanguage":"fi","potentialAction":[{"@type":"ReadAction","target":["https:\/\/kivennapaseura.fi\/?p=5201"]}]},{"@type":"BreadcrumbList","@id":"https:\/\/kivennapaseura.fi\/?p=5201#breadcrumb","itemListElement":[{"@type":"ListItem","position":1,"name":"Etusivu","item":"https:\/\/kivennapaseura.fi\/"},{"@type":"ListItem","position":2,"name":"Kivennapaseuran haastattelussa: Jaana Mansikka"}]},{"@type":"Person","@id":"https:\/\/kivennapaseura.fi\/#\/schema\/person\/2c20136aecc32ddceb55e631be265d56","name":"Riitta Taarasti","image":{"@type":"ImageObject","inLanguage":"fi","@id":"https:\/\/kivennapaseura.fi\/#\/schema\/person\/image\/","url":"https:\/\/secure.gravatar.com\/avatar\/5e780fda4bde16bb4fafbb9386e51ecc?s=96&d=mm&r=g","contentUrl":"https:\/\/secure.gravatar.com\/avatar\/5e780fda4bde16bb4fafbb9386e51ecc?s=96&d=mm&r=g","caption":"Riitta Taarasti"},"url":"https:\/\/kivennapaseura.fi\/?author=7"}]}},"_links":{"self":[{"href":"https:\/\/kivennapaseura.fi\/index.php?rest_route=\/wp\/v2\/posts\/5201"}],"collection":[{"href":"https:\/\/kivennapaseura.fi\/index.php?rest_route=\/wp\/v2\/posts"}],"about":[{"href":"https:\/\/kivennapaseura.fi\/index.php?rest_route=\/wp\/v2\/types\/post"}],"author":[{"embeddable":true,"href":"https:\/\/kivennapaseura.fi\/index.php?rest_route=\/wp\/v2\/users\/7"}],"replies":[{"embeddable":true,"href":"https:\/\/kivennapaseura.fi\/index.php?rest_route=%2Fwp%2Fv2%2Fcomments&post=5201"}],"version-history":[{"count":3,"href":"https:\/\/kivennapaseura.fi\/index.php?rest_route=\/wp\/v2\/posts\/5201\/revisions"}],"predecessor-version":[{"id":5206,"href":"https:\/\/kivennapaseura.fi\/index.php?rest_route=\/wp\/v2\/posts\/5201\/revisions\/5206"}],"wp:featuredmedia":[{"embeddable":true,"href":"https:\/\/kivennapaseura.fi\/index.php?rest_route=\/wp\/v2\/media\/5203"}],"wp:attachment":[{"href":"https:\/\/kivennapaseura.fi\/index.php?rest_route=%2Fwp%2Fv2%2Fmedia&parent=5201"}],"wp:term":[{"taxonomy":"category","embeddable":true,"href":"https:\/\/kivennapaseura.fi\/index.php?rest_route=%2Fwp%2Fv2%2Fcategories&post=5201"},{"taxonomy":"post_tag","embeddable":true,"href":"https:\/\/kivennapaseura.fi\/index.php?rest_route=%2Fwp%2Fv2%2Ftags&post=5201"}],"curies":[{"name":"wp","href":"https:\/\/api.w.org\/{rel}","templated":true}]}}