{"id":5267,"date":"2022-08-27T13:21:51","date_gmt":"2022-08-27T10:21:51","guid":{"rendered":"https:\/\/kivennapaseura.fi\/?p=5267"},"modified":"2024-07-03T14:02:59","modified_gmt":"2024-07-03T11:02:59","slug":"tunnelmia-ja-juhlapuheita-kivennavan-kihuilta-palkaneelta","status":"publish","type":"post","link":"https:\/\/kivennapaseura.fi\/?p=5267","title":{"rendered":"Tunnelmia ja juhlapuheita Kivennavan kihuilta P\u00e4lk\u00e4neelt\u00e4"},"content":{"rendered":"\n<p><strong>Runsaslukuinen osallistujajoukko saapui 14.8.2022 Kivennavan 74. kihuille P\u00e4lk\u00e4neelle. Kes\u00e4 antoi parastaan juhlav\u00e4en kokoontuessa ensin&nbsp;P\u00e4lk\u00e4neen kirkkoon ja jumalanpalveluksen p\u00e4\u00e4tytty\u00e4 seppelten laskuun Karjalaan j\u00e4\u00e4neiden muistomerkille ja sankarihaudalle. Juhlav\u00e4ki siirtyi aurinkoisessa s\u00e4\u00e4ss\u00e4 kulkueena kirkosta Nuijantalolle, jossa vietettiin&nbsp;Helena Tapperin juontamaa p\u00e4\u00e4juhlaa. Juhlassa kuultiin erilaisia esityksi\u00e4 sek\u00e4 juhlapuheita, joista t\u00e4h\u00e4n artikkeliin on poimittu<em>&nbsp;<\/em>Kivennapaseuran puheenjohtaja Pentti M\u00e4kisen ja kansanedustaja Pauli Kiurun puheiden sis\u00e4lt\u00f6j\u00e4. Kihuille osallistui noin 250 kihuajaa, joista j\u00e4rjest\u00e4jien tiedon mukaan Kivennavalla syntyneit\u00e4 oli 10.<\/strong><br><br><\/p>\n\n\n\n<figure class=\"wp-block-image size-large\"><a href=\"http:\/\/kivennapaseura.fi\/wp-content\/uploads\/2022\/08\/Kihut2022_seppeleenlasku.jpg\"><img loading=\"lazy\" width=\"510\" height=\"383\" src=\"http:\/\/kivennapaseura.fi\/wp-content\/uploads\/2022\/08\/Kihut2022_seppeleenlasku-510x383.jpg\" alt=\"Kansallispukuisia ihmisi\u00e4 havuseppelet k\u00e4siss\u00e4\u00e4n kes\u00e4isess\u00e4 s\u00e4\u00e4ss\u00e4.\" class=\"wp-image-5268\" srcset=\"https:\/\/kivennapaseura.fi\/wp-content\/uploads\/2022\/08\/Kihut2022_seppeleenlasku-510x383.jpg 510w, https:\/\/kivennapaseura.fi\/wp-content\/uploads\/2022\/08\/Kihut2022_seppeleenlasku-300x225.jpg 300w, https:\/\/kivennapaseura.fi\/wp-content\/uploads\/2022\/08\/Kihut2022_seppeleenlasku.jpg 600w\" sizes=\"(max-width: 510px) 100vw, 510px\" \/><\/a><figcaption><em>Juhlav\u00e4ke\u00e4 kihuilla siirtym\u00e4ss\u00e4 seppeltenlaskuun. Kuva: Terhi Koivisto.<\/em><\/figcaption><\/figure>\n\n\n\n<p><br><strong>Kivennapaseuran puheenjohtaja Pentti M\u00e4kisen juhlapuheesta<\/strong><br><br>Kivennapaseuran puheenjohtaja Pentti M\u00e4kinen toivotti runsaslukuisen juhlav\u00e4en tervetulleeksi. Jokavuotinen, vuodesta 1947 alkanut kihuperinne katkesi vuosina 2020 ja 2021. Koronan lomassa pystyttiin kuitenkin j\u00e4rjest\u00e4m\u00e4\u00e4n kirkkopyh\u00e4t Hollolassa 2020 ja Hauholla 2021. P\u00e4lk\u00e4ne on vuosien mittaan ollut keskeinen paikka kivennapalaisille ja kihuille. T\u00e4t\u00e4 ennen kihut on j\u00e4rjestetty P\u00e4lk\u00e4neell\u00e4 kymmenen kertaa.<br><br>M\u00e4kinen kiitti kaikkia j\u00e4rjestelyiss\u00e4 mukana olleita. Vastuu on yh\u00e4 harvempien harteilla, jotta kivennapalaiset ja heid\u00e4n j\u00e4lkel\u00e4isens\u00e4 voivat kokoontua yhteen.<br><br>M\u00e4kinen muistutti, ett\u00e4 el\u00e4mme julman sodan varjossa, jota emme viel\u00e4 puoli vuotta sitten olisi uskoneet todeksi. Olimme luottavaisia, ett\u00e4 selvi\u00e4mme koronasta ja maailma n\u00e4ytt\u00e4\u00e4 j\u00e4lleen vapaalta ja turvalliselta. Tuolloin suunnittelimme viel\u00e4 kahden koronavuoden j\u00e4lkeen innokkaasti matkoja kotiseudulle. Nyt emme tied\u00e4, milloin voimme j\u00e4lleen k\u00e4yd\u00e4 rakkaalla Kivennavalla.<br><br>Sodan alkup\u00e4iv\u00e4 24.2.2022 rinnastui talvisodan ensimm\u00e4iseen p\u00e4iv\u00e4\u00e4n 30.11.1939. Kihuv\u00e4en joukossa on edelleen monia, jotka muistavat omakohtaisesti tuon aamun ja siviilien pommitukset.<br><br>M\u00e4kinen piti sotaa erityisen raskaana lapsille ja muistutti mieleen talvisotaa paenneen Kivennavan Ahj\u00e4rvell\u00e4 syntyneen nyt jo edesmenneen \u00e4itins\u00e4 muistelut. Sota osoitti raa\u00b4at, vastenmieliset kasvonsa erityisesti lasten kohdalla. Tuolloin ja t\u00e4n\u00e4\u00e4n.<br><br>M\u00e4kinen toi esiin, ett\u00e4 yli 82 vuotta sitten Suomi oli yksin. Suomalaiset taistelivat urhoollisesti mutta valitettavasti \u201dpaha sai tuolloin palkkansa\u201d, Karjala menetettiin. Nyt ukrainalaiset taistelevat, ettei paha t\u00e4ll\u00e4 kertaa \u201dsaisi palkkaansa\u201d. Urheakaan taistelu ei riit\u00e4, jos joutuu taistelemaan yksin. Sen vuoksi meid\u00e4n on tuettava Ukrainaa. Tarvitsemme my\u00f6s itse varmuuden tuesta, jos pahuus j\u00e4lleen kohdistuisi meihin.<br><br>M\u00e4kinen korosti my\u00f6s sanakarivainajien muistamisen t\u00e4rkeytt\u00e4. Heid\u00e4n antamansa uhri ei ollut turha, kuten viime aikoina Ven\u00e4j\u00e4n johdosta on annettu ymm\u00e4rt\u00e4\u00e4.<br><br>Runsaat 30 vuotta kivennapalaiset siirtolaiset ja heid\u00e4n j\u00e4lkel\u00e4isens\u00e4 ovat voineet vierailla rakkailla kotiseuduilla. Kivennavalle on rakennettu muistomerkkej\u00e4 ja kunnostettu Kivennavan hautausmaita ja pidetty yhteytt\u00e4 Kivennavan nykyisiin asukkaisiin. Nyt olemme j\u00e4lleen uuden tilanteen edess\u00e4. Sodan jatkuessa ei voi eik\u00e4 my\u00f6sk\u00e4\u00e4n ole halua vierailla maassa, joka k\u00e4y raakaa sotaa.<br><br>M\u00e4kinen totesi, etteiv\u00e4t asiat palaa entiselleen sodan j\u00e4lkeen. Kuten talvisodan syttyess\u00e4, emme t\u00e4n\u00e4\u00e4nk\u00e4\u00e4n voi luottaa naapuriimme. Menetetty\u00e4 luottamusta ei palauteta hetkess\u00e4.<br><br>M\u00e4kinen korosti yhteisten muistojen my\u00f6nteist\u00e4 merkityst\u00e4. Onneksi kivennapalaisilla on muistojen Karjala, Kivennapa kuvina, kyl\u00e4kirjat, sukuseurat ja yhteiset muistot. Niiden yll\u00e4pit\u00e4minen on t\u00e4ss\u00e4 tilanteessa entist\u00e4kin t\u00e4rke\u00e4mp\u00e4\u00e4. Onneksi kivennapalaisilla on kihut. Kun raja on kiinni, perinteiden, yhteisten tarinoiden ja muistojen vaaliminen on se voima, mill\u00e4 voidaan kunnioittaa menneit\u00e4 sukupolvia ja katsoa my\u00f6s tulevaisuuteen.<\/p>\n\n\n\n<figure class=\"wp-block-image size-large\"><a href=\"http:\/\/kivennapaseura.fi\/wp-content\/uploads\/2022\/08\/Kihut2022_Pentti_Makinen.jpg\"><img loading=\"lazy\" width=\"510\" height=\"340\" src=\"http:\/\/kivennapaseura.fi\/wp-content\/uploads\/2022\/08\/Kihut2022_Pentti_Makinen-510x340.jpg\" alt=\"Kansallispukuun pukeutunut mies puhuu puhujanp\u00f6nt\u00f6st\u00e4.\" class=\"wp-image-5270\" srcset=\"https:\/\/kivennapaseura.fi\/wp-content\/uploads\/2022\/08\/Kihut2022_Pentti_Makinen-510x340.jpg 510w, https:\/\/kivennapaseura.fi\/wp-content\/uploads\/2022\/08\/Kihut2022_Pentti_Makinen-300x200.jpg 300w, https:\/\/kivennapaseura.fi\/wp-content\/uploads\/2022\/08\/Kihut2022_Pentti_Makinen.jpg 600w\" sizes=\"(max-width: 510px) 100vw, 510px\" \/><\/a><figcaption><em>Kivennapaseuran puheenjohtaja Pentti M\u00e4kinen piti kihujen avauspuheenvuoron. <\/em><br><em>Kuva: Mari Meril\u00e4inen.<\/em><br>  <br>    <\/figcaption><\/figure>\n\n\n\n<p><strong>Kansanedustaja Pauli Kiurun juhlapuheesta&nbsp;<\/strong><br><br>Kansanedustaja Pauli Kiuru kertoi koskettavassa juhlapuheessaan karjalaisista juuristaan ja olevansa niist\u00e4 ylpe\u00e4. H\u00e4n on is\u00e4ns\u00e4 puolelta kotoisin Antrean Vuoksenrannan Sintolan kyl\u00e4st\u00e4. H\u00e4nen mummonsa ja is\u00e4ns\u00e4 joutuivat l\u00e4htem\u00e4\u00e4n kaksi kertaa evakkoon. Is\u00e4nis\u00e4 eli vaija kaatui syyskuussa 1941.<br><br>Kiuru kertoi mummonsa olleen h\u00e4nelle esikuvana urheilussa. Mummo maksoi kovan hinnan Suomen itsen\u00e4isyydest\u00e4. Miehen kaatuminen sodassa, kaksi kertaa evakkoon l\u00e4hteminen ja kova ty\u00f6 siirtotilalla seitsem\u00e4n\u00e4 p\u00e4iv\u00e4n\u00e4 viikossa olisivat murtaneet heikomman ihmisen. Mummo oli ty\u00f6teli\u00e4s, rehellinen, seurallinen ja rakastava \u2013 iloinen karjalainen. Esikuva-asemansa h\u00e4n ansaitsee my\u00f6s el\u00e4m\u00e4nasenteestaan. \u201dKaik on hyvin. Etteep\u00e4i el\u00e4v\u00e4 mieli, kuollut taakse katsokoo.\u201d<br><br>Kiuru toi esille jokaisen henkil\u00f6kohtaisen identiteetin merkityksen. Identiteetti\u00e4 ei voi poliittisilla p\u00e4\u00e4t\u00f6ksill\u00e4 ja laeilla muuttaa. Jokaisella on oikeus omaan identiteettiins\u00e4 ja my\u00f6s oikeus kertoa taustastaan j\u00e4lkipolville. On ymm\u00e4rrett\u00e4v\u00e4\u00e4, ett\u00e4 paikkakunta tai maaidentiteetti laimenee sukupolvien saatossa. Silti on t\u00e4rke\u00e4\u00e4, ett\u00e4 edes jotain s\u00e4ilyy \u2013 yksitt\u00e4isi\u00e4 sanoja, tapoja ja ruokia.<br><br>Kiurun puheessa tuli vahvasti esille Ven\u00e4j\u00e4n oikeudeton sota Ukrainassa. Sota on hy\u00f6kk\u00e4ys koko Eurooppaa, l\u00e4nsimaisia arvoja sek\u00e4 ihmisyytt\u00e4 vastaan. Suomi sai arvokasta tukea talvisodassa \u2013 joskin osin liian my\u00f6h\u00e4\u00e4n ja liian v\u00e4h\u00e4n. Me emme saa unohtaa Ukrainaa ja ukrainalaisia. Meid\u00e4n on osoitettava tukea Ukrainasta tulleille pakolaisille.&nbsp;<br><br>On vaikea edes kuvitella el\u00e4m\u00e4\u00e4 sellaisessa yhteiskunnassa, joka ei kykene tarjoamaan turvaa ja hyvinvointia kansalaisilleen. Seuratessa suomalaista keskustelua, mediaa tai ilmapiiri\u00e4, voi helposti unohtaa, kuinka hyv\u00e4ll\u00e4 tolalla asiamme itseasiassa ovat. Kiurulle vierailut kotiseudulle ovat t\u00e4rkeit\u00e4. Ne her\u00e4tt\u00e4v\u00e4t vahvoja tunteita ja j\u00e4\u00e4v\u00e4t siksi muistiin. Jokaisella on oma arvokas tarinansa. Kaikkea n\u00e4kem\u00e4\u00e4ns\u00e4 ja tuntemaansa voi olla vaikea pukea sanoiksi. Toiset meist\u00e4 haluavat kertoa tunteistaan avoimesti; toiset pit\u00e4v\u00e4t luonnikkaampana pit\u00e4\u00e4 ajatuksensa omana tietonaan.<br><br>Kiuru kertoi vierailleensa Karjalassa 1990-luvun alussa. Is\u00e4ns\u00e4 ja isovanhempien kotitalon kivijalka l\u00f6ytyi umpeenkasvaneiden peltojen keskelt\u00e4. Betonisen kivijalan lis\u00e4ksi ei ollut paljon n\u00e4ht\u00e4v\u00e4\u00e4.&nbsp;<br><br><em>\u201dHalusin kuitenkin jonkun k\u00e4sinkosketeltavan muiston paikasta. Kaivoin saappaan kantap\u00e4\u00e4ll\u00e4 kivijalan vierest\u00e4 multaa pois. Kohtalo ja enkelit olivat puolellani. L\u00f6ysin saranan puolikkaan \u2013 likaisen ja ruosteisen. Suomen historiassa on ollut seesteisi\u00e4 jaksoja ja on ollut myrskyisi\u00e4 jaksoja. Niiden v\u00e4liss\u00e4 on historian taitekohtia \u2013 saranakohtia, joissa el\u00e4m\u00e4 ottaa uuden ja yll\u00e4tt\u00e4v\u00e4n suunnan.\u201d<\/em>&nbsp;<br><br>T\u00e4m\u00e4 sarana on nyt putsattu ja kehystetty. Se on Kiurun kodissa kunniapaikalla. Kiuru on lapsilleen esitt\u00e4nyt toiveen, ett\u00e4 yksi tavara kulkisi sukupolvelta toiselle muistona ja symbolina juuristamme ja Suomen historiasta. Se on t\u00e4m\u00e4 sarana \u2013 Karjalasta.<br><\/p>\n\n\n\n<figure class=\"wp-block-image size-large\"><a href=\"http:\/\/kivennapaseura.fi\/wp-content\/uploads\/2022\/08\/Kihut2022_Pauli_Kiuru.jpg\"><img loading=\"lazy\" width=\"510\" height=\"340\" src=\"http:\/\/kivennapaseura.fi\/wp-content\/uploads\/2022\/08\/Kihut2022_Pauli_Kiuru-510x340.jpg\" alt=\"Mies puhuu puhujanp\u00f6nt\u00f6ss\u00e4.\" class=\"wp-image-5271\" srcset=\"https:\/\/kivennapaseura.fi\/wp-content\/uploads\/2022\/08\/Kihut2022_Pauli_Kiuru-510x340.jpg 510w, https:\/\/kivennapaseura.fi\/wp-content\/uploads\/2022\/08\/Kihut2022_Pauli_Kiuru-300x200.jpg 300w, https:\/\/kivennapaseura.fi\/wp-content\/uploads\/2022\/08\/Kihut2022_Pauli_Kiuru.jpg 600w\" sizes=\"(max-width: 510px) 100vw, 510px\" \/><\/a><figcaption><em>Kansanedustaja Pauli Kiuru piti kihujen juhlapuheen. Kuva: Mari Meril\u00e4inen.<\/em><br>  <\/figcaption><\/figure>\n\n\n\n<figure class=\"wp-block-image size-large\"><a href=\"http:\/\/kivennapaseura.fi\/wp-content\/uploads\/2022\/08\/Kihut2022_Helena_Tappper.jpg\"><img loading=\"lazy\" width=\"510\" height=\"340\" src=\"http:\/\/kivennapaseura.fi\/wp-content\/uploads\/2022\/08\/Kihut2022_Helena_Tappper-510x340.jpg\" alt=\"Nainen puhujanp\u00f6nt\u00f6ss\u00e4.\" class=\"wp-image-5273\" srcset=\"https:\/\/kivennapaseura.fi\/wp-content\/uploads\/2022\/08\/Kihut2022_Helena_Tappper-510x340.jpg 510w, https:\/\/kivennapaseura.fi\/wp-content\/uploads\/2022\/08\/Kihut2022_Helena_Tappper-300x200.jpg 300w, https:\/\/kivennapaseura.fi\/wp-content\/uploads\/2022\/08\/Kihut2022_Helena_Tappper.jpg 600w\" sizes=\"(max-width: 510px) 100vw, 510px\" \/><\/a><figcaption><em>Kihujen juontajana toimi Kivennapaseuran hallituksen j\u00e4sen ja <\/em><br><em>Kivennapalainen-lehden p\u00e4\u00e4toimittaja Helena Tapper. Kuva: Mari Meril\u00e4inen.<\/em><br>  <\/figcaption><\/figure>\n\n\n\n<p>Lis\u00e4\u00e4 kuvia ja pitempi artikkeli julkaistaan seuraavassa Kivennapalainen-lehdess\u00e4.<br><br>Lue lis\u00e4\u00e4:<br>\u2013&nbsp;<a href=\"https:\/\/kivennapaseura.fi\/?p=5143\">Kivennavan 74. kihujen ohjelma<\/a>&nbsp;<br>\u2013&nbsp;<a href=\"https:\/\/kivennapaseura.fi\/?page_id=165\">Kihujen historia<\/a><br>\u2013&nbsp;<a href=\"https:\/\/kivennapaseura.fi\/?page_id=4938\">Kihujen paikkakunnat<\/a><br>\u2013 <a href=\"https:\/\/www.paulikiuru.fi\/uutiset\/puhe-kivennapalaisten-vuosijuhlassa\/\">Pauli Kiurun juhlapuhe kokonaisuudessaan Pauli Kiurun verkkosivuilla<\/a><\/p>\n\n\n\n<p><br><em>Julkaistu: 27.8.2022<\/em><br><em>Teksti: Pentti M\u00e4kinen<\/em><br><em>Toimittaja ja julkaisija: Riitta Taarasti<br><\/em><\/p>\n\n\n\n<h6>Asiasanat<\/h6>\n\n\n<div class=\"taxonomy-post_tag wp-block-post-terms\"><a href=\"https:\/\/kivennapaseura.fi\/?tag=juhlaperinne\" rel=\"tag\">juhlaperinne<\/a><span class=\"wp-block-post-terms__separator\">, <\/span><a href=\"https:\/\/kivennapaseura.fi\/?tag=juhlat\" rel=\"tag\">juhlat<\/a><span class=\"wp-block-post-terms__separator\">, <\/span><a href=\"https:\/\/kivennapaseura.fi\/?tag=karjalaisuus\" rel=\"tag\">karjalaisuus<\/a><span class=\"wp-block-post-terms__separator\">, <\/span><a href=\"https:\/\/kivennapaseura.fi\/?tag=kihut\" rel=\"tag\">kihut<\/a><span class=\"wp-block-post-terms__separator\">, <\/span><a href=\"https:\/\/kivennapaseura.fi\/?tag=kiuru-pauli\" rel=\"tag\">Kiuru Pauli<\/a><span class=\"wp-block-post-terms__separator\">, <\/span><a href=\"https:\/\/kivennapaseura.fi\/?tag=kivennavan-kihut\" rel=\"tag\">Kivennavan kihut<\/a><span class=\"wp-block-post-terms__separator\">, <\/span><a href=\"https:\/\/kivennapaseura.fi\/?tag=kylat\" rel=\"tag\">kyl\u00e4t<\/a><span class=\"wp-block-post-terms__separator\">, <\/span><a href=\"https:\/\/kivennapaseura.fi\/?tag=makinen-pentti\" rel=\"tag\">M\u00e4kinen Pentti<\/a><span class=\"wp-block-post-terms__separator\">, <\/span><a href=\"https:\/\/kivennapaseura.fi\/?tag=sukututkimus\" rel=\"tag\">sukututkimus<\/a><span class=\"wp-block-post-terms__separator\">, <\/span><a href=\"https:\/\/kivennapaseura.fi\/?tag=suvut\" rel=\"tag\">suvut<\/a><span class=\"wp-block-post-terms__separator\">, <\/span><a href=\"https:\/\/kivennapaseura.fi\/?tag=tapahtumat\" rel=\"tag\">tapahtumat<\/a><span class=\"wp-block-post-terms__separator\">, <\/span><a href=\"https:\/\/kivennapaseura.fi\/?tag=tapper-helena\" rel=\"tag\">Tapper Helena<\/a><\/div>","protected":false},"excerpt":{"rendered":"<p>Runsaslukuinen osallistujajoukko saapui 14.8.2022 Kivennavan 74. kihuille P\u00e4lk\u00e4neelle. Kes\u00e4 antoi parastaan juhlav\u00e4en kokoontuessa ensin&nbsp;P\u00e4lk\u00e4neen kirkkoon ja jumalanpalveluksen p\u00e4\u00e4tytty\u00e4 seppelten laskuun Karjalaan j\u00e4\u00e4neiden muistomerkille ja sankarihaudalle. Juhlav\u00e4ki siirtyi aurinkoisessa s\u00e4\u00e4ss\u00e4 kulkueena kirkosta Nuijantalolle, jossa vietettiin&nbsp;Helena Tapperin juontamaa p\u00e4\u00e4juhlaa. Juhlassa kuultiin erilaisia esityksi\u00e4 sek\u00e4 juhlapuheita, joista t\u00e4h\u00e4n artikkeliin on poimittu&nbsp;Kivennapaseuran puheenjohtaja Pentti M\u00e4kisen ja kansanedustaja Pauli Kiurun &hellip;<\/p>\n<p class=\"read-more\"> <a class=\"\" href=\"https:\/\/kivennapaseura.fi\/?p=5267\"> <span class=\"screen-reader-text\">Tunnelmia ja juhlapuheita Kivennavan kihuilta P\u00e4lk\u00e4neelt\u00e4<\/span> Lue lis\u00e4\u00e4 &raquo;<\/a><\/p>\n","protected":false},"author":11,"featured_media":5268,"comment_status":"closed","ping_status":"closed","sticky":false,"template":"","format":"standard","meta":{"site-sidebar-layout":"default","site-content-layout":"default","ast-global-header-display":"","ast-main-header-display":"","ast-hfb-above-header-display":"","ast-hfb-below-header-display":"","ast-hfb-mobile-header-display":"","site-post-title":"","ast-breadcrumbs-content":"","ast-featured-img":"disabled","footer-sml-layout":"","theme-transparent-header-meta":"","adv-header-id-meta":"","stick-header-meta":"","header-above-stick-meta":"","header-main-stick-meta":"","header-below-stick-meta":""},"categories":[130],"tags":[147,243,104,18,217,357,109,132,142,133,12,199],"yoast_head":"<!-- This site is optimized with the Yoast SEO plugin v18.8 - https:\/\/yoast.com\/wordpress\/plugins\/seo\/ -->\n<title>Tunnelmia ja juhlapuheita Kivennavan kihuilta P\u00e4lk\u00e4neelt\u00e4 - Kivennapaseura<\/title>\n<meta name=\"description\" content=\"Runsaslukuinen osallistujajoukko saapui 14.8.2022 Kivennavan 74. kihuille P\u00e4lk\u00e4neelle. Kihuille osallistui noin 250 kihuajaa.\" \/>\n<meta name=\"robots\" content=\"index, follow, max-snippet:-1, max-image-preview:large, max-video-preview:-1\" \/>\n<link rel=\"canonical\" href=\"https:\/\/kivennapaseura.fi\/?p=5267\" \/>\n<meta property=\"og:locale\" content=\"fi_FI\" \/>\n<meta property=\"og:type\" content=\"article\" \/>\n<meta property=\"og:title\" content=\"Tunnelmia ja juhlapuheita Kivennavan kihuilta P\u00e4lk\u00e4neelt\u00e4 - Kivennapaseura\" \/>\n<meta property=\"og:description\" content=\"Runsaslukuinen osallistujajoukko saapui 14.8.2022 Kivennavan 74. kihuille P\u00e4lk\u00e4neelle. Kihuille osallistui noin 250 kihuajaa.\" \/>\n<meta property=\"og:url\" content=\"https:\/\/kivennapaseura.fi\/?p=5267\" \/>\n<meta property=\"og:site_name\" content=\"Kivennapaseura\" \/>\n<meta property=\"article:published_time\" content=\"2022-08-27T10:21:51+00:00\" \/>\n<meta property=\"article:modified_time\" content=\"2024-07-03T11:02:59+00:00\" \/>\n<meta property=\"og:image\" content=\"http:\/\/kivennapaseura.fi\/wp-content\/uploads\/2022\/08\/Kihut2022_seppeleenlasku.jpg\" \/>\n\t<meta property=\"og:image:width\" content=\"600\" \/>\n\t<meta property=\"og:image:height\" content=\"450\" \/>\n\t<meta property=\"og:image:type\" content=\"image\/jpeg\" \/>\n<meta name=\"twitter:card\" content=\"summary_large_image\" \/>\n<meta name=\"twitter:image\" content=\"https:\/\/kivennapaseura.fi\/wp-content\/uploads\/2022\/08\/Kihut2022_seppeleenlasku.jpg\" \/>\n<meta name=\"twitter:label1\" content=\"Kirjoittanut\" \/>\n\t<meta name=\"twitter:data1\" content=\"Pentti M\u00e4kinen\" \/>\n\t<meta name=\"twitter:label2\" content=\"Arvioitu lukuaika\" \/>\n\t<meta name=\"twitter:data2\" content=\"7 minuuttia\" \/>\n<script type=\"application\/ld+json\" class=\"yoast-schema-graph\">{\"@context\":\"https:\/\/schema.org\",\"@graph\":[{\"@type\":\"WebSite\",\"@id\":\"https:\/\/kivennapaseura.fi\/#website\",\"url\":\"https:\/\/kivennapaseura.fi\/\",\"name\":\"Kivennapaseura\",\"description\":\"Kivennapaseuran kotisivut\",\"potentialAction\":[{\"@type\":\"SearchAction\",\"target\":{\"@type\":\"EntryPoint\",\"urlTemplate\":\"https:\/\/kivennapaseura.fi\/?s={search_term_string}\"},\"query-input\":\"required name=search_term_string\"}],\"inLanguage\":\"fi\"},{\"@type\":\"ImageObject\",\"inLanguage\":\"fi\",\"@id\":\"https:\/\/kivennapaseura.fi\/?p=5267#primaryimage\",\"url\":\"https:\/\/kivennapaseura.fi\/wp-content\/uploads\/2022\/08\/Kihut2022_seppeleenlasku.jpg\",\"contentUrl\":\"https:\/\/kivennapaseura.fi\/wp-content\/uploads\/2022\/08\/Kihut2022_seppeleenlasku.jpg\",\"width\":600,\"height\":450,\"caption\":\"Kansallispukuisia ihmisi\u00e4 havuseppelet k\u00e4siss\u00e4\u00e4n kes\u00e4isess\u00e4 s\u00e4\u00e4ss\u00e4.\"},{\"@type\":\"WebPage\",\"@id\":\"https:\/\/kivennapaseura.fi\/?p=5267#webpage\",\"url\":\"https:\/\/kivennapaseura.fi\/?p=5267\",\"name\":\"Tunnelmia ja juhlapuheita Kivennavan kihuilta P\u00e4lk\u00e4neelt\u00e4 - Kivennapaseura\",\"isPartOf\":{\"@id\":\"https:\/\/kivennapaseura.fi\/#website\"},\"primaryImageOfPage\":{\"@id\":\"https:\/\/kivennapaseura.fi\/?p=5267#primaryimage\"},\"datePublished\":\"2022-08-27T10:21:51+00:00\",\"dateModified\":\"2024-07-03T11:02:59+00:00\",\"author\":{\"@id\":\"https:\/\/kivennapaseura.fi\/#\/schema\/person\/f0bb13c49fae7afa6b6dacda47d76c4b\"},\"description\":\"Runsaslukuinen osallistujajoukko saapui 14.8.2022 Kivennavan 74. kihuille P\u00e4lk\u00e4neelle. Kihuille osallistui noin 250 kihuajaa.\",\"breadcrumb\":{\"@id\":\"https:\/\/kivennapaseura.fi\/?p=5267#breadcrumb\"},\"inLanguage\":\"fi\",\"potentialAction\":[{\"@type\":\"ReadAction\",\"target\":[\"https:\/\/kivennapaseura.fi\/?p=5267\"]}]},{\"@type\":\"BreadcrumbList\",\"@id\":\"https:\/\/kivennapaseura.fi\/?p=5267#breadcrumb\",\"itemListElement\":[{\"@type\":\"ListItem\",\"position\":1,\"name\":\"Etusivu\",\"item\":\"https:\/\/kivennapaseura.fi\/\"},{\"@type\":\"ListItem\",\"position\":2,\"name\":\"Tunnelmia ja juhlapuheita Kivennavan kihuilta P\u00e4lk\u00e4neelt\u00e4\"}]},{\"@type\":\"Person\",\"@id\":\"https:\/\/kivennapaseura.fi\/#\/schema\/person\/f0bb13c49fae7afa6b6dacda47d76c4b\",\"name\":\"Pentti M\u00e4kinen\",\"image\":{\"@type\":\"ImageObject\",\"inLanguage\":\"fi\",\"@id\":\"https:\/\/kivennapaseura.fi\/#\/schema\/person\/image\/\",\"url\":\"https:\/\/secure.gravatar.com\/avatar\/7002e7fa049898a519c18d232453bb89?s=96&d=mm&r=g\",\"contentUrl\":\"https:\/\/secure.gravatar.com\/avatar\/7002e7fa049898a519c18d232453bb89?s=96&d=mm&r=g\",\"caption\":\"Pentti M\u00e4kinen\"},\"url\":\"https:\/\/kivennapaseura.fi\/?author=11\"}]}<\/script>\n<!-- \/ Yoast SEO plugin. -->","yoast_head_json":{"title":"Tunnelmia ja juhlapuheita Kivennavan kihuilta P\u00e4lk\u00e4neelt\u00e4 - Kivennapaseura","description":"Runsaslukuinen osallistujajoukko saapui 14.8.2022 Kivennavan 74. kihuille P\u00e4lk\u00e4neelle. Kihuille osallistui noin 250 kihuajaa.","robots":{"index":"index","follow":"follow","max-snippet":"max-snippet:-1","max-image-preview":"max-image-preview:large","max-video-preview":"max-video-preview:-1"},"canonical":"https:\/\/kivennapaseura.fi\/?p=5267","og_locale":"fi_FI","og_type":"article","og_title":"Tunnelmia ja juhlapuheita Kivennavan kihuilta P\u00e4lk\u00e4neelt\u00e4 - Kivennapaseura","og_description":"Runsaslukuinen osallistujajoukko saapui 14.8.2022 Kivennavan 74. kihuille P\u00e4lk\u00e4neelle. Kihuille osallistui noin 250 kihuajaa.","og_url":"https:\/\/kivennapaseura.fi\/?p=5267","og_site_name":"Kivennapaseura","article_published_time":"2022-08-27T10:21:51+00:00","article_modified_time":"2024-07-03T11:02:59+00:00","og_image":[{"width":600,"height":450,"url":"http:\/\/kivennapaseura.fi\/wp-content\/uploads\/2022\/08\/Kihut2022_seppeleenlasku.jpg","type":"image\/jpeg"}],"twitter_card":"summary_large_image","twitter_image":"https:\/\/kivennapaseura.fi\/wp-content\/uploads\/2022\/08\/Kihut2022_seppeleenlasku.jpg","twitter_misc":{"Kirjoittanut":"Pentti M\u00e4kinen","Arvioitu lukuaika":"7 minuuttia"},"schema":{"@context":"https:\/\/schema.org","@graph":[{"@type":"WebSite","@id":"https:\/\/kivennapaseura.fi\/#website","url":"https:\/\/kivennapaseura.fi\/","name":"Kivennapaseura","description":"Kivennapaseuran kotisivut","potentialAction":[{"@type":"SearchAction","target":{"@type":"EntryPoint","urlTemplate":"https:\/\/kivennapaseura.fi\/?s={search_term_string}"},"query-input":"required name=search_term_string"}],"inLanguage":"fi"},{"@type":"ImageObject","inLanguage":"fi","@id":"https:\/\/kivennapaseura.fi\/?p=5267#primaryimage","url":"https:\/\/kivennapaseura.fi\/wp-content\/uploads\/2022\/08\/Kihut2022_seppeleenlasku.jpg","contentUrl":"https:\/\/kivennapaseura.fi\/wp-content\/uploads\/2022\/08\/Kihut2022_seppeleenlasku.jpg","width":600,"height":450,"caption":"Kansallispukuisia ihmisi\u00e4 havuseppelet k\u00e4siss\u00e4\u00e4n kes\u00e4isess\u00e4 s\u00e4\u00e4ss\u00e4."},{"@type":"WebPage","@id":"https:\/\/kivennapaseura.fi\/?p=5267#webpage","url":"https:\/\/kivennapaseura.fi\/?p=5267","name":"Tunnelmia ja juhlapuheita Kivennavan kihuilta P\u00e4lk\u00e4neelt\u00e4 - Kivennapaseura","isPartOf":{"@id":"https:\/\/kivennapaseura.fi\/#website"},"primaryImageOfPage":{"@id":"https:\/\/kivennapaseura.fi\/?p=5267#primaryimage"},"datePublished":"2022-08-27T10:21:51+00:00","dateModified":"2024-07-03T11:02:59+00:00","author":{"@id":"https:\/\/kivennapaseura.fi\/#\/schema\/person\/f0bb13c49fae7afa6b6dacda47d76c4b"},"description":"Runsaslukuinen osallistujajoukko saapui 14.8.2022 Kivennavan 74. kihuille P\u00e4lk\u00e4neelle. Kihuille osallistui noin 250 kihuajaa.","breadcrumb":{"@id":"https:\/\/kivennapaseura.fi\/?p=5267#breadcrumb"},"inLanguage":"fi","potentialAction":[{"@type":"ReadAction","target":["https:\/\/kivennapaseura.fi\/?p=5267"]}]},{"@type":"BreadcrumbList","@id":"https:\/\/kivennapaseura.fi\/?p=5267#breadcrumb","itemListElement":[{"@type":"ListItem","position":1,"name":"Etusivu","item":"https:\/\/kivennapaseura.fi\/"},{"@type":"ListItem","position":2,"name":"Tunnelmia ja juhlapuheita Kivennavan kihuilta P\u00e4lk\u00e4neelt\u00e4"}]},{"@type":"Person","@id":"https:\/\/kivennapaseura.fi\/#\/schema\/person\/f0bb13c49fae7afa6b6dacda47d76c4b","name":"Pentti M\u00e4kinen","image":{"@type":"ImageObject","inLanguage":"fi","@id":"https:\/\/kivennapaseura.fi\/#\/schema\/person\/image\/","url":"https:\/\/secure.gravatar.com\/avatar\/7002e7fa049898a519c18d232453bb89?s=96&d=mm&r=g","contentUrl":"https:\/\/secure.gravatar.com\/avatar\/7002e7fa049898a519c18d232453bb89?s=96&d=mm&r=g","caption":"Pentti M\u00e4kinen"},"url":"https:\/\/kivennapaseura.fi\/?author=11"}]}},"_links":{"self":[{"href":"https:\/\/kivennapaseura.fi\/index.php?rest_route=\/wp\/v2\/posts\/5267"}],"collection":[{"href":"https:\/\/kivennapaseura.fi\/index.php?rest_route=\/wp\/v2\/posts"}],"about":[{"href":"https:\/\/kivennapaseura.fi\/index.php?rest_route=\/wp\/v2\/types\/post"}],"author":[{"embeddable":true,"href":"https:\/\/kivennapaseura.fi\/index.php?rest_route=\/wp\/v2\/users\/11"}],"replies":[{"embeddable":true,"href":"https:\/\/kivennapaseura.fi\/index.php?rest_route=%2Fwp%2Fv2%2Fcomments&post=5267"}],"version-history":[{"count":11,"href":"https:\/\/kivennapaseura.fi\/index.php?rest_route=\/wp\/v2\/posts\/5267\/revisions"}],"predecessor-version":[{"id":5573,"href":"https:\/\/kivennapaseura.fi\/index.php?rest_route=\/wp\/v2\/posts\/5267\/revisions\/5573"}],"wp:featuredmedia":[{"embeddable":true,"href":"https:\/\/kivennapaseura.fi\/index.php?rest_route=\/wp\/v2\/media\/5268"}],"wp:attachment":[{"href":"https:\/\/kivennapaseura.fi\/index.php?rest_route=%2Fwp%2Fv2%2Fmedia&parent=5267"}],"wp:term":[{"taxonomy":"category","embeddable":true,"href":"https:\/\/kivennapaseura.fi\/index.php?rest_route=%2Fwp%2Fv2%2Fcategories&post=5267"},{"taxonomy":"post_tag","embeddable":true,"href":"https:\/\/kivennapaseura.fi\/index.php?rest_route=%2Fwp%2Fv2%2Ftags&post=5267"}],"curies":[{"name":"wp","href":"https:\/\/api.w.org\/{rel}","templated":true}]}}