{"id":5306,"date":"2022-09-14T20:14:23","date_gmt":"2022-09-14T17:14:23","guid":{"rendered":"https:\/\/kivennapaseura.fi\/?p=5306"},"modified":"2023-01-23T18:19:30","modified_gmt":"2023-01-23T16:19:30","slug":"kivennapaseuran-vuosikokous-ja-esitelmatilaisuus-karjalaisuudesta-25-9-ahjarventalolla","status":"publish","type":"post","link":"https:\/\/kivennapaseura.fi\/?p=5306","title":{"rendered":"Kivennapaseuran vuosikokous ja esitelm\u00e4tilaisuus karjalaisuudesta 25.9. Ahj\u00e4rventalolla"},"content":{"rendered":"\n<p>Tervetuloa Kivennapaseuran s\u00e4\u00e4nt\u00f6m\u00e4\u00e4r\u00e4iseen vuosikokoukseen sunnuntaina 25.9.2022 klo 12. Vuosikokous j\u00e4rjestet\u00e4\u00e4n Ahj\u00e4rventalolla, joka sijaitsee Kangasalla osoitteessa Vesij\u00e4rventie 13.<br> <br>Kokouksen j\u00e4lkeen alkaen klo 13 j\u00e4rjestet\u00e4\u00e4n avoin keskustelutilaisuus aiheesta &#8221;Karjalaisuus Olavi Paavolaisen p\u00e4ivist\u00e4 nykyaikaan ja tulevaan&#8221;.&nbsp;Alustajana toimii kulttuurihistorian emeritusprofessori Kari Immonen Turun yliopistosta. <br><\/p>\n\n\n\n<figure class=\"wp-block-image size-large\"><a href=\"http:\/\/kivennapaseura.fi\/wp-content\/uploads\/2022\/09\/Vuosikokous.jpg\"><img loading=\"lazy\" width=\"510\" height=\"383\" src=\"http:\/\/kivennapaseura.fi\/wp-content\/uploads\/2022\/09\/Vuosikokous-510x383.jpg\" alt=\"Syksyisi\u00e4 puita ja sininen taivas.\" class=\"wp-image-5307\" srcset=\"https:\/\/kivennapaseura.fi\/wp-content\/uploads\/2022\/09\/Vuosikokous-510x383.jpg 510w, https:\/\/kivennapaseura.fi\/wp-content\/uploads\/2022\/09\/Vuosikokous-300x225.jpg 300w, https:\/\/kivennapaseura.fi\/wp-content\/uploads\/2022\/09\/Vuosikokous.jpg 600w\" sizes=\"(max-width: 510px) 100vw, 510px\" \/><\/a><\/figure>\n\n\n\n<p><\/p>\n\n\n\n<p>Tervetuloa!<br> &#8211; Kivennapaseura ry &#8211;<br><br>Lis\u00e4tietoja:<br>&#8211; <a href=\"https:\/\/kivennapaseura.fi\/?p=5319\">Kivennapaseuran s\u00e4\u00e4nt\u00f6m\u00e4\u00e4r\u00e4isen vuosikokouksen esityslista<\/a><br><\/p>\n\n\n\n<p><em>Julkaistu: 14.9.2022<\/em><br><em>Teksti: Helena Tapper<br>Toimittaja ja julkaisija: Riitta Taarasti<\/em><\/p>\n\n\n\n<h6>Asiasanat<\/h6>\n\n\n<div class=\"taxonomy-post_tag wp-block-post-terms\"><a href=\"https:\/\/kivennapaseura.fi\/?tag=esitelmat\" rel=\"tag\">esitelm\u00e4t<\/a><span class=\"wp-block-post-terms__separator\">, <\/span><a href=\"https:\/\/kivennapaseura.fi\/?tag=immonen-kari\" rel=\"tag\">Immonen Kari<\/a><span class=\"wp-block-post-terms__separator\">, <\/span><a href=\"https:\/\/kivennapaseura.fi\/?tag=karjalaisuus\" rel=\"tag\">karjalaisuus<\/a><span class=\"wp-block-post-terms__separator\">, <\/span><a href=\"https:\/\/kivennapaseura.fi\/?tag=kokoukset\" rel=\"tag\">kokoukset<\/a><span class=\"wp-block-post-terms__separator\">, <\/span><a href=\"https:\/\/kivennapaseura.fi\/?tag=paavolainen-olavi\" rel=\"tag\">Paavolainen Olavi<\/a><span class=\"wp-block-post-terms__separator\">, <\/span><a href=\"https:\/\/kivennapaseura.fi\/?tag=tapahtumat\" rel=\"tag\">tapahtumat<\/a><\/div>","protected":false},"excerpt":{"rendered":"<p>Tervetuloa Kivennapaseuran s\u00e4\u00e4nt\u00f6m\u00e4\u00e4r\u00e4iseen vuosikokoukseen sunnuntaina 25.9.2022 klo 12. Vuosikokous j\u00e4rjestet\u00e4\u00e4n Ahj\u00e4rventalolla, joka sijaitsee Kangasalla osoitteessa Vesij\u00e4rventie 13. Kokouksen j\u00e4lkeen alkaen klo 13 j\u00e4rjestet\u00e4\u00e4n avoin keskustelutilaisuus aiheesta &#8221;Karjalaisuus Olavi Paavolaisen p\u00e4ivist\u00e4 nykyaikaan ja tulevaan&#8221;.&nbsp;Alustajana toimii kulttuurihistorian emeritusprofessori Kari Immonen Turun yliopistosta. Tervetuloa! &#8211; Kivennapaseura ry &#8211; Lis\u00e4tietoja:&#8211; Kivennapaseuran s\u00e4\u00e4nt\u00f6m\u00e4\u00e4r\u00e4isen vuosikokouksen esityslista Julkaistu: 14.9.2022Teksti: Helena TapperToimittaja ja &hellip;<\/p>\n<p class=\"read-more\"> <a class=\"\" href=\"https:\/\/kivennapaseura.fi\/?p=5306\"> <span class=\"screen-reader-text\">Kivennapaseuran vuosikokous ja esitelm\u00e4tilaisuus karjalaisuudesta 25.9. Ahj\u00e4rventalolla<\/span> Lue lis\u00e4\u00e4 &raquo;<\/a><\/p>\n","protected":false},"author":8,"featured_media":5307,"comment_status":"closed","ping_status":"closed","sticky":false,"template":"","format":"standard","meta":{"site-sidebar-layout":"default","site-content-layout":"default","ast-global-header-display":"","ast-main-header-display":"","ast-hfb-above-header-display":"","ast-hfb-below-header-display":"","ast-hfb-mobile-header-display":"","site-post-title":"","ast-breadcrumbs-content":"","ast-featured-img":"disabled","footer-sml-layout":"","theme-transparent-header-meta":"","adv-header-id-meta":"","stick-header-meta":"","header-above-stick-meta":"","header-main-stick-meta":"","header-below-stick-meta":""},"categories":[130],"tags":[100,245,104,96,244,12],"yoast_head":"<!-- This site is optimized with the Yoast SEO plugin v18.8 - https:\/\/yoast.com\/wordpress\/plugins\/seo\/ -->\n<title>Kivennapaseuran vuosikokous ja esitelm\u00e4tilaisuus karjalaisuudesta 25.9. Ahj\u00e4rventalolla - Kivennapaseura<\/title>\n<meta name=\"description\" content=\"Tervetuloa Kivennapaseuran vuosikokoukseen ja avoimeen esitelm\u00e4tilaisuuteen karjalaisuudesta 25.9.2022 Ahj\u00e4rventalolle.\" \/>\n<meta name=\"robots\" content=\"index, follow, max-snippet:-1, max-image-preview:large, max-video-preview:-1\" \/>\n<link rel=\"canonical\" href=\"https:\/\/kivennapaseura.fi\/?p=5306\" \/>\n<meta property=\"og:locale\" content=\"fi_FI\" \/>\n<meta property=\"og:type\" content=\"article\" \/>\n<meta property=\"og:title\" content=\"Kivennapaseuran vuosikokous ja esitelm\u00e4tilaisuus karjalaisuudesta 25.9. Ahj\u00e4rventalolla - Kivennapaseura\" \/>\n<meta property=\"og:description\" content=\"Tervetuloa Kivennapaseuran vuosikokoukseen ja avoimeen esitelm\u00e4tilaisuuteen karjalaisuudesta 25.9.2022 Ahj\u00e4rventalolle.\" \/>\n<meta property=\"og:url\" content=\"https:\/\/kivennapaseura.fi\/?p=5306\" \/>\n<meta property=\"og:site_name\" content=\"Kivennapaseura\" \/>\n<meta property=\"article:published_time\" content=\"2022-09-14T17:14:23+00:00\" \/>\n<meta property=\"article:modified_time\" content=\"2023-01-23T16:19:30+00:00\" \/>\n<meta property=\"og:image\" content=\"http:\/\/kivennapaseura.fi\/wp-content\/uploads\/2022\/09\/Vuosikokous.jpg\" \/>\n\t<meta property=\"og:image:width\" content=\"600\" \/>\n\t<meta property=\"og:image:height\" content=\"450\" \/>\n\t<meta property=\"og:image:type\" content=\"image\/jpeg\" \/>\n<meta name=\"twitter:card\" content=\"summary_large_image\" \/>\n<meta name=\"twitter:image\" content=\"https:\/\/kivennapaseura.fi\/wp-content\/uploads\/2022\/09\/Vuosikokous.jpg\" \/>\n<meta name=\"twitter:label1\" content=\"Kirjoittanut\" \/>\n\t<meta name=\"twitter:data1\" content=\"Helena Tapper\" \/>\n\t<meta name=\"twitter:label2\" content=\"Arvioitu lukuaika\" \/>\n\t<meta name=\"twitter:data2\" content=\"1 minuutti\" \/>\n<script type=\"application\/ld+json\" class=\"yoast-schema-graph\">{\"@context\":\"https:\/\/schema.org\",\"@graph\":[{\"@type\":\"WebSite\",\"@id\":\"https:\/\/kivennapaseura.fi\/#website\",\"url\":\"https:\/\/kivennapaseura.fi\/\",\"name\":\"Kivennapaseura\",\"description\":\"Kivennapaseuran kotisivut\",\"potentialAction\":[{\"@type\":\"SearchAction\",\"target\":{\"@type\":\"EntryPoint\",\"urlTemplate\":\"https:\/\/kivennapaseura.fi\/?s={search_term_string}\"},\"query-input\":\"required name=search_term_string\"}],\"inLanguage\":\"fi\"},{\"@type\":\"ImageObject\",\"inLanguage\":\"fi\",\"@id\":\"https:\/\/kivennapaseura.fi\/?p=5306#primaryimage\",\"url\":\"https:\/\/kivennapaseura.fi\/wp-content\/uploads\/2022\/09\/Vuosikokous.jpg\",\"contentUrl\":\"https:\/\/kivennapaseura.fi\/wp-content\/uploads\/2022\/09\/Vuosikokous.jpg\",\"width\":600,\"height\":450,\"caption\":\"Syksyisi\u00e4 puita ja sininen taivas.\"},{\"@type\":\"WebPage\",\"@id\":\"https:\/\/kivennapaseura.fi\/?p=5306#webpage\",\"url\":\"https:\/\/kivennapaseura.fi\/?p=5306\",\"name\":\"Kivennapaseuran vuosikokous ja esitelm\u00e4tilaisuus karjalaisuudesta 25.9. Ahj\u00e4rventalolla - Kivennapaseura\",\"isPartOf\":{\"@id\":\"https:\/\/kivennapaseura.fi\/#website\"},\"primaryImageOfPage\":{\"@id\":\"https:\/\/kivennapaseura.fi\/?p=5306#primaryimage\"},\"datePublished\":\"2022-09-14T17:14:23+00:00\",\"dateModified\":\"2023-01-23T16:19:30+00:00\",\"author\":{\"@id\":\"https:\/\/kivennapaseura.fi\/#\/schema\/person\/298db6dfe73365852431a8fff521ec99\"},\"description\":\"Tervetuloa Kivennapaseuran vuosikokoukseen ja avoimeen esitelm\u00e4tilaisuuteen karjalaisuudesta 25.9.2022 Ahj\u00e4rventalolle.\",\"breadcrumb\":{\"@id\":\"https:\/\/kivennapaseura.fi\/?p=5306#breadcrumb\"},\"inLanguage\":\"fi\",\"potentialAction\":[{\"@type\":\"ReadAction\",\"target\":[\"https:\/\/kivennapaseura.fi\/?p=5306\"]}]},{\"@type\":\"BreadcrumbList\",\"@id\":\"https:\/\/kivennapaseura.fi\/?p=5306#breadcrumb\",\"itemListElement\":[{\"@type\":\"ListItem\",\"position\":1,\"name\":\"Etusivu\",\"item\":\"https:\/\/kivennapaseura.fi\/\"},{\"@type\":\"ListItem\",\"position\":2,\"name\":\"Kivennapaseuran vuosikokous ja esitelm\u00e4tilaisuus karjalaisuudesta 25.9. Ahj\u00e4rventalolla\"}]},{\"@type\":\"Person\",\"@id\":\"https:\/\/kivennapaseura.fi\/#\/schema\/person\/298db6dfe73365852431a8fff521ec99\",\"name\":\"Helena Tapper\",\"image\":{\"@type\":\"ImageObject\",\"inLanguage\":\"fi\",\"@id\":\"https:\/\/kivennapaseura.fi\/#\/schema\/person\/image\/\",\"url\":\"https:\/\/secure.gravatar.com\/avatar\/32dc21370ae967f1f164e629ddfce254?s=96&d=mm&r=g\",\"contentUrl\":\"https:\/\/secure.gravatar.com\/avatar\/32dc21370ae967f1f164e629ddfce254?s=96&d=mm&r=g\",\"caption\":\"Helena Tapper\"},\"url\":\"https:\/\/kivennapaseura.fi\/?author=8\"}]}<\/script>\n<!-- \/ Yoast SEO plugin. -->","yoast_head_json":{"title":"Kivennapaseuran vuosikokous ja esitelm\u00e4tilaisuus karjalaisuudesta 25.9. Ahj\u00e4rventalolla - Kivennapaseura","description":"Tervetuloa Kivennapaseuran vuosikokoukseen ja avoimeen esitelm\u00e4tilaisuuteen karjalaisuudesta 25.9.2022 Ahj\u00e4rventalolle.","robots":{"index":"index","follow":"follow","max-snippet":"max-snippet:-1","max-image-preview":"max-image-preview:large","max-video-preview":"max-video-preview:-1"},"canonical":"https:\/\/kivennapaseura.fi\/?p=5306","og_locale":"fi_FI","og_type":"article","og_title":"Kivennapaseuran vuosikokous ja esitelm\u00e4tilaisuus karjalaisuudesta 25.9. Ahj\u00e4rventalolla - Kivennapaseura","og_description":"Tervetuloa Kivennapaseuran vuosikokoukseen ja avoimeen esitelm\u00e4tilaisuuteen karjalaisuudesta 25.9.2022 Ahj\u00e4rventalolle.","og_url":"https:\/\/kivennapaseura.fi\/?p=5306","og_site_name":"Kivennapaseura","article_published_time":"2022-09-14T17:14:23+00:00","article_modified_time":"2023-01-23T16:19:30+00:00","og_image":[{"width":600,"height":450,"url":"http:\/\/kivennapaseura.fi\/wp-content\/uploads\/2022\/09\/Vuosikokous.jpg","type":"image\/jpeg"}],"twitter_card":"summary_large_image","twitter_image":"https:\/\/kivennapaseura.fi\/wp-content\/uploads\/2022\/09\/Vuosikokous.jpg","twitter_misc":{"Kirjoittanut":"Helena Tapper","Arvioitu lukuaika":"1 minuutti"},"schema":{"@context":"https:\/\/schema.org","@graph":[{"@type":"WebSite","@id":"https:\/\/kivennapaseura.fi\/#website","url":"https:\/\/kivennapaseura.fi\/","name":"Kivennapaseura","description":"Kivennapaseuran kotisivut","potentialAction":[{"@type":"SearchAction","target":{"@type":"EntryPoint","urlTemplate":"https:\/\/kivennapaseura.fi\/?s={search_term_string}"},"query-input":"required name=search_term_string"}],"inLanguage":"fi"},{"@type":"ImageObject","inLanguage":"fi","@id":"https:\/\/kivennapaseura.fi\/?p=5306#primaryimage","url":"https:\/\/kivennapaseura.fi\/wp-content\/uploads\/2022\/09\/Vuosikokous.jpg","contentUrl":"https:\/\/kivennapaseura.fi\/wp-content\/uploads\/2022\/09\/Vuosikokous.jpg","width":600,"height":450,"caption":"Syksyisi\u00e4 puita ja sininen taivas."},{"@type":"WebPage","@id":"https:\/\/kivennapaseura.fi\/?p=5306#webpage","url":"https:\/\/kivennapaseura.fi\/?p=5306","name":"Kivennapaseuran vuosikokous ja esitelm\u00e4tilaisuus karjalaisuudesta 25.9. Ahj\u00e4rventalolla - Kivennapaseura","isPartOf":{"@id":"https:\/\/kivennapaseura.fi\/#website"},"primaryImageOfPage":{"@id":"https:\/\/kivennapaseura.fi\/?p=5306#primaryimage"},"datePublished":"2022-09-14T17:14:23+00:00","dateModified":"2023-01-23T16:19:30+00:00","author":{"@id":"https:\/\/kivennapaseura.fi\/#\/schema\/person\/298db6dfe73365852431a8fff521ec99"},"description":"Tervetuloa Kivennapaseuran vuosikokoukseen ja avoimeen esitelm\u00e4tilaisuuteen karjalaisuudesta 25.9.2022 Ahj\u00e4rventalolle.","breadcrumb":{"@id":"https:\/\/kivennapaseura.fi\/?p=5306#breadcrumb"},"inLanguage":"fi","potentialAction":[{"@type":"ReadAction","target":["https:\/\/kivennapaseura.fi\/?p=5306"]}]},{"@type":"BreadcrumbList","@id":"https:\/\/kivennapaseura.fi\/?p=5306#breadcrumb","itemListElement":[{"@type":"ListItem","position":1,"name":"Etusivu","item":"https:\/\/kivennapaseura.fi\/"},{"@type":"ListItem","position":2,"name":"Kivennapaseuran vuosikokous ja esitelm\u00e4tilaisuus karjalaisuudesta 25.9. Ahj\u00e4rventalolla"}]},{"@type":"Person","@id":"https:\/\/kivennapaseura.fi\/#\/schema\/person\/298db6dfe73365852431a8fff521ec99","name":"Helena Tapper","image":{"@type":"ImageObject","inLanguage":"fi","@id":"https:\/\/kivennapaseura.fi\/#\/schema\/person\/image\/","url":"https:\/\/secure.gravatar.com\/avatar\/32dc21370ae967f1f164e629ddfce254?s=96&d=mm&r=g","contentUrl":"https:\/\/secure.gravatar.com\/avatar\/32dc21370ae967f1f164e629ddfce254?s=96&d=mm&r=g","caption":"Helena Tapper"},"url":"https:\/\/kivennapaseura.fi\/?author=8"}]}},"_links":{"self":[{"href":"https:\/\/kivennapaseura.fi\/index.php?rest_route=\/wp\/v2\/posts\/5306"}],"collection":[{"href":"https:\/\/kivennapaseura.fi\/index.php?rest_route=\/wp\/v2\/posts"}],"about":[{"href":"https:\/\/kivennapaseura.fi\/index.php?rest_route=\/wp\/v2\/types\/post"}],"author":[{"embeddable":true,"href":"https:\/\/kivennapaseura.fi\/index.php?rest_route=\/wp\/v2\/users\/8"}],"replies":[{"embeddable":true,"href":"https:\/\/kivennapaseura.fi\/index.php?rest_route=%2Fwp%2Fv2%2Fcomments&post=5306"}],"version-history":[{"count":9,"href":"https:\/\/kivennapaseura.fi\/index.php?rest_route=\/wp\/v2\/posts\/5306\/revisions"}],"predecessor-version":[{"id":5570,"href":"https:\/\/kivennapaseura.fi\/index.php?rest_route=\/wp\/v2\/posts\/5306\/revisions\/5570"}],"wp:featuredmedia":[{"embeddable":true,"href":"https:\/\/kivennapaseura.fi\/index.php?rest_route=\/wp\/v2\/media\/5307"}],"wp:attachment":[{"href":"https:\/\/kivennapaseura.fi\/index.php?rest_route=%2Fwp%2Fv2%2Fmedia&parent=5306"}],"wp:term":[{"taxonomy":"category","embeddable":true,"href":"https:\/\/kivennapaseura.fi\/index.php?rest_route=%2Fwp%2Fv2%2Fcategories&post=5306"},{"taxonomy":"post_tag","embeddable":true,"href":"https:\/\/kivennapaseura.fi\/index.php?rest_route=%2Fwp%2Fv2%2Ftags&post=5306"}],"curies":[{"name":"wp","href":"https:\/\/api.w.org\/{rel}","templated":true}]}}