{"id":5319,"date":"2022-09-19T13:22:56","date_gmt":"2022-09-19T10:22:56","guid":{"rendered":"https:\/\/kivennapaseura.fi\/?p=5319"},"modified":"2023-01-23T18:18:04","modified_gmt":"2023-01-23T16:18:04","slug":"kivennapaseura-ryn-saantomaaraisen-vuosikokouksen-esitylista","status":"publish","type":"post","link":"https:\/\/kivennapaseura.fi\/?p=5319","title":{"rendered":"Kivennapaseura ry:n s\u00e4\u00e4nt\u00f6m\u00e4\u00e4r\u00e4isen vuosikokouksen\u00a0esityslista"},"content":{"rendered":"\n<p><\/p>\n\n\n\n<figure class=\"wp-block-image size-large\"><a href=\"http:\/\/kivennapaseura.fi\/wp-content\/uploads\/2022\/09\/2657DA4A-5A1C-4B6D-A9E9-2AADB8F75A7C.jpeg\"><img loading=\"lazy\" width=\"510\" height=\"340\" src=\"http:\/\/kivennapaseura.fi\/wp-content\/uploads\/2022\/09\/2657DA4A-5A1C-4B6D-A9E9-2AADB8F75A7C-510x340.jpeg\" alt=\"Vaakuna, jossa on avain.\" class=\"wp-image-5320\" srcset=\"https:\/\/kivennapaseura.fi\/wp-content\/uploads\/2022\/09\/2657DA4A-5A1C-4B6D-A9E9-2AADB8F75A7C-510x340.jpeg 510w, https:\/\/kivennapaseura.fi\/wp-content\/uploads\/2022\/09\/2657DA4A-5A1C-4B6D-A9E9-2AADB8F75A7C-300x200.jpeg 300w, https:\/\/kivennapaseura.fi\/wp-content\/uploads\/2022\/09\/2657DA4A-5A1C-4B6D-A9E9-2AADB8F75A7C.jpeg 613w\" sizes=\"(max-width: 510px) 100vw, 510px\" \/><\/a><\/figure>\n\n\n\n<p><br><strong>Kivennapaseura ry &#8211; S\u00e4\u00e4nt\u00f6m\u00e4\u00e4r\u00e4inen vuosikokous<\/strong><br><strong>Aika:<\/strong> sunnuntai&nbsp;25. syyskuuta 2022 klo 12<br><strong>Paikka: <\/strong>Ahj\u00e4rvi-talo, Vesij\u00e4rventie 13, Kangasala<\/p>\n\n\n\n<p><\/p>\n\n\n\n<p><strong>Esityslista<\/strong><\/p>\n\n\n\n<p>1. Kokouksen avaus<\/p>\n\n\n\n<p>2. Kokouksen j\u00e4rjest\u00e4tyminen<\/p>\n\n\n\n<p>3. Kokouksen laillisuus ja p\u00e4\u00e4t\u00f6svaltaisuus<\/p>\n\n\n\n<p>4. Kokouksen ty\u00f6j\u00e4rjestys<\/p>\n\n\n\n<p>5. Vuosikertomus vuodelta 2021 sek\u00e4 tilit, toiminnantarkastajan lausunto sek\u00e4 tilinp\u00e4\u00e4t\u00f6s&nbsp;&nbsp;vuodelta 2021<\/p>\n\n\n\n<p>6. P\u00e4\u00e4tet\u00e4\u00e4n vastuuvapauden my\u00f6nt\u00e4misest\u00e4 hallitukselle ja toimihenkil\u00f6ille, sek\u00e4 muista toimenpiteist\u00e4 joihin edellisen vuoden hallinto ja tilit ehk\u00e4 antavat aihetta<\/p>\n\n\n\n<p>7. P\u00e4\u00e4tet\u00e4\u00e4n j\u00e4senmaksut vuodelle 2023<\/p>\n\n\n\n<p>8. Vahvistetaan vuoden 2023 toimintasuunnitelma ja talousarvio<\/p>\n\n\n\n<p>9. P\u00e4\u00e4tet\u00e4\u00e4n hallituksen j\u00e4senten lukum\u00e4\u00e4r\u00e4, ja valitaan j\u00e4senet erovuoroisten tilalle, sek\u00e4 mahdolliset muut j\u00e4senet. S\u00e4\u00e4nt\u00f6jen mukaan hallituksessa voi olla 8-10 j\u00e4sent\u00e4.<\/p>\n\n\n\n<p>10. Toiminnantarkastajan ja varatoiminnantarkastajan valinta. Valitaan tarvittavat toimikunnat ja edustajat.<\/p>\n\n\n\n<p>11. P\u00e4\u00e4tet\u00e4\u00e4n miss\u00e4 lehdiss\u00e4 kokouskutsut on julkaistava, ja miten muut tiedonannot j\u00e4senille toimitettava.<\/p>\n\n\n\n<p>12. K\u00e4sitell\u00e4\u00e4n muut hallituksen kokoukselle esitt\u00e4m\u00e4t asiat<\/p>\n\n\n\n<p>13. K\u00e4sitell\u00e4\u00e4n asiat, jotka joku yhdistyksen j\u00e4sen on kirjallisesti v\u00e4hint\u00e4\u00e4n 7 p\u00e4iv\u00e4\u00e4 ennen kokousta puheenjohtajalle esitt\u00e4nyt kokouksessa k\u00e4sitelt\u00e4v\u00e4ksi ottaen huomioon yhdistyslain 14\u00a7:n m\u00e4\u00e4r\u00e4ykset<\/p>\n\n\n\n<p>14. Kokouksen p\u00e4\u00e4tt\u00e4minen<\/p>\n\n\n\n<p><br>Kivennapaseura ry:n hallitus<br><br>Lis\u00e4tietoja:<br>&#8211; <a href=\"https:\/\/kivennapaseura.fi\/?p=5306\">Kokouskutsu Kivennapaseuran sivuilla<\/a><\/p>\n\n\n\n<p><br><em>Julkaistu: 19.9.2022<\/em><br><em>Teksti: Helena Tapper<\/em><br><em>Toimittaja ja julkaisija: Riitta Taarasti<\/em><\/p>\n\n\n\n<h6>Asiasanat<\/h6>\n\n\n<div class=\"taxonomy-post_tag wp-block-post-terms\"><a href=\"https:\/\/kivennapaseura.fi\/?tag=kivennapaseuran-hallitus\" rel=\"tag\">Kivennapaseuran hallitus<\/a><span class=\"wp-block-post-terms__separator\">, <\/span><a href=\"https:\/\/kivennapaseura.fi\/?tag=kivennapaseuran-toimikunnat\" rel=\"tag\">Kivennapaseuran toimikunnat<\/a><span class=\"wp-block-post-terms__separator\">, <\/span><a href=\"https:\/\/kivennapaseura.fi\/?tag=kokoukset\" rel=\"tag\">kokoukset<\/a><\/div>","protected":false},"excerpt":{"rendered":"<p>Kivennapaseura ry &#8211; S\u00e4\u00e4nt\u00f6m\u00e4\u00e4r\u00e4inen vuosikokousAika: sunnuntai&nbsp;25. syyskuuta 2022 klo 12Paikka: Ahj\u00e4rvi-talo, Vesij\u00e4rventie 13, Kangasala Esityslista 1. Kokouksen avaus 2. Kokouksen j\u00e4rjest\u00e4tyminen 3. Kokouksen laillisuus ja p\u00e4\u00e4t\u00f6svaltaisuus 4. Kokouksen ty\u00f6j\u00e4rjestys 5. Vuosikertomus vuodelta 2021 sek\u00e4 tilit, toiminnantarkastajan lausunto sek\u00e4 tilinp\u00e4\u00e4t\u00f6s&nbsp;&nbsp;vuodelta 2021 6. P\u00e4\u00e4tet\u00e4\u00e4n vastuuvapauden my\u00f6nt\u00e4misest\u00e4 hallitukselle ja toimihenkil\u00f6ille, sek\u00e4 muista toimenpiteist\u00e4 joihin edellisen vuoden hallinto ja &hellip;<\/p>\n<p class=\"read-more\"> <a class=\"\" href=\"https:\/\/kivennapaseura.fi\/?p=5319\"> <span class=\"screen-reader-text\">Kivennapaseura ry:n s\u00e4\u00e4nt\u00f6m\u00e4\u00e4r\u00e4isen vuosikokouksen\u00a0esityslista<\/span> Lue lis\u00e4\u00e4 &raquo;<\/a><\/p>\n","protected":false},"author":8,"featured_media":5320,"comment_status":"closed","ping_status":"closed","sticky":false,"template":"","format":"standard","meta":{"site-sidebar-layout":"default","site-content-layout":"default","ast-global-header-display":"","ast-main-header-display":"","ast-hfb-above-header-display":"","ast-hfb-below-header-display":"","ast-hfb-mobile-header-display":"","site-post-title":"","ast-breadcrumbs-content":"","ast-featured-img":"disabled","footer-sml-layout":"","theme-transparent-header-meta":"","adv-header-id-meta":"","stick-header-meta":"","header-above-stick-meta":"","header-main-stick-meta":"","header-below-stick-meta":""},"categories":[130],"tags":[246,247,96],"yoast_head":"<!-- This site is optimized with the Yoast SEO plugin v18.8 - https:\/\/yoast.com\/wordpress\/plugins\/seo\/ -->\n<title>Kivennapaseura ry:n s\u00e4\u00e4nt\u00f6m\u00e4\u00e4r\u00e4isen vuosikokouksen\u00a0esityslista - Kivennapaseura<\/title>\n<meta name=\"description\" content=\"Kivennapaseura ry:n\u00a0s\u00e4\u00e4nt\u00f6m\u00e4\u00e4r\u00e4isen vuosikokouksen\u00a0esitylista. Kokous pidet\u00e4\u00e4n sunnuntaina\u00a025.9 2022 klo 12 Ahj\u00e4rvi-talolla Kangasalla.\" \/>\n<meta name=\"robots\" content=\"index, follow, max-snippet:-1, max-image-preview:large, max-video-preview:-1\" \/>\n<link rel=\"canonical\" href=\"https:\/\/kivennapaseura.fi\/?p=5319\" \/>\n<meta property=\"og:locale\" content=\"fi_FI\" \/>\n<meta property=\"og:type\" content=\"article\" \/>\n<meta property=\"og:title\" content=\"Kivennapaseura ry:n s\u00e4\u00e4nt\u00f6m\u00e4\u00e4r\u00e4isen vuosikokouksen\u00a0esityslista - Kivennapaseura\" \/>\n<meta property=\"og:description\" content=\"Kivennapaseura ry:n\u00a0s\u00e4\u00e4nt\u00f6m\u00e4\u00e4r\u00e4isen vuosikokouksen\u00a0esitylista. Kokous pidet\u00e4\u00e4n sunnuntaina\u00a025.9 2022 klo 12 Ahj\u00e4rvi-talolla Kangasalla.\" \/>\n<meta property=\"og:url\" content=\"https:\/\/kivennapaseura.fi\/?p=5319\" \/>\n<meta property=\"og:site_name\" content=\"Kivennapaseura\" \/>\n<meta property=\"article:published_time\" content=\"2022-09-19T10:22:56+00:00\" \/>\n<meta property=\"article:modified_time\" content=\"2023-01-23T16:18:04+00:00\" \/>\n<meta property=\"og:image\" content=\"http:\/\/kivennapaseura.fi\/wp-content\/uploads\/2022\/09\/2657DA4A-5A1C-4B6D-A9E9-2AADB8F75A7C.jpeg\" \/>\n\t<meta property=\"og:image:width\" content=\"613\" \/>\n\t<meta property=\"og:image:height\" content=\"409\" \/>\n\t<meta property=\"og:image:type\" content=\"image\/jpeg\" \/>\n<meta name=\"twitter:card\" content=\"summary_large_image\" \/>\n<meta name=\"twitter:image\" content=\"https:\/\/kivennapaseura.fi\/wp-content\/uploads\/2022\/09\/2657DA4A-5A1C-4B6D-A9E9-2AADB8F75A7C.jpeg\" \/>\n<meta name=\"twitter:label1\" content=\"Kirjoittanut\" \/>\n\t<meta name=\"twitter:data1\" content=\"Helena Tapper\" \/>\n\t<meta name=\"twitter:label2\" content=\"Arvioitu lukuaika\" \/>\n\t<meta name=\"twitter:data2\" content=\"2 minuuttia\" \/>\n<script type=\"application\/ld+json\" class=\"yoast-schema-graph\">{\"@context\":\"https:\/\/schema.org\",\"@graph\":[{\"@type\":\"WebSite\",\"@id\":\"https:\/\/kivennapaseura.fi\/#website\",\"url\":\"https:\/\/kivennapaseura.fi\/\",\"name\":\"Kivennapaseura\",\"description\":\"Kivennapaseuran kotisivut\",\"potentialAction\":[{\"@type\":\"SearchAction\",\"target\":{\"@type\":\"EntryPoint\",\"urlTemplate\":\"https:\/\/kivennapaseura.fi\/?s={search_term_string}\"},\"query-input\":\"required name=search_term_string\"}],\"inLanguage\":\"fi\"},{\"@type\":\"ImageObject\",\"inLanguage\":\"fi\",\"@id\":\"https:\/\/kivennapaseura.fi\/?p=5319#primaryimage\",\"url\":\"https:\/\/kivennapaseura.fi\/wp-content\/uploads\/2022\/09\/2657DA4A-5A1C-4B6D-A9E9-2AADB8F75A7C.jpeg\",\"contentUrl\":\"https:\/\/kivennapaseura.fi\/wp-content\/uploads\/2022\/09\/2657DA4A-5A1C-4B6D-A9E9-2AADB8F75A7C.jpeg\",\"width\":613,\"height\":409,\"caption\":\"Vaakuna, jossa on avain.\"},{\"@type\":\"WebPage\",\"@id\":\"https:\/\/kivennapaseura.fi\/?p=5319#webpage\",\"url\":\"https:\/\/kivennapaseura.fi\/?p=5319\",\"name\":\"Kivennapaseura ry:n s\u00e4\u00e4nt\u00f6m\u00e4\u00e4r\u00e4isen vuosikokouksen\u00a0esityslista - Kivennapaseura\",\"isPartOf\":{\"@id\":\"https:\/\/kivennapaseura.fi\/#website\"},\"primaryImageOfPage\":{\"@id\":\"https:\/\/kivennapaseura.fi\/?p=5319#primaryimage\"},\"datePublished\":\"2022-09-19T10:22:56+00:00\",\"dateModified\":\"2023-01-23T16:18:04+00:00\",\"author\":{\"@id\":\"https:\/\/kivennapaseura.fi\/#\/schema\/person\/298db6dfe73365852431a8fff521ec99\"},\"description\":\"Kivennapaseura ry:n\u00a0s\u00e4\u00e4nt\u00f6m\u00e4\u00e4r\u00e4isen vuosikokouksen\u00a0esitylista. Kokous pidet\u00e4\u00e4n sunnuntaina\u00a025.9 2022 klo 12 Ahj\u00e4rvi-talolla Kangasalla.\",\"breadcrumb\":{\"@id\":\"https:\/\/kivennapaseura.fi\/?p=5319#breadcrumb\"},\"inLanguage\":\"fi\",\"potentialAction\":[{\"@type\":\"ReadAction\",\"target\":[\"https:\/\/kivennapaseura.fi\/?p=5319\"]}]},{\"@type\":\"BreadcrumbList\",\"@id\":\"https:\/\/kivennapaseura.fi\/?p=5319#breadcrumb\",\"itemListElement\":[{\"@type\":\"ListItem\",\"position\":1,\"name\":\"Etusivu\",\"item\":\"https:\/\/kivennapaseura.fi\/\"},{\"@type\":\"ListItem\",\"position\":2,\"name\":\"Kivennapaseura ry:n s\u00e4\u00e4nt\u00f6m\u00e4\u00e4r\u00e4isen vuosikokouksen\u00a0esityslista\"}]},{\"@type\":\"Person\",\"@id\":\"https:\/\/kivennapaseura.fi\/#\/schema\/person\/298db6dfe73365852431a8fff521ec99\",\"name\":\"Helena Tapper\",\"image\":{\"@type\":\"ImageObject\",\"inLanguage\":\"fi\",\"@id\":\"https:\/\/kivennapaseura.fi\/#\/schema\/person\/image\/\",\"url\":\"https:\/\/secure.gravatar.com\/avatar\/32dc21370ae967f1f164e629ddfce254?s=96&d=mm&r=g\",\"contentUrl\":\"https:\/\/secure.gravatar.com\/avatar\/32dc21370ae967f1f164e629ddfce254?s=96&d=mm&r=g\",\"caption\":\"Helena Tapper\"},\"url\":\"https:\/\/kivennapaseura.fi\/?author=8\"}]}<\/script>\n<!-- \/ Yoast SEO plugin. -->","yoast_head_json":{"title":"Kivennapaseura ry:n s\u00e4\u00e4nt\u00f6m\u00e4\u00e4r\u00e4isen vuosikokouksen\u00a0esityslista - Kivennapaseura","description":"Kivennapaseura ry:n\u00a0s\u00e4\u00e4nt\u00f6m\u00e4\u00e4r\u00e4isen vuosikokouksen\u00a0esitylista. Kokous pidet\u00e4\u00e4n sunnuntaina\u00a025.9 2022 klo 12 Ahj\u00e4rvi-talolla Kangasalla.","robots":{"index":"index","follow":"follow","max-snippet":"max-snippet:-1","max-image-preview":"max-image-preview:large","max-video-preview":"max-video-preview:-1"},"canonical":"https:\/\/kivennapaseura.fi\/?p=5319","og_locale":"fi_FI","og_type":"article","og_title":"Kivennapaseura ry:n s\u00e4\u00e4nt\u00f6m\u00e4\u00e4r\u00e4isen vuosikokouksen\u00a0esityslista - Kivennapaseura","og_description":"Kivennapaseura ry:n\u00a0s\u00e4\u00e4nt\u00f6m\u00e4\u00e4r\u00e4isen vuosikokouksen\u00a0esitylista. Kokous pidet\u00e4\u00e4n sunnuntaina\u00a025.9 2022 klo 12 Ahj\u00e4rvi-talolla Kangasalla.","og_url":"https:\/\/kivennapaseura.fi\/?p=5319","og_site_name":"Kivennapaseura","article_published_time":"2022-09-19T10:22:56+00:00","article_modified_time":"2023-01-23T16:18:04+00:00","og_image":[{"width":613,"height":409,"url":"http:\/\/kivennapaseura.fi\/wp-content\/uploads\/2022\/09\/2657DA4A-5A1C-4B6D-A9E9-2AADB8F75A7C.jpeg","type":"image\/jpeg"}],"twitter_card":"summary_large_image","twitter_image":"https:\/\/kivennapaseura.fi\/wp-content\/uploads\/2022\/09\/2657DA4A-5A1C-4B6D-A9E9-2AADB8F75A7C.jpeg","twitter_misc":{"Kirjoittanut":"Helena Tapper","Arvioitu lukuaika":"2 minuuttia"},"schema":{"@context":"https:\/\/schema.org","@graph":[{"@type":"WebSite","@id":"https:\/\/kivennapaseura.fi\/#website","url":"https:\/\/kivennapaseura.fi\/","name":"Kivennapaseura","description":"Kivennapaseuran kotisivut","potentialAction":[{"@type":"SearchAction","target":{"@type":"EntryPoint","urlTemplate":"https:\/\/kivennapaseura.fi\/?s={search_term_string}"},"query-input":"required name=search_term_string"}],"inLanguage":"fi"},{"@type":"ImageObject","inLanguage":"fi","@id":"https:\/\/kivennapaseura.fi\/?p=5319#primaryimage","url":"https:\/\/kivennapaseura.fi\/wp-content\/uploads\/2022\/09\/2657DA4A-5A1C-4B6D-A9E9-2AADB8F75A7C.jpeg","contentUrl":"https:\/\/kivennapaseura.fi\/wp-content\/uploads\/2022\/09\/2657DA4A-5A1C-4B6D-A9E9-2AADB8F75A7C.jpeg","width":613,"height":409,"caption":"Vaakuna, jossa on avain."},{"@type":"WebPage","@id":"https:\/\/kivennapaseura.fi\/?p=5319#webpage","url":"https:\/\/kivennapaseura.fi\/?p=5319","name":"Kivennapaseura ry:n s\u00e4\u00e4nt\u00f6m\u00e4\u00e4r\u00e4isen vuosikokouksen\u00a0esityslista - Kivennapaseura","isPartOf":{"@id":"https:\/\/kivennapaseura.fi\/#website"},"primaryImageOfPage":{"@id":"https:\/\/kivennapaseura.fi\/?p=5319#primaryimage"},"datePublished":"2022-09-19T10:22:56+00:00","dateModified":"2023-01-23T16:18:04+00:00","author":{"@id":"https:\/\/kivennapaseura.fi\/#\/schema\/person\/298db6dfe73365852431a8fff521ec99"},"description":"Kivennapaseura ry:n\u00a0s\u00e4\u00e4nt\u00f6m\u00e4\u00e4r\u00e4isen vuosikokouksen\u00a0esitylista. Kokous pidet\u00e4\u00e4n sunnuntaina\u00a025.9 2022 klo 12 Ahj\u00e4rvi-talolla Kangasalla.","breadcrumb":{"@id":"https:\/\/kivennapaseura.fi\/?p=5319#breadcrumb"},"inLanguage":"fi","potentialAction":[{"@type":"ReadAction","target":["https:\/\/kivennapaseura.fi\/?p=5319"]}]},{"@type":"BreadcrumbList","@id":"https:\/\/kivennapaseura.fi\/?p=5319#breadcrumb","itemListElement":[{"@type":"ListItem","position":1,"name":"Etusivu","item":"https:\/\/kivennapaseura.fi\/"},{"@type":"ListItem","position":2,"name":"Kivennapaseura ry:n s\u00e4\u00e4nt\u00f6m\u00e4\u00e4r\u00e4isen vuosikokouksen\u00a0esityslista"}]},{"@type":"Person","@id":"https:\/\/kivennapaseura.fi\/#\/schema\/person\/298db6dfe73365852431a8fff521ec99","name":"Helena Tapper","image":{"@type":"ImageObject","inLanguage":"fi","@id":"https:\/\/kivennapaseura.fi\/#\/schema\/person\/image\/","url":"https:\/\/secure.gravatar.com\/avatar\/32dc21370ae967f1f164e629ddfce254?s=96&d=mm&r=g","contentUrl":"https:\/\/secure.gravatar.com\/avatar\/32dc21370ae967f1f164e629ddfce254?s=96&d=mm&r=g","caption":"Helena Tapper"},"url":"https:\/\/kivennapaseura.fi\/?author=8"}]}},"_links":{"self":[{"href":"https:\/\/kivennapaseura.fi\/index.php?rest_route=\/wp\/v2\/posts\/5319"}],"collection":[{"href":"https:\/\/kivennapaseura.fi\/index.php?rest_route=\/wp\/v2\/posts"}],"about":[{"href":"https:\/\/kivennapaseura.fi\/index.php?rest_route=\/wp\/v2\/types\/post"}],"author":[{"embeddable":true,"href":"https:\/\/kivennapaseura.fi\/index.php?rest_route=\/wp\/v2\/users\/8"}],"replies":[{"embeddable":true,"href":"https:\/\/kivennapaseura.fi\/index.php?rest_route=%2Fwp%2Fv2%2Fcomments&post=5319"}],"version-history":[{"count":10,"href":"https:\/\/kivennapaseura.fi\/index.php?rest_route=\/wp\/v2\/posts\/5319\/revisions"}],"predecessor-version":[{"id":5569,"href":"https:\/\/kivennapaseura.fi\/index.php?rest_route=\/wp\/v2\/posts\/5319\/revisions\/5569"}],"wp:featuredmedia":[{"embeddable":true,"href":"https:\/\/kivennapaseura.fi\/index.php?rest_route=\/wp\/v2\/media\/5320"}],"wp:attachment":[{"href":"https:\/\/kivennapaseura.fi\/index.php?rest_route=%2Fwp%2Fv2%2Fmedia&parent=5319"}],"wp:term":[{"taxonomy":"category","embeddable":true,"href":"https:\/\/kivennapaseura.fi\/index.php?rest_route=%2Fwp%2Fv2%2Fcategories&post=5319"},{"taxonomy":"post_tag","embeddable":true,"href":"https:\/\/kivennapaseura.fi\/index.php?rest_route=%2Fwp%2Fv2%2Ftags&post=5319"}],"curies":[{"name":"wp","href":"https:\/\/api.w.org\/{rel}","templated":true}]}}