{"id":5334,"date":"2022-09-25T13:29:13","date_gmt":"2022-09-25T10:29:13","guid":{"rendered":"https:\/\/kivennapaseura.fi\/?p=5334"},"modified":"2022-10-23T19:08:11","modified_gmt":"2022-10-23T16:08:11","slug":"kivennapaseuran-haastattelussa-pekka-kirjavainen","status":"publish","type":"post","link":"https:\/\/kivennapaseura.fi\/?p=5334","title":{"rendered":"Kivennapaseuran haastattelussa: Pekka Kirjavainen"},"content":{"rendered":"\n<p><strong>Kivennapaseuran haastattelussa -sarja esittelee Kivennapaseuran hallituksen ja&nbsp;seuran j\u00e4seni\u00e4, Kivennavan historiaa harrastavia ja tutkivia sek\u00e4 karjalaisista&nbsp;juurista ja asioista kiinnostuneita ihmisi\u00e4.&nbsp;Kivennapaseuran viestint\u00e4toimikunnan j\u00e4senen Pekka Kirjavaisen sukujuuret tulevat Pihlaisten kyl\u00e4st\u00e4. Kiinnostuksen Kivennapa-asioihin her\u00e4tti sukuseura. Aluksi Kirjavaista kiinnosti vain Pihlainen, mutta  kiinnostus Kivennapaan on laajentunut Kivennapa-Wikin rakentamisen kautta. Kirjavainen pohtii, voisiko Kivennapaseura laatia kaiken kokoavan k\u00e4ytt\u00f6liittym\u00e4n, joka yhdist\u00e4\u00e4 eri tietokantoja ja mahdollistaa my\u00f6s k\u00e4ytt\u00e4jien omatoimisen tietojen t\u00e4ydent\u00e4misen<\/strong>.<\/p>\n\n\n\n<figure class=\"wp-block-image size-full\"><a href=\"http:\/\/kivennapaseura.fi\/wp-content\/uploads\/2022\/09\/Pekka_Kirjavainen_Kivennapaseuran_haastattelussa_kuva.jpg\"><img loading=\"lazy\" width=\"300\" height=\"371\" src=\"http:\/\/kivennapaseura.fi\/wp-content\/uploads\/2022\/09\/Pekka_Kirjavainen_Kivennapaseuran_haastattelussa_kuva.jpg\" alt=\"Miehen kasvot.\" class=\"wp-image-5335\" srcset=\"https:\/\/kivennapaseura.fi\/wp-content\/uploads\/2022\/09\/Pekka_Kirjavainen_Kivennapaseuran_haastattelussa_kuva.jpg 300w, https:\/\/kivennapaseura.fi\/wp-content\/uploads\/2022\/09\/Pekka_Kirjavainen_Kivennapaseuran_haastattelussa_kuva-243x300.jpg 243w\" sizes=\"(max-width: 300px) 100vw, 300px\" \/><\/a><figcaption><em>Pekka Kirjavainen<\/em><br><\/figcaption><\/figure>\n\n\n\n<p><strong>Miten&nbsp;Kivennapa liittyy sinun sukusi vaiheisiin?<\/strong><br>Is\u00e4ni puolelta sukuni on vahvasti Kivennavalta. Tosin is\u00e4ni syntyi Raudussa, Vepsassa, jossa isois\u00e4ni oli rajavartijana. Sukujuuret l\u00e4htev\u00e4t kuitenkin Kivennavan Pihlaisten kyl\u00e4st\u00e4, jossa esi-is\u00e4ni asuivat 1600-luvulta l\u00e4htien. Kirjavaisten sukua oli Kivennavalla laajalti, mutta Pihlainen on suvun keskittym\u00e4. 1800-luvulla, jolloin Kivennavan kyl\u00e4t kasvoivat nopeasti, kirkko kirjasi Pihlaisten kohdalla 847 syntynytt\u00e4, joista Kirjavaisia oli 321. L\u00e4helt\u00e4 ja kauempaa sukua on siis erityisesti ollut Pihlaisissa. Toki kaukaisempaa muuallakin Kivennavalla.<br><br><\/p>\n\n\n\n<p><strong>Kuka tai&nbsp;mik\u00e4 her\u00e4tti sinun mielenkiintosi Kivennapaan?<\/strong><br>Sukuseura ja pari sen j\u00e4rjest\u00e4m\u00e4\u00e4 k\u00e4ynti\u00e4 Kivennavalla sek\u00e4 sukukirjan toimittamisen avustaminen. Aluksi vain Pihlainen kiinnosti, mutta  kiinnostus Kivennapaan on laajentunut Kivennapa-Wikin rakentamisen kautta. Kivennapa-Wiki tuntuu t\u00e4rke\u00e4lt\u00e4, oikeastaan Kivennavan historian tarjoaminen verkossa ylip\u00e4\u00e4t\u00e4\u00e4n. Ei sen tarvitse vain Wikiin j\u00e4\u00e4d\u00e4. Voisiko Kivennapaseura laatia kaiken kokoavan k\u00e4ytt\u00f6liittym\u00e4n, joka yhdist\u00e4\u00e4 eri tietokantoja ja mahdollistaa my\u00f6s k\u00e4ytt\u00e4jien omatoimisen tietojen t\u00e4ydent\u00e4misen? Itse asiassa sellainen on jo, wiki-pohjainen. My\u00f6s t\u00e4m\u00e4 voisi olla seuran yll\u00e4pit\u00e4m\u00e4 tai seura voisi sen yll\u00e4pitoon osallistua. Silloin varmaankin useampi uskaltaisi osallistua sis\u00e4ll\u00f6n tuottamiseen.<br><br><\/p>\n\n\n\n<p><strong>Miksi\u00a0mielest\u00e4si ihmisten on t\u00e4rke\u00e4\u00e4 tiet\u00e4\u00e4 alueista, jotka Suomi menetti toisen\u00a0maailmansodan seurauksena sek\u00e4 siit\u00e4, ett\u00e4 sen vuoksi 400\u2009000 suomalaista joutui\u00a0j\u00e4tt\u00e4m\u00e4\u00e4n kotinsa?<\/strong><br>Niill\u00e4 luovutetuilla alueilla on asunut suomalaisia. Suomea ne eiv\u00e4t en\u00e4\u00e4 ole, mutta kuuluvat Suomen ja suomalaisuuden historiaan. Luovutetun Karjalan lis\u00e4ksi on hyv\u00e4 tiet\u00e4\u00e4 my\u00f6s Inkerinmaasta, suomalaisuuden historiaa sekin. Omat sukujuureni tulevat isois\u00e4n \u00e4idin kautta Lempaalasta. <br><br><\/p>\n\n\n\n<p><strong>Kerro joku Kivennapaan liittyv\u00e4 tarina tai tieto, jonka haluat jakaa t\u00e4m\u00e4n&nbsp;haastattelun lukijoille.<\/strong><br>Mik\u00e4 olisi nyt tieto, jonka haluaisin jakaa? Tarinat j\u00e4\u00e4k\u00f6\u00f6n viel\u00e4 Kivennavalla asuneiden kerrottavaksi. Kivennavalla sukujuuria omaavat tarkastelevat yleens\u00e4 pit\u00e4j\u00e4\u00e4 vain yhden kyl\u00e4n kautta. Se on mielest\u00e4ni kummallista. Useimmat vanhat suvut Kivennavalla kuitenkin levitt\u00e4ytyiv\u00e4t l\u00e4hes koko pit\u00e4j\u00e4\u00e4n. Tilallisina oltiin tietyiss\u00e4 kyliss\u00e4, mutta rengit ja piiat kulkivat. Vaimot haettiin enimm\u00e4kseen muualta kuin omasta kyl\u00e4st\u00e4. Vanhat suvut olivat n\u00e4in hyvinkin kaikki sukua kesken\u00e4\u00e4n. 1800-luvun lopulla tapahtui muutos, jota rautatien rakentaminen korosti. Kivennavalle tulvi uusia asukkaita ja ero pohjoisimpien kylien ja nopeimmin kasvaneen rannikkoseudun v\u00e4lill\u00e4 kasvoi. Terijoesta muodostui oma pit\u00e4j\u00e4ns\u00e4. T\u00e4m\u00e4n murroksen vaiheet j\u00e4\u00e4v\u00e4t turhan pienelle huomiolle kun Kivennavasta kerrotaan. <br><br><\/p>\n\n\n\n<p><strong>Mik\u00e4 tuo sinulle iloa el\u00e4m\u00e4\u00e4n?<\/strong><br>Monet asiat. Vaimo, lapset ja sukulaiset, yst\u00e4v\u00e4t, lapinkoira Wilppu, lukeminen, mehil\u00e4ishoito, puutarha&#8230; kaikenlaiset jutut, jotka el\u00e4kel\u00e4ist\u00e4 kiinnostavat.<br><br><\/p>\n\n\n\n<p>Lue lis\u00e4\u00e4:<br>\u2013&nbsp;<a href=\"https:\/\/kivennapaseura.fi\/?cat=128\">Kivennapaseuran haastattelussa -sarja<\/a><br>&#8211; <a href=\"http:\/\/www.kivennapa.fi\/wiki\/index.php\/Etusivu\">Kivennapa-Wiki<\/a><br><\/p>\n\n\n\n<p><em>Julkaistu: 25.9.2022<\/em><\/p>\n\n\n\n<h6>Asiasanat<\/h6>\n\n\n<div class=\"taxonomy-post_tag wp-block-post-terms\"><a href=\"https:\/\/kivennapaseura.fi\/?tag=inkerinmaa\" rel=\"tag\">Inkerinmaa<\/a><span class=\"wp-block-post-terms__separator\">, <\/span><a href=\"https:\/\/kivennapaseura.fi\/?tag=kayttolittymat\" rel=\"tag\">k\u00e4ytt\u00f6littym\u00e4t<\/a><span class=\"wp-block-post-terms__separator\">, <\/span><a href=\"https:\/\/kivennapaseura.fi\/?tag=kirjavainen-pekka\" rel=\"tag\">Kirjavainen Pekka<\/a><span class=\"wp-block-post-terms__separator\">, <\/span><a href=\"https:\/\/kivennapaseura.fi\/?tag=kivennapa-wiki\" rel=\"tag\">Kivennapa-Wiki<\/a><span class=\"wp-block-post-terms__separator\">, <\/span><a href=\"https:\/\/kivennapaseura.fi\/?tag=kotiseutumatkailu\" rel=\"tag\">kotiseutumatkailu<\/a><span class=\"wp-block-post-terms__separator\">, <\/span><a href=\"https:\/\/kivennapaseura.fi\/?tag=paikallishistoria\" rel=\"tag\">paikallishistoria<\/a><span class=\"wp-block-post-terms__separator\">, <\/span><a href=\"https:\/\/kivennapaseura.fi\/?tag=perheet\" rel=\"tag\">perheet<\/a><span class=\"wp-block-post-terms__separator\">, <\/span><a href=\"https:\/\/kivennapaseura.fi\/?tag=pihlainen\" rel=\"tag\">Pihlainen<\/a><span class=\"wp-block-post-terms__separator\">, <\/span><a href=\"https:\/\/kivennapaseura.fi\/?tag=sukukirjat\" rel=\"tag\">sukukirjat<\/a><span class=\"wp-block-post-terms__separator\">, <\/span><a href=\"https:\/\/kivennapaseura.fi\/?tag=sukupolvet\" rel=\"tag\">sukupolvet<\/a><span class=\"wp-block-post-terms__separator\">, <\/span><a href=\"https:\/\/kivennapaseura.fi\/?tag=suvut\" rel=\"tag\">suvut<\/a><\/div>","protected":false},"excerpt":{"rendered":"<p>Kivennapaseuran haastattelussa -sarja esittelee Kivennapaseuran hallituksen ja&nbsp;seuran j\u00e4seni\u00e4, Kivennavan historiaa harrastavia ja tutkivia sek\u00e4 karjalaisista&nbsp;juurista ja asioista kiinnostuneita ihmisi\u00e4.&nbsp;Kivennapaseuran viestint\u00e4toimikunnan j\u00e4senen Pekka Kirjavaisen sukujuuret tulevat Pihlaisten kyl\u00e4st\u00e4. Kiinnostuksen Kivennapa-asioihin her\u00e4tti sukuseura. Aluksi Kirjavaista kiinnosti vain Pihlainen, mutta kiinnostus Kivennapaan on laajentunut Kivennapa-Wikin rakentamisen kautta. Kirjavainen pohtii, voisiko Kivennapaseura laatia kaiken kokoavan k\u00e4ytt\u00f6liittym\u00e4n, joka yhdist\u00e4\u00e4 eri &hellip;<\/p>\n<p class=\"read-more\"> <a class=\"\" href=\"https:\/\/kivennapaseura.fi\/?p=5334\"> <span class=\"screen-reader-text\">Kivennapaseuran haastattelussa: Pekka Kirjavainen<\/span> Lue lis\u00e4\u00e4 &raquo;<\/a><\/p>\n","protected":false},"author":7,"featured_media":5335,"comment_status":"closed","ping_status":"closed","sticky":false,"template":"","format":"standard","meta":{"site-sidebar-layout":"default","site-content-layout":"default","ast-global-header-display":"","ast-main-header-display":"","ast-hfb-above-header-display":"","ast-hfb-below-header-display":"","ast-hfb-mobile-header-display":"","site-post-title":"","ast-breadcrumbs-content":"","ast-featured-img":"disabled","footer-sml-layout":"","theme-transparent-header-meta":"","adv-header-id-meta":"","stick-header-meta":"","header-above-stick-meta":"","header-main-stick-meta":"","header-below-stick-meta":""},"categories":[128],"tags":[250,251,170,248,143,68,134,171,249,144,133],"yoast_head":"<!-- This site is optimized with the Yoast SEO plugin v18.8 - https:\/\/yoast.com\/wordpress\/plugins\/seo\/ -->\n<title>Kivennapaseuran haastattelussa: Pekka Kirjavainen - Kivennapaseura<\/title>\n<meta name=\"description\" content=\"Kivennapaseuran haastattelussa Pekka Kirjavainen, jonka sukujuuret tulevat Pihlaisten kyl\u00e4st\u00e4. Kivennapa-Wiki on laajentanut kiinnostusta Kivennapa-asioihin.\" \/>\n<meta name=\"robots\" content=\"index, follow, max-snippet:-1, max-image-preview:large, max-video-preview:-1\" \/>\n<link rel=\"canonical\" href=\"https:\/\/kivennapaseura.fi\/?p=5334\" \/>\n<meta property=\"og:locale\" content=\"fi_FI\" \/>\n<meta property=\"og:type\" content=\"article\" \/>\n<meta property=\"og:title\" content=\"Kivennapaseuran haastattelussa: Pekka Kirjavainen - Kivennapaseura\" \/>\n<meta property=\"og:description\" content=\"Kivennapaseuran haastattelussa Pekka Kirjavainen, jonka sukujuuret tulevat Pihlaisten kyl\u00e4st\u00e4. Kivennapa-Wiki on laajentanut kiinnostusta Kivennapa-asioihin.\" \/>\n<meta property=\"og:url\" content=\"https:\/\/kivennapaseura.fi\/?p=5334\" \/>\n<meta property=\"og:site_name\" content=\"Kivennapaseura\" \/>\n<meta property=\"article:published_time\" content=\"2022-09-25T10:29:13+00:00\" \/>\n<meta property=\"article:modified_time\" content=\"2022-10-23T16:08:11+00:00\" \/>\n<meta property=\"og:image\" content=\"http:\/\/kivennapaseura.fi\/wp-content\/uploads\/2022\/09\/Kivennapaseuran_haastattelussa_Pekka_Kirjavainen_some.jpg\" \/>\n\t<meta property=\"og:image:width\" content=\"1600\" \/>\n\t<meta property=\"og:image:height\" content=\"900\" \/>\n\t<meta property=\"og:image:type\" content=\"image\/jpeg\" \/>\n<meta name=\"twitter:card\" content=\"summary_large_image\" \/>\n<meta name=\"twitter:image\" content=\"https:\/\/kivennapaseura.fi\/wp-content\/uploads\/2022\/09\/Kivennapaseuran_haastattelussa_Pekka_Kirjavainen_some.jpg\" \/>\n<meta name=\"twitter:label1\" content=\"Kirjoittanut\" \/>\n\t<meta name=\"twitter:data1\" content=\"Riitta Taarasti\" \/>\n\t<meta name=\"twitter:label2\" content=\"Arvioitu lukuaika\" \/>\n\t<meta name=\"twitter:data2\" content=\"3 minuuttia\" \/>\n<script type=\"application\/ld+json\" class=\"yoast-schema-graph\">{\"@context\":\"https:\/\/schema.org\",\"@graph\":[{\"@type\":\"WebSite\",\"@id\":\"https:\/\/kivennapaseura.fi\/#website\",\"url\":\"https:\/\/kivennapaseura.fi\/\",\"name\":\"Kivennapaseura\",\"description\":\"Kivennapaseuran kotisivut\",\"potentialAction\":[{\"@type\":\"SearchAction\",\"target\":{\"@type\":\"EntryPoint\",\"urlTemplate\":\"https:\/\/kivennapaseura.fi\/?s={search_term_string}\"},\"query-input\":\"required name=search_term_string\"}],\"inLanguage\":\"fi\"},{\"@type\":\"ImageObject\",\"inLanguage\":\"fi\",\"@id\":\"https:\/\/kivennapaseura.fi\/?p=5334#primaryimage\",\"url\":\"https:\/\/kivennapaseura.fi\/wp-content\/uploads\/2022\/09\/Kivennapaseuran_haastattelussa_Pekka_Kirjavainen_some.jpg\",\"contentUrl\":\"https:\/\/kivennapaseura.fi\/wp-content\/uploads\/2022\/09\/Kivennapaseuran_haastattelussa_Pekka_Kirjavainen_some.jpg\",\"width\":1600,\"height\":900,\"caption\":\"Miehen kasvot.\"},{\"@type\":\"WebPage\",\"@id\":\"https:\/\/kivennapaseura.fi\/?p=5334#webpage\",\"url\":\"https:\/\/kivennapaseura.fi\/?p=5334\",\"name\":\"Kivennapaseuran haastattelussa: Pekka Kirjavainen - Kivennapaseura\",\"isPartOf\":{\"@id\":\"https:\/\/kivennapaseura.fi\/#website\"},\"primaryImageOfPage\":{\"@id\":\"https:\/\/kivennapaseura.fi\/?p=5334#primaryimage\"},\"datePublished\":\"2022-09-25T10:29:13+00:00\",\"dateModified\":\"2022-10-23T16:08:11+00:00\",\"author\":{\"@id\":\"https:\/\/kivennapaseura.fi\/#\/schema\/person\/2c20136aecc32ddceb55e631be265d56\"},\"description\":\"Kivennapaseuran haastattelussa Pekka Kirjavainen, jonka sukujuuret tulevat Pihlaisten kyl\u00e4st\u00e4. Kivennapa-Wiki on laajentanut kiinnostusta Kivennapa-asioihin.\",\"breadcrumb\":{\"@id\":\"https:\/\/kivennapaseura.fi\/?p=5334#breadcrumb\"},\"inLanguage\":\"fi\",\"potentialAction\":[{\"@type\":\"ReadAction\",\"target\":[\"https:\/\/kivennapaseura.fi\/?p=5334\"]}]},{\"@type\":\"BreadcrumbList\",\"@id\":\"https:\/\/kivennapaseura.fi\/?p=5334#breadcrumb\",\"itemListElement\":[{\"@type\":\"ListItem\",\"position\":1,\"name\":\"Etusivu\",\"item\":\"https:\/\/kivennapaseura.fi\/\"},{\"@type\":\"ListItem\",\"position\":2,\"name\":\"Kivennapaseuran haastattelussa: Pekka Kirjavainen\"}]},{\"@type\":\"Person\",\"@id\":\"https:\/\/kivennapaseura.fi\/#\/schema\/person\/2c20136aecc32ddceb55e631be265d56\",\"name\":\"Riitta Taarasti\",\"image\":{\"@type\":\"ImageObject\",\"inLanguage\":\"fi\",\"@id\":\"https:\/\/kivennapaseura.fi\/#\/schema\/person\/image\/\",\"url\":\"https:\/\/secure.gravatar.com\/avatar\/5e780fda4bde16bb4fafbb9386e51ecc?s=96&d=mm&r=g\",\"contentUrl\":\"https:\/\/secure.gravatar.com\/avatar\/5e780fda4bde16bb4fafbb9386e51ecc?s=96&d=mm&r=g\",\"caption\":\"Riitta Taarasti\"},\"url\":\"https:\/\/kivennapaseura.fi\/?author=7\"}]}<\/script>\n<!-- \/ Yoast SEO plugin. -->","yoast_head_json":{"title":"Kivennapaseuran haastattelussa: Pekka Kirjavainen - Kivennapaseura","description":"Kivennapaseuran haastattelussa Pekka Kirjavainen, jonka sukujuuret tulevat Pihlaisten kyl\u00e4st\u00e4. Kivennapa-Wiki on laajentanut kiinnostusta Kivennapa-asioihin.","robots":{"index":"index","follow":"follow","max-snippet":"max-snippet:-1","max-image-preview":"max-image-preview:large","max-video-preview":"max-video-preview:-1"},"canonical":"https:\/\/kivennapaseura.fi\/?p=5334","og_locale":"fi_FI","og_type":"article","og_title":"Kivennapaseuran haastattelussa: Pekka Kirjavainen - Kivennapaseura","og_description":"Kivennapaseuran haastattelussa Pekka Kirjavainen, jonka sukujuuret tulevat Pihlaisten kyl\u00e4st\u00e4. Kivennapa-Wiki on laajentanut kiinnostusta Kivennapa-asioihin.","og_url":"https:\/\/kivennapaseura.fi\/?p=5334","og_site_name":"Kivennapaseura","article_published_time":"2022-09-25T10:29:13+00:00","article_modified_time":"2022-10-23T16:08:11+00:00","og_image":[{"width":1600,"height":900,"url":"http:\/\/kivennapaseura.fi\/wp-content\/uploads\/2022\/09\/Kivennapaseuran_haastattelussa_Pekka_Kirjavainen_some.jpg","type":"image\/jpeg"}],"twitter_card":"summary_large_image","twitter_image":"https:\/\/kivennapaseura.fi\/wp-content\/uploads\/2022\/09\/Kivennapaseuran_haastattelussa_Pekka_Kirjavainen_some.jpg","twitter_misc":{"Kirjoittanut":"Riitta Taarasti","Arvioitu lukuaika":"3 minuuttia"},"schema":{"@context":"https:\/\/schema.org","@graph":[{"@type":"WebSite","@id":"https:\/\/kivennapaseura.fi\/#website","url":"https:\/\/kivennapaseura.fi\/","name":"Kivennapaseura","description":"Kivennapaseuran kotisivut","potentialAction":[{"@type":"SearchAction","target":{"@type":"EntryPoint","urlTemplate":"https:\/\/kivennapaseura.fi\/?s={search_term_string}"},"query-input":"required name=search_term_string"}],"inLanguage":"fi"},{"@type":"ImageObject","inLanguage":"fi","@id":"https:\/\/kivennapaseura.fi\/?p=5334#primaryimage","url":"https:\/\/kivennapaseura.fi\/wp-content\/uploads\/2022\/09\/Kivennapaseuran_haastattelussa_Pekka_Kirjavainen_some.jpg","contentUrl":"https:\/\/kivennapaseura.fi\/wp-content\/uploads\/2022\/09\/Kivennapaseuran_haastattelussa_Pekka_Kirjavainen_some.jpg","width":1600,"height":900,"caption":"Miehen kasvot."},{"@type":"WebPage","@id":"https:\/\/kivennapaseura.fi\/?p=5334#webpage","url":"https:\/\/kivennapaseura.fi\/?p=5334","name":"Kivennapaseuran haastattelussa: Pekka Kirjavainen - Kivennapaseura","isPartOf":{"@id":"https:\/\/kivennapaseura.fi\/#website"},"primaryImageOfPage":{"@id":"https:\/\/kivennapaseura.fi\/?p=5334#primaryimage"},"datePublished":"2022-09-25T10:29:13+00:00","dateModified":"2022-10-23T16:08:11+00:00","author":{"@id":"https:\/\/kivennapaseura.fi\/#\/schema\/person\/2c20136aecc32ddceb55e631be265d56"},"description":"Kivennapaseuran haastattelussa Pekka Kirjavainen, jonka sukujuuret tulevat Pihlaisten kyl\u00e4st\u00e4. Kivennapa-Wiki on laajentanut kiinnostusta Kivennapa-asioihin.","breadcrumb":{"@id":"https:\/\/kivennapaseura.fi\/?p=5334#breadcrumb"},"inLanguage":"fi","potentialAction":[{"@type":"ReadAction","target":["https:\/\/kivennapaseura.fi\/?p=5334"]}]},{"@type":"BreadcrumbList","@id":"https:\/\/kivennapaseura.fi\/?p=5334#breadcrumb","itemListElement":[{"@type":"ListItem","position":1,"name":"Etusivu","item":"https:\/\/kivennapaseura.fi\/"},{"@type":"ListItem","position":2,"name":"Kivennapaseuran haastattelussa: Pekka Kirjavainen"}]},{"@type":"Person","@id":"https:\/\/kivennapaseura.fi\/#\/schema\/person\/2c20136aecc32ddceb55e631be265d56","name":"Riitta Taarasti","image":{"@type":"ImageObject","inLanguage":"fi","@id":"https:\/\/kivennapaseura.fi\/#\/schema\/person\/image\/","url":"https:\/\/secure.gravatar.com\/avatar\/5e780fda4bde16bb4fafbb9386e51ecc?s=96&d=mm&r=g","contentUrl":"https:\/\/secure.gravatar.com\/avatar\/5e780fda4bde16bb4fafbb9386e51ecc?s=96&d=mm&r=g","caption":"Riitta Taarasti"},"url":"https:\/\/kivennapaseura.fi\/?author=7"}]}},"_links":{"self":[{"href":"https:\/\/kivennapaseura.fi\/index.php?rest_route=\/wp\/v2\/posts\/5334"}],"collection":[{"href":"https:\/\/kivennapaseura.fi\/index.php?rest_route=\/wp\/v2\/posts"}],"about":[{"href":"https:\/\/kivennapaseura.fi\/index.php?rest_route=\/wp\/v2\/types\/post"}],"author":[{"embeddable":true,"href":"https:\/\/kivennapaseura.fi\/index.php?rest_route=\/wp\/v2\/users\/7"}],"replies":[{"embeddable":true,"href":"https:\/\/kivennapaseura.fi\/index.php?rest_route=%2Fwp%2Fv2%2Fcomments&post=5334"}],"version-history":[{"count":7,"href":"https:\/\/kivennapaseura.fi\/index.php?rest_route=\/wp\/v2\/posts\/5334\/revisions"}],"predecessor-version":[{"id":5408,"href":"https:\/\/kivennapaseura.fi\/index.php?rest_route=\/wp\/v2\/posts\/5334\/revisions\/5408"}],"wp:featuredmedia":[{"embeddable":true,"href":"https:\/\/kivennapaseura.fi\/index.php?rest_route=\/wp\/v2\/media\/5335"}],"wp:attachment":[{"href":"https:\/\/kivennapaseura.fi\/index.php?rest_route=%2Fwp%2Fv2%2Fmedia&parent=5334"}],"wp:term":[{"taxonomy":"category","embeddable":true,"href":"https:\/\/kivennapaseura.fi\/index.php?rest_route=%2Fwp%2Fv2%2Fcategories&post=5334"},{"taxonomy":"post_tag","embeddable":true,"href":"https:\/\/kivennapaseura.fi\/index.php?rest_route=%2Fwp%2Fv2%2Ftags&post=5334"}],"curies":[{"name":"wp","href":"https:\/\/api.w.org\/{rel}","templated":true}]}}