{"id":5479,"date":"2022-12-06T14:44:38","date_gmt":"2022-12-06T12:44:38","guid":{"rendered":"https:\/\/kivennapaseura.fi\/?p=5479"},"modified":"2022-12-07T12:52:55","modified_gmt":"2022-12-07T10:52:55","slug":"kivennapaseuran-haastattelussa-jaana-ahtiainen","status":"publish","type":"post","link":"https:\/\/kivennapaseura.fi\/?p=5479","title":{"rendered":"Kivennapaseuran haastattelussa: Jaana Ahtiainen"},"content":{"rendered":"\n<p><strong>Kivennapaseuran haastattelussa -sarja esittelee Kivennapaseuran hallituksen ja seuran j\u00e4seni\u00e4, Kivennavan historiaa harrastavia ja tutkivia sek\u00e4 karjalaisista juurista ja asioista kiinnostuneita ihmisi\u00e4. Jaana Ahtiaisen kiinnostus Kivennapaa kohtaan sai ensikosketuksen, kun h\u00e4nen is\u00e4ns\u00e4 Erkki Ahtiainen onnistui houkuttelemaan teini-ik\u00e4isen Jaanan mukaan kotiseutumatkalle Kivennavalle. Uudenlainen kiinnostuksen kerrostuma alkoi karttua yliopistossa, kun Jaanalle tarjoutui p\u00e4\u00e4sy erilaisten arkistoaineistojen \u00e4\u00e4relle <strong>folkloristiikan opintojen my\u00f6t\u00e4<\/strong>. <\/strong><br><\/p>\n\n\n\n<figure class=\"wp-block-image size-large\"><a href=\"http:\/\/kivennapaseura.fi\/wp-content\/uploads\/2022\/12\/Kivennapaseuran_haastattelussa_Jaana_Ahtiainen_some.jpg\"><img loading=\"lazy\" width=\"510\" height=\"287\" src=\"http:\/\/kivennapaseura.fi\/wp-content\/uploads\/2022\/12\/Kivennapaseuran_haastattelussa_Jaana_Ahtiainen_some-510x287.jpg\" alt=\"Nainen istuu mets\u00e4ss\u00e4 vierell\u00e4\u00e4n koira.\" class=\"wp-image-5481\" srcset=\"https:\/\/kivennapaseura.fi\/wp-content\/uploads\/2022\/12\/Kivennapaseuran_haastattelussa_Jaana_Ahtiainen_some-510x287.jpg 510w, https:\/\/kivennapaseura.fi\/wp-content\/uploads\/2022\/12\/Kivennapaseuran_haastattelussa_Jaana_Ahtiainen_some-300x169.jpg 300w, https:\/\/kivennapaseura.fi\/wp-content\/uploads\/2022\/12\/Kivennapaseuran_haastattelussa_Jaana_Ahtiainen_some-768x432.jpg 768w, https:\/\/kivennapaseura.fi\/wp-content\/uploads\/2022\/12\/Kivennapaseuran_haastattelussa_Jaana_Ahtiainen_some-1536x864.jpg 1536w, https:\/\/kivennapaseura.fi\/wp-content\/uploads\/2022\/12\/Kivennapaseuran_haastattelussa_Jaana_Ahtiainen_some.jpg 1600w\" sizes=\"(max-width: 510px) 100vw, 510px\" \/><\/a><figcaption><em>Jaana Ahtiainen.<\/em><\/figcaption><\/figure>\n\n\n\n<p><strong>Miten Kivennapa liittyy sinun sukusi vaiheisiin?<\/strong><\/p>\n\n\n\n<p>Kivennapa ja karjalaisuus karakterisoivat toista puolta sukutaustastani. Sek\u00e4 is\u00e4nis\u00e4ni ett\u00e4 is\u00e4n\u00e4itini ovat kumpikin kotoisin Kivennavalta. Isois\u00e4ni Toivo Ahtiainen oli Polvisel\u00e4lt\u00e4, ja iso\u00e4itini Helmi Ahtiainen (o.s. Karvanen) oli puolestaan kotoisin Tammisel\u00e4n kyl\u00e4st\u00e4.<\/p>\n\n\n\n<p><br><strong>Kuka tai mik\u00e4 her\u00e4tti sinun mielenkiintosi Kivennapaan?<\/strong><\/p>\n\n\n\n<p>T\u00e4st\u00e4 k\u00e4y syytt\u00e4minen is\u00e4\u00e4ni Erkki Ahtiaista, joka onnistui houkuttelemaan minut mukaan kotiseutumatkalle Kivennavalle ollessani l\u00e4hestulkoon kaikkeen vastahakoisesti suhtautuva teini-ik\u00e4inen. Kiinnostus omia sukujuuria kohtaan j\u00e4i tuolloin viel\u00e4 kytem\u00e4\u00e4n pinnan alle, mutta nousi sielt\u00e4 esille vanhempana, kun sit\u00e4 p\u00e4\u00e4si ruokkimaan yleisell\u00e4 kiinnostuksella kulttuuria, yhteis\u00f6j\u00e4, perinteit\u00e4 ja historiaa kohtaan.<\/p>\n\n\n\n<p>Uudenlainen kiinnostuksen kerrostuma alkoikin nopeasti karttua yliopistossa, kun folkloristiikan opintojen my\u00f6t\u00e4 tarjoutui p\u00e4\u00e4sy erilaisten arkistoaineistojen \u00e4\u00e4relle. Erityisesti Suomalaisen Kirjallisuuden Seuran Perinteen ja nykykulttuurin kokoelman (ent. Kansanrunousarkisto) rikas ja runsas sis\u00e4lt\u00f6 houkutteli tutustumaan Kivennapaan muun muassa uskomustarinoiden ja paikallishistorian n\u00e4k\u00f6kulmasta.&nbsp;<\/p>\n\n\n\n<p>L\u00e4hes 100&nbsp;000 perinteist\u00e4 kalevalaista runoteksti\u00e4 sis\u00e4lt\u00e4v\u00e4 Suomen Kansan Vanhat Runot (SKVR) -teossarja ja tietokanta on my\u00f6s tarjonnut oman kerroksensa Kivennapaan liittyv\u00e4\u00e4n kulttuuriseen ja historialliseen kiinnostukseen. Kivennavan osalta tietokannasta l\u00f6ytyy 302 runoa, joihin intouduin tutustumaan heti opintojeni alkuvuosina. <\/p>\n\n\n\n<p>Kiinnostus Kivennapaa ja karjalaisuutta kohtaan j\u00e4i kutkuttelemaan folkloristiikasta valmistumisenkin j\u00e4lkeen sen verran, ett\u00e4 toisen yliopistotutkintoni opinn\u00e4ytety\u00f6n aihe k\u00e4sittelee siirtokarjalaisten j\u00e4lkel\u00e4isten kotiseutumatkoja ja muistin paikkoja rajantakaisessa Karjalassa. Aineistoon on mahtunut mukaan my\u00f6s kivennapalaisten kotiseutumatkakertomuksia. N\u00e4ht\u00e4v\u00e4ksi j\u00e4\u00e4, l\u00f6ytyisik\u00f6 aiheelle jatkoa v\u00e4it\u00f6skirjan muodossa vai viev\u00e4tk\u00f6 muut aihepiirit menness\u00e4\u00e4n.<\/p>\n\n\n\n<p><br><strong>Miksi mielest\u00e4si ihmisten on t\u00e4rke\u00e4\u00e4 tiet\u00e4\u00e4 alueista, jotka Suomi menetti toisen maailmansodan seurauksena sek\u00e4 siit\u00e4, ett\u00e4 sen vuoksi 400\u2009000 suomalaista joutui j\u00e4tt\u00e4m\u00e4\u00e4n kotinsa? <\/strong><\/p>\n\n\n\n<p>T\u00e4m\u00e4 on hyvin monitahoinen ja monimutkainen aihe, jota voisin l\u00e4hesty\u00e4 sek\u00e4 laajemmasta kulttuurihistoriallisesta n\u00e4k\u00f6kulmasta ett\u00e4 yksil\u00f6llisest\u00e4 n\u00e4k\u00f6kulmasta, joista kumpikin on yht\u00e4 arvokkaita l\u00e4hestymiskulmia. Kulttuurihistoriallisesti on olennaista se, miten on arvokasta pit\u00e4\u00e4 yll\u00e4 tiet\u00e4myst\u00e4 n\u00e4iden alueiden historiasta ja kulttuurista ihan vain tiedon itseisarvon vuoksi.&nbsp;<\/p>\n\n\n\n<p>Mutta t\u00e4ll\u00e4 hetkell\u00e4 minua opinn\u00e4ytety\u00f6ni kannalta on oikeastaan kiinnostanut se, mik\u00e4 saa nuorempien sukupolvien yksil\u00f6t kokemaan rajan taakse j\u00e4\u00e4neen kotiseudun ja karjalaisuuden t\u00e4rke\u00e4n\u00e4 ja merkitt\u00e4v\u00e4n\u00e4.<\/p>\n\n\n\n<p>Arkistoaineistoja l\u00e4pi k\u00e4ydess\u00e4 olen huomannut, miten jokaisena vuosikymmenen\u00e4 on noussut pinnalle huoli siit\u00e4, ettei kiinnostus rajantakaista Karjalaa kohtaan kanna seuraaville sukupolville ja seuraaviin vuosikymmeniin. 1990-luvun alkupuoliskon kirjoituksista l\u00e4htien on ep\u00e4ilty, ett\u00e4 kiinnostus kotiseutumatkoja kohtaan hiipuu min\u00e4 hetken\u00e4 hyv\u00e4ns\u00e4. Syy t\u00e4h\u00e4n l\u00f6ydet\u00e4\u00e4n p\u00e4\u00e4asiassa siit\u00e4, ettei nuorilla sukupolvilla ole kiinnostusta omien isovanhempiensa tai isoisovanhempiensa historiaan.<\/p>\n\n\n\n<p>Kuitenkin karjalaisuus on monille nuorillekin t\u00e4rke\u00e4 asia oman identiteetin rakentamisessa. Ihmisilt\u00e4 kun tuntuu l\u00f6ytyv\u00e4n luontaista tarvetta juurtua jonnekin, vaikka nykyp\u00e4iv\u00e4n Suomessa monen sukuhistoriat ja omat asuinhistoriat ovat pitkin poikin lev\u00e4ll\u00e4\u00e4n ymp\u00e4ri Suomea ja jopa maailmaa. Tai ehk\u00e4 juuri siksi omien juurien merkitys korostuu uudella tavalla.<\/p>\n\n\n\n<p>Uusien sukupolvien motiivit kiinnostua kivennapalaisuudesta, karjalaisuudesta tai laajemminkin omasta sukuhistoriasta voivat olla hyvin erilaisia kuin aiempien sukupolvien, mutta eiv\u00e4t yht\u00e4\u00e4n sen v\u00e4h\u00e4isempi\u00e4. Itse en esimerkiksi osaa irrottaa kiinnostustani Kivennapaan ja Karjalaan folkloristin ja sosiologin katsantotavasta, mik\u00e4 omalta osaltaan paikoitellen et\u00e4\u00e4nnytt\u00e4\u00e4 henkil\u00f6kohtaisesta kytk\u00f6ksest\u00e4 Kivennapaan ja Karjalaan. Toisaalta se tarjoaa tilalle paljon muuta.&nbsp;<\/p>\n\n\n\n<p>Omalle sukupolvelleni ja nuoremmille sukupolville kiinnostus voikin synty\u00e4 ja sytty\u00e4 aivan erilaisista l\u00e4ht\u00f6kohdista ja kohdistua erilaisiin asioihin kuin aiemmilla sukupolvilla. Kiinnostavaa on ollut seurata esimerkiksi karjalankielisten nuorten intohimoa omaa kulttuuriaan ja sen edist\u00e4mist\u00e4 kohtaan.<\/p>\n\n\n\n<p><br><strong>Kerro joku Kivennapaan liittyv\u00e4 tarina tai tieto, jonka haluat jakaa t\u00e4m\u00e4n haastattelun lukijoille.<\/strong><\/p>\n\n\n\n<p>Joulun l\u00e4hestyess\u00e4 kovaa vauhtia haluan jakaa lukijoille Orosilla-nimisen jouluun liittyv\u00e4n leikin, joka on ker\u00e4tty arkistoon talteen Kivennavalta ja joka on l\u00f6ydett\u00e4viss\u00e4 <a href=\"https:\/\/skvr.fi\/)\">SKVR-tietokannasta<\/a>. Kiinnostuneille tiedoksi: n\u00e4it\u00e4 erilaisia joululaululeikkej\u00e4 l\u00f6ytyy enemm\u00e4nkin tietokannasta. Sielt\u00e4 vain joulun ohjelmanumeroita koostamaan!<\/p>\n\n\n\n<p><strong><em>Joululeikkilaulu<\/em><\/strong><\/p>\n\n\n\n<p><em>Kilju, kalju, kauran sy\u00f6j\u00e4,<\/em><br><em>hirnakoi iso hevonen,<\/em><br><em>kuin ennen sovassa kiljuit,<\/em><br><em>kiljuit vaskivaljahissa!<\/em><br><em>Tule heinille kotihin,<\/em><br><em>heinille heliseville,<\/em><br><em>kauroille kahiseville!<\/em><br><em>Pure, ruuna, suitsijaisi,<\/em><br><em>ramahuta rautojasi!<\/em><\/p>\n\n\n\n<p><em>Leikkij\u00e4t seisovat piiriss\u00e4 pit\u00e4en toisiansa k\u00e4sist\u00e4 kiini. Yksi poika oli piiriss\u00e4 hevosena, ja kun lauloivat &#8221;ramahuta rautojasi&#8221;, yritti jonkun pojan kohdalta hyp\u00e4t\u00e4 pois. Jos kenen kohdalta p\u00e4\u00e4si, joutui itse hevoseksi.<\/em><\/p>\n\n\n\n<p>(L\u00e4hde: SKVR XIII4. 12463. Kivennapa, Kekrola. KRK 125. Huuhtanen, Matti 95. 35. Ker\u00e4tty talteen Pijatta Lemmetylt\u00e4, leski, Kivennavan Ronnusta.)<\/p>\n\n\n\n<p><br><strong>Mik\u00e4 tuo sinulle iloa el\u00e4m\u00e4\u00e4n?<\/strong><\/p>\n\n\n\n<p>L\u00e4heisten ja muun tavanomaisen ohella viime aikoina iloa el\u00e4m\u00e4\u00e4n ovat tuoneet harvinaiset vapaa-ajan hetket, kirkasvalolamppu ja Helsinkiin asti eksynyt ensilumi.<br><br><\/p>\n\n\n\n<p>Lue lis\u00e4\u00e4:<br>\u2013&nbsp;<a href=\"https:\/\/kivennapaseura.fi\/?cat=128\">Kivennapaseuran haastattelussa -sarja<\/a><br>\u2013&nbsp;<a href=\"https:\/\/skvr.fi\/\">SKVR-tietokanta \u2013 kalevalaisten runojen verkkopalvelu<\/a><\/p>\n\n\n\n<p><br><em>Julkaistu: 6.12.2022<\/em><\/p>\n\n\n\n<h6>Asiasanat<\/h6>\n\n\n<div class=\"taxonomy-post_tag wp-block-post-terms\"><a href=\"https:\/\/kivennapaseura.fi\/?tag=ahtiainen-jaana\" rel=\"tag\">Ahtiainen Jaana<\/a><span class=\"wp-block-post-terms__separator\">, <\/span><a href=\"https:\/\/kivennapaseura.fi\/?tag=kivennapa\" rel=\"tag\">Kivennapa<\/a><span class=\"wp-block-post-terms__separator\">, <\/span><a href=\"https:\/\/kivennapaseura.fi\/?tag=kotiseutumatkailu\" rel=\"tag\">kotiseutumatkailu<\/a><span class=\"wp-block-post-terms__separator\">, <\/span><a href=\"https:\/\/kivennapaseura.fi\/?tag=muistot\" rel=\"tag\">muistot<\/a><span class=\"wp-block-post-terms__separator\">, <\/span><a href=\"https:\/\/kivennapaseura.fi\/?tag=perheet\" rel=\"tag\">perheet<\/a><span class=\"wp-block-post-terms__separator\">, <\/span><a href=\"https:\/\/kivennapaseura.fi\/?tag=perinteet\" rel=\"tag\">perinteet<\/a><span class=\"wp-block-post-terms__separator\">, <\/span><a href=\"https:\/\/kivennapaseura.fi\/?tag=polviselka\" rel=\"tag\">Polviselk\u00e4<\/a><span class=\"wp-block-post-terms__separator\">, <\/span><a href=\"https:\/\/kivennapaseura.fi\/?tag=sukupolvet\" rel=\"tag\">sukupolvet<\/a><span class=\"wp-block-post-terms__separator\">, <\/span><a href=\"https:\/\/kivennapaseura.fi\/?tag=suvut\" rel=\"tag\">suvut<\/a><span class=\"wp-block-post-terms__separator\">, <\/span><a href=\"https:\/\/kivennapaseura.fi\/?tag=tammiselka\" rel=\"tag\">Tammiselk\u00e4<\/a><\/div>","protected":false},"excerpt":{"rendered":"<p>Kivennapaseuran haastattelussa -sarja esittelee Kivennapaseuran hallituksen ja seuran j\u00e4seni\u00e4, Kivennavan historiaa harrastavia ja tutkivia sek\u00e4 karjalaisista juurista ja asioista kiinnostuneita ihmisi\u00e4. Jaana Ahtiaisen kiinnostus Kivennapaa kohtaan sai ensikosketuksen, kun h\u00e4nen is\u00e4ns\u00e4 Erkki Ahtiainen onnistui houkuttelemaan teini-ik\u00e4isen Jaanan mukaan kotiseutumatkalle Kivennavalle. Uudenlainen kiinnostuksen kerrostuma alkoi karttua yliopistossa, kun Jaanalle tarjoutui p\u00e4\u00e4sy erilaisten arkistoaineistojen \u00e4\u00e4relle folkloristiikan opintojen &hellip;<\/p>\n<p class=\"read-more\"> <a class=\"\" href=\"https:\/\/kivennapaseura.fi\/?p=5479\"> <span class=\"screen-reader-text\">Kivennapaseuran haastattelussa: Jaana Ahtiainen<\/span> Lue lis\u00e4\u00e4 &raquo;<\/a><\/p>\n","protected":false},"author":7,"featured_media":5481,"comment_status":"closed","ping_status":"closed","sticky":false,"template":"","format":"standard","meta":{"site-sidebar-layout":"default","site-content-layout":"default","ast-global-header-display":"","ast-main-header-display":"","ast-hfb-above-header-display":"","ast-hfb-below-header-display":"","ast-hfb-mobile-header-display":"","site-post-title":"","ast-breadcrumbs-content":"","ast-featured-img":"disabled","footer-sml-layout":"","theme-transparent-header-meta":"","adv-header-id-meta":"","stick-header-meta":"","header-above-stick-meta":"","header-main-stick-meta":"","header-below-stick-meta":""},"categories":[128],"tags":[273,17,143,149,134,276,275,144,133,274],"yoast_head":"<!-- This site is optimized with the Yoast SEO plugin v18.8 - https:\/\/yoast.com\/wordpress\/plugins\/seo\/ -->\n<title>Kivennapaseuran haastattelussa: Jaana Ahtiainen - Kivennapaseura<\/title>\n<meta name=\"description\" content=\"Kivennapaseuran haastattelussa: Jaana Ahtiainen. Sarjassa on mukana Kivennavan historiaa harrastavia ja karjalaisista asioista kiinnostuneita ihmisi\u00e4.\" \/>\n<meta name=\"robots\" content=\"index, follow, max-snippet:-1, max-image-preview:large, max-video-preview:-1\" \/>\n<link rel=\"canonical\" href=\"https:\/\/kivennapaseura.fi\/?p=5479\" \/>\n<meta property=\"og:locale\" content=\"fi_FI\" \/>\n<meta property=\"og:type\" content=\"article\" \/>\n<meta property=\"og:title\" content=\"Kivennapaseuran haastattelussa: Jaana Ahtiainen - Kivennapaseura\" \/>\n<meta property=\"og:description\" content=\"Kivennapaseuran haastattelussa: Jaana Ahtiainen. Sarjassa on mukana Kivennavan historiaa harrastavia ja karjalaisista asioista kiinnostuneita ihmisi\u00e4.\" \/>\n<meta property=\"og:url\" content=\"https:\/\/kivennapaseura.fi\/?p=5479\" \/>\n<meta property=\"og:site_name\" content=\"Kivennapaseura\" \/>\n<meta property=\"article:published_time\" content=\"2022-12-06T12:44:38+00:00\" \/>\n<meta property=\"article:modified_time\" content=\"2022-12-07T10:52:55+00:00\" \/>\n<meta property=\"og:image\" content=\"http:\/\/kivennapaseura.fi\/wp-content\/uploads\/2022\/12\/Kivennapaseuran_haastattelussa_Jaana_Ahtiainen_some.jpg\" \/>\n\t<meta property=\"og:image:width\" content=\"1600\" \/>\n\t<meta property=\"og:image:height\" content=\"900\" \/>\n\t<meta property=\"og:image:type\" content=\"image\/jpeg\" \/>\n<meta name=\"twitter:card\" content=\"summary_large_image\" \/>\n<meta name=\"twitter:image\" content=\"https:\/\/kivennapaseura.fi\/wp-content\/uploads\/2022\/12\/Kivennapaseuran_haastattelussa_Jaana_Ahtiainen_some.jpg\" \/>\n<meta name=\"twitter:label1\" content=\"Kirjoittanut\" \/>\n\t<meta name=\"twitter:data1\" content=\"Riitta Taarasti\" \/>\n\t<meta name=\"twitter:label2\" content=\"Arvioitu lukuaika\" \/>\n\t<meta name=\"twitter:data2\" content=\"5 minuuttia\" \/>\n<script type=\"application\/ld+json\" class=\"yoast-schema-graph\">{\"@context\":\"https:\/\/schema.org\",\"@graph\":[{\"@type\":\"WebSite\",\"@id\":\"https:\/\/kivennapaseura.fi\/#website\",\"url\":\"https:\/\/kivennapaseura.fi\/\",\"name\":\"Kivennapaseura\",\"description\":\"Kivennapaseuran kotisivut\",\"potentialAction\":[{\"@type\":\"SearchAction\",\"target\":{\"@type\":\"EntryPoint\",\"urlTemplate\":\"https:\/\/kivennapaseura.fi\/?s={search_term_string}\"},\"query-input\":\"required name=search_term_string\"}],\"inLanguage\":\"fi\"},{\"@type\":\"ImageObject\",\"inLanguage\":\"fi\",\"@id\":\"https:\/\/kivennapaseura.fi\/?p=5479#primaryimage\",\"url\":\"https:\/\/kivennapaseura.fi\/wp-content\/uploads\/2022\/12\/Kivennapaseuran_haastattelussa_Jaana_Ahtiainen_some.jpg\",\"contentUrl\":\"https:\/\/kivennapaseura.fi\/wp-content\/uploads\/2022\/12\/Kivennapaseuran_haastattelussa_Jaana_Ahtiainen_some.jpg\",\"width\":1600,\"height\":900,\"caption\":\"Nainen istuu mets\u00e4ss\u00e4 vierell\u00e4\u00e4n koira.\"},{\"@type\":\"WebPage\",\"@id\":\"https:\/\/kivennapaseura.fi\/?p=5479#webpage\",\"url\":\"https:\/\/kivennapaseura.fi\/?p=5479\",\"name\":\"Kivennapaseuran haastattelussa: Jaana Ahtiainen - Kivennapaseura\",\"isPartOf\":{\"@id\":\"https:\/\/kivennapaseura.fi\/#website\"},\"primaryImageOfPage\":{\"@id\":\"https:\/\/kivennapaseura.fi\/?p=5479#primaryimage\"},\"datePublished\":\"2022-12-06T12:44:38+00:00\",\"dateModified\":\"2022-12-07T10:52:55+00:00\",\"author\":{\"@id\":\"https:\/\/kivennapaseura.fi\/#\/schema\/person\/2c20136aecc32ddceb55e631be265d56\"},\"description\":\"Kivennapaseuran haastattelussa: Jaana Ahtiainen. Sarjassa on mukana Kivennavan historiaa harrastavia ja karjalaisista asioista kiinnostuneita ihmisi\u00e4.\",\"breadcrumb\":{\"@id\":\"https:\/\/kivennapaseura.fi\/?p=5479#breadcrumb\"},\"inLanguage\":\"fi\",\"potentialAction\":[{\"@type\":\"ReadAction\",\"target\":[\"https:\/\/kivennapaseura.fi\/?p=5479\"]}]},{\"@type\":\"BreadcrumbList\",\"@id\":\"https:\/\/kivennapaseura.fi\/?p=5479#breadcrumb\",\"itemListElement\":[{\"@type\":\"ListItem\",\"position\":1,\"name\":\"Etusivu\",\"item\":\"https:\/\/kivennapaseura.fi\/\"},{\"@type\":\"ListItem\",\"position\":2,\"name\":\"Kivennapaseuran haastattelussa: Jaana Ahtiainen\"}]},{\"@type\":\"Person\",\"@id\":\"https:\/\/kivennapaseura.fi\/#\/schema\/person\/2c20136aecc32ddceb55e631be265d56\",\"name\":\"Riitta Taarasti\",\"image\":{\"@type\":\"ImageObject\",\"inLanguage\":\"fi\",\"@id\":\"https:\/\/kivennapaseura.fi\/#\/schema\/person\/image\/\",\"url\":\"https:\/\/secure.gravatar.com\/avatar\/5e780fda4bde16bb4fafbb9386e51ecc?s=96&d=mm&r=g\",\"contentUrl\":\"https:\/\/secure.gravatar.com\/avatar\/5e780fda4bde16bb4fafbb9386e51ecc?s=96&d=mm&r=g\",\"caption\":\"Riitta Taarasti\"},\"url\":\"https:\/\/kivennapaseura.fi\/?author=7\"}]}<\/script>\n<!-- \/ Yoast SEO plugin. -->","yoast_head_json":{"title":"Kivennapaseuran haastattelussa: Jaana Ahtiainen - Kivennapaseura","description":"Kivennapaseuran haastattelussa: Jaana Ahtiainen. Sarjassa on mukana Kivennavan historiaa harrastavia ja karjalaisista asioista kiinnostuneita ihmisi\u00e4.","robots":{"index":"index","follow":"follow","max-snippet":"max-snippet:-1","max-image-preview":"max-image-preview:large","max-video-preview":"max-video-preview:-1"},"canonical":"https:\/\/kivennapaseura.fi\/?p=5479","og_locale":"fi_FI","og_type":"article","og_title":"Kivennapaseuran haastattelussa: Jaana Ahtiainen - Kivennapaseura","og_description":"Kivennapaseuran haastattelussa: Jaana Ahtiainen. Sarjassa on mukana Kivennavan historiaa harrastavia ja karjalaisista asioista kiinnostuneita ihmisi\u00e4.","og_url":"https:\/\/kivennapaseura.fi\/?p=5479","og_site_name":"Kivennapaseura","article_published_time":"2022-12-06T12:44:38+00:00","article_modified_time":"2022-12-07T10:52:55+00:00","og_image":[{"width":1600,"height":900,"url":"http:\/\/kivennapaseura.fi\/wp-content\/uploads\/2022\/12\/Kivennapaseuran_haastattelussa_Jaana_Ahtiainen_some.jpg","type":"image\/jpeg"}],"twitter_card":"summary_large_image","twitter_image":"https:\/\/kivennapaseura.fi\/wp-content\/uploads\/2022\/12\/Kivennapaseuran_haastattelussa_Jaana_Ahtiainen_some.jpg","twitter_misc":{"Kirjoittanut":"Riitta Taarasti","Arvioitu lukuaika":"5 minuuttia"},"schema":{"@context":"https:\/\/schema.org","@graph":[{"@type":"WebSite","@id":"https:\/\/kivennapaseura.fi\/#website","url":"https:\/\/kivennapaseura.fi\/","name":"Kivennapaseura","description":"Kivennapaseuran kotisivut","potentialAction":[{"@type":"SearchAction","target":{"@type":"EntryPoint","urlTemplate":"https:\/\/kivennapaseura.fi\/?s={search_term_string}"},"query-input":"required name=search_term_string"}],"inLanguage":"fi"},{"@type":"ImageObject","inLanguage":"fi","@id":"https:\/\/kivennapaseura.fi\/?p=5479#primaryimage","url":"https:\/\/kivennapaseura.fi\/wp-content\/uploads\/2022\/12\/Kivennapaseuran_haastattelussa_Jaana_Ahtiainen_some.jpg","contentUrl":"https:\/\/kivennapaseura.fi\/wp-content\/uploads\/2022\/12\/Kivennapaseuran_haastattelussa_Jaana_Ahtiainen_some.jpg","width":1600,"height":900,"caption":"Nainen istuu mets\u00e4ss\u00e4 vierell\u00e4\u00e4n koira."},{"@type":"WebPage","@id":"https:\/\/kivennapaseura.fi\/?p=5479#webpage","url":"https:\/\/kivennapaseura.fi\/?p=5479","name":"Kivennapaseuran haastattelussa: Jaana Ahtiainen - Kivennapaseura","isPartOf":{"@id":"https:\/\/kivennapaseura.fi\/#website"},"primaryImageOfPage":{"@id":"https:\/\/kivennapaseura.fi\/?p=5479#primaryimage"},"datePublished":"2022-12-06T12:44:38+00:00","dateModified":"2022-12-07T10:52:55+00:00","author":{"@id":"https:\/\/kivennapaseura.fi\/#\/schema\/person\/2c20136aecc32ddceb55e631be265d56"},"description":"Kivennapaseuran haastattelussa: Jaana Ahtiainen. Sarjassa on mukana Kivennavan historiaa harrastavia ja karjalaisista asioista kiinnostuneita ihmisi\u00e4.","breadcrumb":{"@id":"https:\/\/kivennapaseura.fi\/?p=5479#breadcrumb"},"inLanguage":"fi","potentialAction":[{"@type":"ReadAction","target":["https:\/\/kivennapaseura.fi\/?p=5479"]}]},{"@type":"BreadcrumbList","@id":"https:\/\/kivennapaseura.fi\/?p=5479#breadcrumb","itemListElement":[{"@type":"ListItem","position":1,"name":"Etusivu","item":"https:\/\/kivennapaseura.fi\/"},{"@type":"ListItem","position":2,"name":"Kivennapaseuran haastattelussa: Jaana Ahtiainen"}]},{"@type":"Person","@id":"https:\/\/kivennapaseura.fi\/#\/schema\/person\/2c20136aecc32ddceb55e631be265d56","name":"Riitta Taarasti","image":{"@type":"ImageObject","inLanguage":"fi","@id":"https:\/\/kivennapaseura.fi\/#\/schema\/person\/image\/","url":"https:\/\/secure.gravatar.com\/avatar\/5e780fda4bde16bb4fafbb9386e51ecc?s=96&d=mm&r=g","contentUrl":"https:\/\/secure.gravatar.com\/avatar\/5e780fda4bde16bb4fafbb9386e51ecc?s=96&d=mm&r=g","caption":"Riitta Taarasti"},"url":"https:\/\/kivennapaseura.fi\/?author=7"}]}},"_links":{"self":[{"href":"https:\/\/kivennapaseura.fi\/index.php?rest_route=\/wp\/v2\/posts\/5479"}],"collection":[{"href":"https:\/\/kivennapaseura.fi\/index.php?rest_route=\/wp\/v2\/posts"}],"about":[{"href":"https:\/\/kivennapaseura.fi\/index.php?rest_route=\/wp\/v2\/types\/post"}],"author":[{"embeddable":true,"href":"https:\/\/kivennapaseura.fi\/index.php?rest_route=\/wp\/v2\/users\/7"}],"replies":[{"embeddable":true,"href":"https:\/\/kivennapaseura.fi\/index.php?rest_route=%2Fwp%2Fv2%2Fcomments&post=5479"}],"version-history":[{"count":7,"href":"https:\/\/kivennapaseura.fi\/index.php?rest_route=\/wp\/v2\/posts\/5479\/revisions"}],"predecessor-version":[{"id":5491,"href":"https:\/\/kivennapaseura.fi\/index.php?rest_route=\/wp\/v2\/posts\/5479\/revisions\/5491"}],"wp:featuredmedia":[{"embeddable":true,"href":"https:\/\/kivennapaseura.fi\/index.php?rest_route=\/wp\/v2\/media\/5481"}],"wp:attachment":[{"href":"https:\/\/kivennapaseura.fi\/index.php?rest_route=%2Fwp%2Fv2%2Fmedia&parent=5479"}],"wp:term":[{"taxonomy":"category","embeddable":true,"href":"https:\/\/kivennapaseura.fi\/index.php?rest_route=%2Fwp%2Fv2%2Fcategories&post=5479"},{"taxonomy":"post_tag","embeddable":true,"href":"https:\/\/kivennapaseura.fi\/index.php?rest_route=%2Fwp%2Fv2%2Ftags&post=5479"}],"curies":[{"name":"wp","href":"https:\/\/api.w.org\/{rel}","templated":true}]}}