{"id":5590,"date":"2023-01-29T20:48:15","date_gmt":"2023-01-29T18:48:15","guid":{"rendered":"https:\/\/kivennapaseura.fi\/?p=5590"},"modified":"2023-01-29T21:11:14","modified_gmt":"2023-01-29T19:11:14","slug":"virtuaalinen-kotiseutumatka-terijoelle-tapahtuma-18-3-jarvenpaassa","status":"publish","type":"post","link":"https:\/\/kivennapaseura.fi\/?p=5590","title":{"rendered":"Virtuaalinen kotiseutumatka Terijoelle -tapahtuma 18.3. J\u00e4rvenp\u00e4\u00e4ss\u00e4"},"content":{"rendered":"\n<p><strong>Kivennavan etel\u00e4inen naapuri Terijoki on tuttu monelle Kivennavalle kotiseutumatkoja tehneelle. Terijoen kyl\u00e4 kuului Kivennavan pit\u00e4j\u00e4\u00e4n aina vuoteen 1909, jolloin se itsen\u00e4istyi omaksi pit\u00e4j\u00e4kseen. Suvuissa on varmasti paljon yhteisi\u00e4 muistoja Kivennavalta ja Terijoelta. <\/strong><br><\/p>\n\n\n\n<figure class=\"wp-block-image size-large\"><a href=\"http:\/\/kivennapaseura.fi\/wp-content\/uploads\/2023\/01\/Terijoki_rantakuva_Etela_Karjalan_museo_1934.jpg\"><img loading=\"lazy\" width=\"510\" height=\"322\" src=\"http:\/\/kivennapaseura.fi\/wp-content\/uploads\/2023\/01\/Terijoki_rantakuva_Etela_Karjalan_museo_1934-510x322.jpg\" alt=\"Mustavalkoinen kuva, jossa vesist\u00f6, mets\u00e4ost\u00e4 tantaa ja poutapilvinen taivas.\" class=\"wp-image-5591\" srcset=\"https:\/\/kivennapaseura.fi\/wp-content\/uploads\/2023\/01\/Terijoki_rantakuva_Etela_Karjalan_museo_1934-510x322.jpg 510w, https:\/\/kivennapaseura.fi\/wp-content\/uploads\/2023\/01\/Terijoki_rantakuva_Etela_Karjalan_museo_1934-300x189.jpg 300w, https:\/\/kivennapaseura.fi\/wp-content\/uploads\/2023\/01\/Terijoki_rantakuva_Etela_Karjalan_museo_1934-768x484.jpg 768w, https:\/\/kivennapaseura.fi\/wp-content\/uploads\/2023\/01\/Terijoki_rantakuva_Etela_Karjalan_museo_1934.jpg 1200w\" sizes=\"(max-width: 510px) 100vw, 510px\" \/><\/a><figcaption><em>Rantakuva Terijoelta. Etel\u00e4-Karjalan museo. Kuvaaja Terijoen Kirjakauppa, 1934.<\/em><\/figcaption><\/figure>\n\n\n\n<p>Vinkkin\u00e4 Terijoki-Seuran talvitapahtuma \u201dVirtuaalinen kotiseutumatka Terijoelle\u201d, joka j\u00e4rjestet\u00e4\u00e4n 18.3.2023 alkaen klo 13 J\u00e4rvenp\u00e4\u00e4n Seuratalolla (Kartanontie 20, 04410 J\u00e4rvenp\u00e4\u00e4).<br><\/p>\n\n\n\n<p>Tilaisuudessa n\u00e4ytet\u00e4\u00e4n vanhoja matkavideoita ja kuullaan kertomuksia niin kulttuuri- kuin sotahistoriamatkoilta. Tapahtumassa my\u00f6s skannataan vanhoja matkakuvia ja ker\u00e4t\u00e4\u00e4n haastattelemalla muistelmia matkoilta.<br><\/p>\n\n\n\n<p>Mik\u00e4li sinulla on kuvia tai tarinoita Terijoen kotiseutumatkoilta, voit l\u00e4hett\u00e4\u00e4 ne Terijoki-Seuralle s\u00e4hk\u00f6postilla: nina.sevon(at)koti.fimnet.fi<\/p>\n\n\n\n<p>Terijoki-Seuran tarkoituksena on toimia entisen Terijoen kunnan alueella asuneiden ja heid\u00e4n j\u00e4lkel\u00e4istens\u00e4 sek\u00e4 Terijoesta kiinnostuneiden henkil\u00f6iden keskin\u00e4isen\u00e4 yhdyssiteen\u00e4. Seura vaalii Terijoen muistoa, tekee toiminnallaan tunnetuksi Terijokea ja tallettaa Terijoen historiaan liittyvi\u00e4 kulttuuriarvoja.&nbsp;<br><br>Lis\u00e4tietoja:<\/p>\n\n\n\n<p><a href=\"https:\/\/www.karjalanliitto.fi\/karjalan-liitto\/jasenyhteisot\/pitajaseurat\/terijoki-seura-ry.html\">Terijoki-Seuran sivut<\/a><\/p>\n\n\n\n<p><br><em>Julkaistu 29.1.2023<\/em><\/p>\n\n\n\n<h6>Asiasanat<\/h6>\n\n\n<div class=\"taxonomy-post_tag wp-block-post-terms\"><a href=\"https:\/\/kivennapaseura.fi\/?tag=digitointi\" rel=\"tag\">digitointi<\/a><span class=\"wp-block-post-terms__separator\">, <\/span><a href=\"https:\/\/kivennapaseura.fi\/?tag=kotiseutumatkat\" rel=\"tag\">kotiseutumatkat<\/a><span class=\"wp-block-post-terms__separator\">, <\/span><a href=\"https:\/\/kivennapaseura.fi\/?tag=muistot\" rel=\"tag\">muistot<\/a><span class=\"wp-block-post-terms__separator\">, <\/span><a href=\"https:\/\/kivennapaseura.fi\/?tag=paikallishistoria\" rel=\"tag\">paikallishistoria<\/a><span class=\"wp-block-post-terms__separator\">, <\/span><a href=\"https:\/\/kivennapaseura.fi\/?tag=tapahtumat\" rel=\"tag\">tapahtumat<\/a><span class=\"wp-block-post-terms__separator\">, <\/span><a href=\"https:\/\/kivennapaseura.fi\/?tag=terijoki\" rel=\"tag\">Terijoki<\/a><\/div>","protected":false},"excerpt":{"rendered":"<p>Kivennavan etel\u00e4inen naapuri Terijoki on tuttu monelle Kivennavalle kotiseutumatkoja tehneelle. Terijoen kyl\u00e4 kuului Kivennavan pit\u00e4j\u00e4\u00e4n aina vuoteen 1909, jolloin se itsen\u00e4istyi omaksi pit\u00e4j\u00e4kseen. Suvuissa on varmasti paljon yhteisi\u00e4 muistoja Kivennavalta ja Terijoelta. Vinkkin\u00e4 Terijoki-Seuran talvitapahtuma \u201dVirtuaalinen kotiseutumatka Terijoelle\u201d, joka j\u00e4rjestet\u00e4\u00e4n 18.3.2023 alkaen klo 13 J\u00e4rvenp\u00e4\u00e4n Seuratalolla (Kartanontie 20, 04410 J\u00e4rvenp\u00e4\u00e4). Tilaisuudessa n\u00e4ytet\u00e4\u00e4n vanhoja matkavideoita ja &hellip;<\/p>\n<p class=\"read-more\"> <a class=\"\" href=\"https:\/\/kivennapaseura.fi\/?p=5590\"> <span class=\"screen-reader-text\">Virtuaalinen kotiseutumatka Terijoelle -tapahtuma 18.3. J\u00e4rvenp\u00e4\u00e4ss\u00e4<\/span> Lue lis\u00e4\u00e4 &raquo;<\/a><\/p>\n","protected":false},"author":7,"featured_media":5591,"comment_status":"closed","ping_status":"closed","sticky":false,"template":"","format":"standard","meta":{"site-sidebar-layout":"default","site-content-layout":"default","ast-global-header-display":"","ast-main-header-display":"","ast-hfb-above-header-display":"","ast-hfb-below-header-display":"","ast-hfb-mobile-header-display":"","site-post-title":"","ast-breadcrumbs-content":"","ast-featured-img":"disabled","footer-sml-layout":"","theme-transparent-header-meta":"","adv-header-id-meta":"","stick-header-meta":"","header-above-stick-meta":"","header-main-stick-meta":"","header-below-stick-meta":""},"categories":[130],"tags":[283,282,149,68,12,281],"yoast_head":"<!-- This site is optimized with the Yoast SEO plugin v18.8 - https:\/\/yoast.com\/wordpress\/plugins\/seo\/ -->\n<title>Virtuaalinen kotiseutumatka Terijoelle -tapahtuma 18.3. J\u00e4rvenp\u00e4\u00e4ss\u00e4 - Kivennapaseura<\/title>\n<meta name=\"description\" content=\"Terijoki-Seura j\u00e4rjest\u00e4\u00e4 \u201dVirtuaalinen kotiseutumatka Terijoelle\u201d -tapahtuman 18.3.2023 klo 13 J\u00e4rvenp\u00e4\u00e4n Seuratalolla.\" \/>\n<meta name=\"robots\" content=\"index, follow, max-snippet:-1, max-image-preview:large, max-video-preview:-1\" \/>\n<link rel=\"canonical\" href=\"https:\/\/kivennapaseura.fi\/?p=5590\" \/>\n<meta property=\"og:locale\" content=\"fi_FI\" \/>\n<meta property=\"og:type\" content=\"article\" \/>\n<meta property=\"og:title\" content=\"Virtuaalinen kotiseutumatka Terijoelle -tapahtuma 18.3. J\u00e4rvenp\u00e4\u00e4ss\u00e4 - Kivennapaseura\" \/>\n<meta property=\"og:description\" content=\"Terijoki-Seura j\u00e4rjest\u00e4\u00e4 \u201dVirtuaalinen kotiseutumatka Terijoelle\u201d -tapahtuman 18.3.2023 klo 13 J\u00e4rvenp\u00e4\u00e4n Seuratalolla.\" \/>\n<meta property=\"og:url\" content=\"https:\/\/kivennapaseura.fi\/?p=5590\" \/>\n<meta property=\"og:site_name\" content=\"Kivennapaseura\" \/>\n<meta property=\"article:published_time\" content=\"2023-01-29T18:48:15+00:00\" \/>\n<meta property=\"article:modified_time\" content=\"2023-01-29T19:11:14+00:00\" \/>\n<meta property=\"og:image\" content=\"http:\/\/kivennapaseura.fi\/wp-content\/uploads\/2023\/01\/Terijoki_rantakuva_Etela_Karjalan_museo_1934.jpg\" \/>\n\t<meta property=\"og:image:width\" content=\"1200\" \/>\n\t<meta property=\"og:image:height\" content=\"757\" \/>\n\t<meta property=\"og:image:type\" content=\"image\/jpeg\" \/>\n<meta name=\"twitter:card\" content=\"summary_large_image\" \/>\n<meta name=\"twitter:image\" content=\"https:\/\/kivennapaseura.fi\/wp-content\/uploads\/2023\/01\/Terijoki_rantakuva_Etela_Karjalan_museo_1934.jpg\" \/>\n<meta name=\"twitter:label1\" content=\"Kirjoittanut\" \/>\n\t<meta name=\"twitter:data1\" content=\"Riitta Taarasti\" \/>\n\t<meta name=\"twitter:label2\" content=\"Arvioitu lukuaika\" \/>\n\t<meta name=\"twitter:data2\" content=\"2 minuuttia\" \/>\n<script type=\"application\/ld+json\" class=\"yoast-schema-graph\">{\"@context\":\"https:\/\/schema.org\",\"@graph\":[{\"@type\":\"WebSite\",\"@id\":\"https:\/\/kivennapaseura.fi\/#website\",\"url\":\"https:\/\/kivennapaseura.fi\/\",\"name\":\"Kivennapaseura\",\"description\":\"Kivennapaseuran kotisivut\",\"potentialAction\":[{\"@type\":\"SearchAction\",\"target\":{\"@type\":\"EntryPoint\",\"urlTemplate\":\"https:\/\/kivennapaseura.fi\/?s={search_term_string}\"},\"query-input\":\"required name=search_term_string\"}],\"inLanguage\":\"fi\"},{\"@type\":\"ImageObject\",\"inLanguage\":\"fi\",\"@id\":\"https:\/\/kivennapaseura.fi\/?p=5590#primaryimage\",\"url\":\"https:\/\/kivennapaseura.fi\/wp-content\/uploads\/2023\/01\/Terijoki_rantakuva_Etela_Karjalan_museo_1934.jpg\",\"contentUrl\":\"https:\/\/kivennapaseura.fi\/wp-content\/uploads\/2023\/01\/Terijoki_rantakuva_Etela_Karjalan_museo_1934.jpg\",\"width\":1200,\"height\":757,\"caption\":\"Mustavalkoinen kuva, jossa vesist\u00f6, mets\u00e4ost\u00e4 tantaa ja poutapilvinen taivas.\"},{\"@type\":\"WebPage\",\"@id\":\"https:\/\/kivennapaseura.fi\/?p=5590#webpage\",\"url\":\"https:\/\/kivennapaseura.fi\/?p=5590\",\"name\":\"Virtuaalinen kotiseutumatka Terijoelle -tapahtuma 18.3. J\u00e4rvenp\u00e4\u00e4ss\u00e4 - Kivennapaseura\",\"isPartOf\":{\"@id\":\"https:\/\/kivennapaseura.fi\/#website\"},\"primaryImageOfPage\":{\"@id\":\"https:\/\/kivennapaseura.fi\/?p=5590#primaryimage\"},\"datePublished\":\"2023-01-29T18:48:15+00:00\",\"dateModified\":\"2023-01-29T19:11:14+00:00\",\"author\":{\"@id\":\"https:\/\/kivennapaseura.fi\/#\/schema\/person\/2c20136aecc32ddceb55e631be265d56\"},\"description\":\"Terijoki-Seura j\u00e4rjest\u00e4\u00e4 \u201dVirtuaalinen kotiseutumatka Terijoelle\u201d -tapahtuman 18.3.2023 klo 13 J\u00e4rvenp\u00e4\u00e4n Seuratalolla.\",\"breadcrumb\":{\"@id\":\"https:\/\/kivennapaseura.fi\/?p=5590#breadcrumb\"},\"inLanguage\":\"fi\",\"potentialAction\":[{\"@type\":\"ReadAction\",\"target\":[\"https:\/\/kivennapaseura.fi\/?p=5590\"]}]},{\"@type\":\"BreadcrumbList\",\"@id\":\"https:\/\/kivennapaseura.fi\/?p=5590#breadcrumb\",\"itemListElement\":[{\"@type\":\"ListItem\",\"position\":1,\"name\":\"Etusivu\",\"item\":\"https:\/\/kivennapaseura.fi\/\"},{\"@type\":\"ListItem\",\"position\":2,\"name\":\"Virtuaalinen kotiseutumatka Terijoelle -tapahtuma 18.3. J\u00e4rvenp\u00e4\u00e4ss\u00e4\"}]},{\"@type\":\"Person\",\"@id\":\"https:\/\/kivennapaseura.fi\/#\/schema\/person\/2c20136aecc32ddceb55e631be265d56\",\"name\":\"Riitta Taarasti\",\"image\":{\"@type\":\"ImageObject\",\"inLanguage\":\"fi\",\"@id\":\"https:\/\/kivennapaseura.fi\/#\/schema\/person\/image\/\",\"url\":\"https:\/\/secure.gravatar.com\/avatar\/5e780fda4bde16bb4fafbb9386e51ecc?s=96&d=mm&r=g\",\"contentUrl\":\"https:\/\/secure.gravatar.com\/avatar\/5e780fda4bde16bb4fafbb9386e51ecc?s=96&d=mm&r=g\",\"caption\":\"Riitta Taarasti\"},\"url\":\"https:\/\/kivennapaseura.fi\/?author=7\"}]}<\/script>\n<!-- \/ Yoast SEO plugin. -->","yoast_head_json":{"title":"Virtuaalinen kotiseutumatka Terijoelle -tapahtuma 18.3. J\u00e4rvenp\u00e4\u00e4ss\u00e4 - Kivennapaseura","description":"Terijoki-Seura j\u00e4rjest\u00e4\u00e4 \u201dVirtuaalinen kotiseutumatka Terijoelle\u201d -tapahtuman 18.3.2023 klo 13 J\u00e4rvenp\u00e4\u00e4n Seuratalolla.","robots":{"index":"index","follow":"follow","max-snippet":"max-snippet:-1","max-image-preview":"max-image-preview:large","max-video-preview":"max-video-preview:-1"},"canonical":"https:\/\/kivennapaseura.fi\/?p=5590","og_locale":"fi_FI","og_type":"article","og_title":"Virtuaalinen kotiseutumatka Terijoelle -tapahtuma 18.3. J\u00e4rvenp\u00e4\u00e4ss\u00e4 - Kivennapaseura","og_description":"Terijoki-Seura j\u00e4rjest\u00e4\u00e4 \u201dVirtuaalinen kotiseutumatka Terijoelle\u201d -tapahtuman 18.3.2023 klo 13 J\u00e4rvenp\u00e4\u00e4n Seuratalolla.","og_url":"https:\/\/kivennapaseura.fi\/?p=5590","og_site_name":"Kivennapaseura","article_published_time":"2023-01-29T18:48:15+00:00","article_modified_time":"2023-01-29T19:11:14+00:00","og_image":[{"width":1200,"height":757,"url":"http:\/\/kivennapaseura.fi\/wp-content\/uploads\/2023\/01\/Terijoki_rantakuva_Etela_Karjalan_museo_1934.jpg","type":"image\/jpeg"}],"twitter_card":"summary_large_image","twitter_image":"https:\/\/kivennapaseura.fi\/wp-content\/uploads\/2023\/01\/Terijoki_rantakuva_Etela_Karjalan_museo_1934.jpg","twitter_misc":{"Kirjoittanut":"Riitta Taarasti","Arvioitu lukuaika":"2 minuuttia"},"schema":{"@context":"https:\/\/schema.org","@graph":[{"@type":"WebSite","@id":"https:\/\/kivennapaseura.fi\/#website","url":"https:\/\/kivennapaseura.fi\/","name":"Kivennapaseura","description":"Kivennapaseuran kotisivut","potentialAction":[{"@type":"SearchAction","target":{"@type":"EntryPoint","urlTemplate":"https:\/\/kivennapaseura.fi\/?s={search_term_string}"},"query-input":"required name=search_term_string"}],"inLanguage":"fi"},{"@type":"ImageObject","inLanguage":"fi","@id":"https:\/\/kivennapaseura.fi\/?p=5590#primaryimage","url":"https:\/\/kivennapaseura.fi\/wp-content\/uploads\/2023\/01\/Terijoki_rantakuva_Etela_Karjalan_museo_1934.jpg","contentUrl":"https:\/\/kivennapaseura.fi\/wp-content\/uploads\/2023\/01\/Terijoki_rantakuva_Etela_Karjalan_museo_1934.jpg","width":1200,"height":757,"caption":"Mustavalkoinen kuva, jossa vesist\u00f6, mets\u00e4ost\u00e4 tantaa ja poutapilvinen taivas."},{"@type":"WebPage","@id":"https:\/\/kivennapaseura.fi\/?p=5590#webpage","url":"https:\/\/kivennapaseura.fi\/?p=5590","name":"Virtuaalinen kotiseutumatka Terijoelle -tapahtuma 18.3. J\u00e4rvenp\u00e4\u00e4ss\u00e4 - Kivennapaseura","isPartOf":{"@id":"https:\/\/kivennapaseura.fi\/#website"},"primaryImageOfPage":{"@id":"https:\/\/kivennapaseura.fi\/?p=5590#primaryimage"},"datePublished":"2023-01-29T18:48:15+00:00","dateModified":"2023-01-29T19:11:14+00:00","author":{"@id":"https:\/\/kivennapaseura.fi\/#\/schema\/person\/2c20136aecc32ddceb55e631be265d56"},"description":"Terijoki-Seura j\u00e4rjest\u00e4\u00e4 \u201dVirtuaalinen kotiseutumatka Terijoelle\u201d -tapahtuman 18.3.2023 klo 13 J\u00e4rvenp\u00e4\u00e4n Seuratalolla.","breadcrumb":{"@id":"https:\/\/kivennapaseura.fi\/?p=5590#breadcrumb"},"inLanguage":"fi","potentialAction":[{"@type":"ReadAction","target":["https:\/\/kivennapaseura.fi\/?p=5590"]}]},{"@type":"BreadcrumbList","@id":"https:\/\/kivennapaseura.fi\/?p=5590#breadcrumb","itemListElement":[{"@type":"ListItem","position":1,"name":"Etusivu","item":"https:\/\/kivennapaseura.fi\/"},{"@type":"ListItem","position":2,"name":"Virtuaalinen kotiseutumatka Terijoelle -tapahtuma 18.3. J\u00e4rvenp\u00e4\u00e4ss\u00e4"}]},{"@type":"Person","@id":"https:\/\/kivennapaseura.fi\/#\/schema\/person\/2c20136aecc32ddceb55e631be265d56","name":"Riitta Taarasti","image":{"@type":"ImageObject","inLanguage":"fi","@id":"https:\/\/kivennapaseura.fi\/#\/schema\/person\/image\/","url":"https:\/\/secure.gravatar.com\/avatar\/5e780fda4bde16bb4fafbb9386e51ecc?s=96&d=mm&r=g","contentUrl":"https:\/\/secure.gravatar.com\/avatar\/5e780fda4bde16bb4fafbb9386e51ecc?s=96&d=mm&r=g","caption":"Riitta Taarasti"},"url":"https:\/\/kivennapaseura.fi\/?author=7"}]}},"_links":{"self":[{"href":"https:\/\/kivennapaseura.fi\/index.php?rest_route=\/wp\/v2\/posts\/5590"}],"collection":[{"href":"https:\/\/kivennapaseura.fi\/index.php?rest_route=\/wp\/v2\/posts"}],"about":[{"href":"https:\/\/kivennapaseura.fi\/index.php?rest_route=\/wp\/v2\/types\/post"}],"author":[{"embeddable":true,"href":"https:\/\/kivennapaseura.fi\/index.php?rest_route=\/wp\/v2\/users\/7"}],"replies":[{"embeddable":true,"href":"https:\/\/kivennapaseura.fi\/index.php?rest_route=%2Fwp%2Fv2%2Fcomments&post=5590"}],"version-history":[{"count":5,"href":"https:\/\/kivennapaseura.fi\/index.php?rest_route=\/wp\/v2\/posts\/5590\/revisions"}],"predecessor-version":[{"id":5599,"href":"https:\/\/kivennapaseura.fi\/index.php?rest_route=\/wp\/v2\/posts\/5590\/revisions\/5599"}],"wp:featuredmedia":[{"embeddable":true,"href":"https:\/\/kivennapaseura.fi\/index.php?rest_route=\/wp\/v2\/media\/5591"}],"wp:attachment":[{"href":"https:\/\/kivennapaseura.fi\/index.php?rest_route=%2Fwp%2Fv2%2Fmedia&parent=5590"}],"wp:term":[{"taxonomy":"category","embeddable":true,"href":"https:\/\/kivennapaseura.fi\/index.php?rest_route=%2Fwp%2Fv2%2Fcategories&post=5590"},{"taxonomy":"post_tag","embeddable":true,"href":"https:\/\/kivennapaseura.fi\/index.php?rest_route=%2Fwp%2Fv2%2Ftags&post=5590"}],"curies":[{"name":"wp","href":"https:\/\/api.w.org\/{rel}","templated":true}]}}