{"id":5724,"date":"2023-05-30T18:15:34","date_gmt":"2023-05-30T15:15:34","guid":{"rendered":"https:\/\/kivennapaseura.fi\/?p=5724"},"modified":"2024-03-17T11:22:02","modified_gmt":"2024-03-17T09:22:02","slug":"kivennapa-saation-70-vuotisjuhlaseminaari-8-10-2023-karjalatalolla","status":"publish","type":"post","link":"https:\/\/kivennapaseura.fi\/?p=5724","title":{"rendered":"Kivennapa-S\u00e4\u00e4ti\u00f6n 70-vuotisjuhlaseminaari 8.10.2023 Karjalatalolla"},"content":{"rendered":"\n<p><strong>Kivennapa-S\u00e4\u00e4ti\u00f6n 70-vuotisjuhlaseminaaria vietet\u00e4\u00e4n Karjalatalolla sunnuntaina 8.10.2023 klo 13-17. Seminaari on maksuton ja avoin kaikille. <\/strong><br><br>Seminaarin ohjelmassa on mielenkiintoisia puheenvuoroja ja mukavaa yhdess\u00e4oloa teemalla &#8221;Katse tulevaisuuteen&#8221;. Seminaarin osallistujat p\u00e4\u00e4sev\u00e4t katsomaan my\u00f6s yhdess\u00e4 Lahden Diakoniaopiston Theatrum Olgan Juuret#Roots -lyhytelokuvan ensiesityksen. Kivennapa-S\u00e4\u00e4ti\u00f6 julkaisee tarkemman ohjelman l\u00e4hemp\u00e4n\u00e4 ajankohtaa. Tilaisuudessa on my\u00f6s kahvitarjoilu. Merkitse jo nyt kalenteriin!<br><br>Kivennapa-S\u00e4\u00e4ti\u00f6 toivottaa sinut tervetulleeksi mukaan!<\/p>\n\n\n\n<figure class=\"wp-block-video\"><video controls poster=\"http:\/\/kivennapaseura.fi\/wp-content\/uploads\/2023\/04\/Sydamen_Arkeologia_traileri_thumbnail.jpeg\" src=\"http:\/\/kivennapaseura.fi\/wp-content\/uploads\/2023\/05\/Sydamen_Arkeologia_traileri.mp4\"><\/video><figcaption><em>Syd\u00e4men Arkeologia -traileri<\/em>.<em> <a href=\"https:\/\/www.youtube.com\/watch?v=1cG39AZjh8U\">Traileri l\u00f6ytyy my\u00f6s YouTubesta<\/a>.<\/em><\/figcaption><\/figure>\n\n\n\n<p><br>Lis\u00e4tietoja:<br>&#8211; <a href=\"https:\/\/kivennapaseura.fi\/?page_id=6019\">Dokumenttielokuvan koostesivu Kivennapaseuran kotisivuilla<\/a><br>&#8211; <a href=\"https:\/\/www.facebook.com\/TheatrumOlga\/?locale=fi_FI\">Theatrum Olga -opiskelijateatteri Facebookissa<\/a><br>&#8211; <a href=\"https:\/\/www.kivennapasaatio.net\/\">Kivennapa-S\u00e4\u00e4ti\u00f6n kotisivut<\/a><\/p>\n\n\n\n<p><\/p>\n\n\n\n<p><br><em>Julkaistu 30.5.2023<\/em><\/p>\n\n\n\n<h6>Asiasanat<\/h6>\n\n\n<div class=\"taxonomy-post_tag wp-block-post-terms\"><a href=\"https:\/\/kivennapaseura.fi\/?tag=kivennapa\" rel=\"tag\">Kivennapa<\/a><span class=\"wp-block-post-terms__separator\">, <\/span><a href=\"https:\/\/kivennapaseura.fi\/?tag=kivennapa-saatio\" rel=\"tag\">Kivennapa-S\u00e4\u00e4ti\u00f6<\/a><span class=\"wp-block-post-terms__separator\">, <\/span><a href=\"https:\/\/kivennapaseura.fi\/?tag=lyhytelokuva\" rel=\"tag\">lyhytelokuva<\/a><span class=\"wp-block-post-terms__separator\">, <\/span><a href=\"https:\/\/kivennapaseura.fi\/?tag=opiskelijat\" rel=\"tag\">opiskelijat<\/a><span class=\"wp-block-post-terms__separator\">, <\/span><a href=\"https:\/\/kivennapaseura.fi\/?tag=perinteet\" rel=\"tag\">perinteet<\/a><span class=\"wp-block-post-terms__separator\">, <\/span><a href=\"https:\/\/kivennapaseura.fi\/?tag=seminaarit\" rel=\"tag\">seminaarit<\/a><\/div>","protected":false},"excerpt":{"rendered":"<p>Kivennapa-S\u00e4\u00e4ti\u00f6n 70-vuotisjuhlaseminaaria vietet\u00e4\u00e4n Karjalatalolla sunnuntaina 8.10.2023 klo 13-17. Seminaari on maksuton ja avoin kaikille. Seminaarin ohjelmassa on mielenkiintoisia puheenvuoroja ja mukavaa yhdess\u00e4oloa teemalla &#8221;Katse tulevaisuuteen&#8221;. Seminaarin osallistujat p\u00e4\u00e4sev\u00e4t katsomaan my\u00f6s yhdess\u00e4 Lahden Diakoniaopiston Theatrum Olgan Juuret#Roots -lyhytelokuvan ensiesityksen. Kivennapa-S\u00e4\u00e4ti\u00f6 julkaisee tarkemman ohjelman l\u00e4hemp\u00e4n\u00e4 ajankohtaa. Tilaisuudessa on my\u00f6s kahvitarjoilu. Merkitse jo nyt kalenteriin! Kivennapa-S\u00e4\u00e4ti\u00f6 toivottaa sinut &hellip;<\/p>\n<p class=\"read-more\"> <a class=\"\" href=\"https:\/\/kivennapaseura.fi\/?p=5724\"> <span class=\"screen-reader-text\">Kivennapa-S\u00e4\u00e4ti\u00f6n 70-vuotisjuhlaseminaari 8.10.2023 Karjalatalolla<\/span> Lue lis\u00e4\u00e4 &raquo;<\/a><\/p>\n","protected":false},"author":7,"featured_media":5722,"comment_status":"closed","ping_status":"closed","sticky":false,"template":"","format":"standard","meta":{"site-sidebar-layout":"default","site-content-layout":"default","ast-global-header-display":"","ast-main-header-display":"","ast-hfb-above-header-display":"","ast-hfb-below-header-display":"","ast-hfb-mobile-header-display":"","site-post-title":"","ast-breadcrumbs-content":"","ast-featured-img":"disabled","footer-sml-layout":"","theme-transparent-header-meta":"","adv-header-id-meta":"","stick-header-meta":"","header-above-stick-meta":"","header-main-stick-meta":"","header-below-stick-meta":""},"categories":[130],"tags":[17,232,287,288,276,99],"yoast_head":"<!-- This site is optimized with the Yoast SEO plugin v18.8 - https:\/\/yoast.com\/wordpress\/plugins\/seo\/ -->\n<title>Kivennapa-S\u00e4\u00e4ti\u00f6n 70-vuotisjuhlaseminaari 8.10.2023 Karjalatalolla - Kivennapaseura<\/title>\n<meta name=\"description\" content=\"Kivennapa-S\u00e4\u00e4ti\u00f6n 70-vuotisjuhlaseminaaria vietet\u00e4\u00e4n 8.10.2023 klo 13-17 Karjalatalolla. Seminaari on maksuton ja avoin kaikille.\" \/>\n<meta name=\"robots\" content=\"index, follow, max-snippet:-1, max-image-preview:large, max-video-preview:-1\" \/>\n<link rel=\"canonical\" href=\"https:\/\/kivennapaseura.fi\/?p=5724\" \/>\n<meta property=\"og:locale\" content=\"fi_FI\" \/>\n<meta property=\"og:type\" content=\"article\" \/>\n<meta property=\"og:title\" content=\"Kivennapa-S\u00e4\u00e4ti\u00f6n 70-vuotisjuhlaseminaari 8.10.2023 Karjalatalolla - Kivennapaseura\" \/>\n<meta property=\"og:description\" content=\"Kivennapa-S\u00e4\u00e4ti\u00f6n 70-vuotisjuhlaseminaaria vietet\u00e4\u00e4n 8.10.2023 klo 13-17 Karjalatalolla. Seminaari on maksuton ja avoin kaikille.\" \/>\n<meta property=\"og:url\" content=\"https:\/\/kivennapaseura.fi\/?p=5724\" \/>\n<meta property=\"og:site_name\" content=\"Kivennapaseura\" \/>\n<meta property=\"article:published_time\" content=\"2023-05-30T15:15:34+00:00\" \/>\n<meta property=\"article:modified_time\" content=\"2024-03-17T09:22:02+00:00\" \/>\n<meta property=\"og:image\" content=\"http:\/\/kivennapaseura.fi\/wp-content\/uploads\/2023\/04\/Sydamen_arkeologia-510x287.png\" \/>\n\t<meta property=\"og:image:width\" content=\"510\" \/>\n\t<meta property=\"og:image:height\" content=\"287\" \/>\n\t<meta property=\"og:image:type\" content=\"image\/png\" \/>\n<meta name=\"twitter:card\" content=\"summary_large_image\" \/>\n<meta name=\"twitter:image\" content=\"https:\/\/kivennapaseura.fi\/wp-content\/uploads\/2023\/04\/Sydamen_arkeologia.png\" \/>\n<meta name=\"twitter:label1\" content=\"Kirjoittanut\" \/>\n\t<meta name=\"twitter:data1\" content=\"Riitta Taarasti\" \/>\n\t<meta name=\"twitter:label2\" content=\"Arvioitu lukuaika\" \/>\n\t<meta name=\"twitter:data2\" content=\"1 minuutti\" \/>\n<script type=\"application\/ld+json\" class=\"yoast-schema-graph\">{\"@context\":\"https:\/\/schema.org\",\"@graph\":[{\"@type\":\"WebSite\",\"@id\":\"https:\/\/kivennapaseura.fi\/#website\",\"url\":\"https:\/\/kivennapaseura.fi\/\",\"name\":\"Kivennapaseura\",\"description\":\"Kivennapaseuran kotisivut\",\"potentialAction\":[{\"@type\":\"SearchAction\",\"target\":{\"@type\":\"EntryPoint\",\"urlTemplate\":\"https:\/\/kivennapaseura.fi\/?s={search_term_string}\"},\"query-input\":\"required name=search_term_string\"}],\"inLanguage\":\"fi\"},{\"@type\":\"ImageObject\",\"inLanguage\":\"fi\",\"@id\":\"https:\/\/kivennapaseura.fi\/?p=5724#primaryimage\",\"url\":\"https:\/\/kivennapaseura.fi\/wp-content\/uploads\/2023\/04\/Sydamen_arkeologia.png\",\"contentUrl\":\"https:\/\/kivennapaseura.fi\/wp-content\/uploads\/2023\/04\/Sydamen_arkeologia.png\",\"width\":3840,\"height\":2160},{\"@type\":\"WebPage\",\"@id\":\"https:\/\/kivennapaseura.fi\/?p=5724#webpage\",\"url\":\"https:\/\/kivennapaseura.fi\/?p=5724\",\"name\":\"Kivennapa-S\u00e4\u00e4ti\u00f6n 70-vuotisjuhlaseminaari 8.10.2023 Karjalatalolla - Kivennapaseura\",\"isPartOf\":{\"@id\":\"https:\/\/kivennapaseura.fi\/#website\"},\"primaryImageOfPage\":{\"@id\":\"https:\/\/kivennapaseura.fi\/?p=5724#primaryimage\"},\"datePublished\":\"2023-05-30T15:15:34+00:00\",\"dateModified\":\"2024-03-17T09:22:02+00:00\",\"author\":{\"@id\":\"https:\/\/kivennapaseura.fi\/#\/schema\/person\/2c20136aecc32ddceb55e631be265d56\"},\"description\":\"Kivennapa-S\u00e4\u00e4ti\u00f6n 70-vuotisjuhlaseminaaria vietet\u00e4\u00e4n 8.10.2023 klo 13-17 Karjalatalolla. Seminaari on maksuton ja avoin kaikille.\",\"breadcrumb\":{\"@id\":\"https:\/\/kivennapaseura.fi\/?p=5724#breadcrumb\"},\"inLanguage\":\"fi\",\"potentialAction\":[{\"@type\":\"ReadAction\",\"target\":[\"https:\/\/kivennapaseura.fi\/?p=5724\"]}]},{\"@type\":\"BreadcrumbList\",\"@id\":\"https:\/\/kivennapaseura.fi\/?p=5724#breadcrumb\",\"itemListElement\":[{\"@type\":\"ListItem\",\"position\":1,\"name\":\"Etusivu\",\"item\":\"https:\/\/kivennapaseura.fi\/\"},{\"@type\":\"ListItem\",\"position\":2,\"name\":\"Kivennapa-S\u00e4\u00e4ti\u00f6n 70-vuotisjuhlaseminaari 8.10.2023 Karjalatalolla\"}]},{\"@type\":\"Person\",\"@id\":\"https:\/\/kivennapaseura.fi\/#\/schema\/person\/2c20136aecc32ddceb55e631be265d56\",\"name\":\"Riitta Taarasti\",\"image\":{\"@type\":\"ImageObject\",\"inLanguage\":\"fi\",\"@id\":\"https:\/\/kivennapaseura.fi\/#\/schema\/person\/image\/\",\"url\":\"https:\/\/secure.gravatar.com\/avatar\/5e780fda4bde16bb4fafbb9386e51ecc?s=96&d=mm&r=g\",\"contentUrl\":\"https:\/\/secure.gravatar.com\/avatar\/5e780fda4bde16bb4fafbb9386e51ecc?s=96&d=mm&r=g\",\"caption\":\"Riitta Taarasti\"},\"url\":\"https:\/\/kivennapaseura.fi\/?author=7\"}]}<\/script>\n<!-- \/ Yoast SEO plugin. -->","yoast_head_json":{"title":"Kivennapa-S\u00e4\u00e4ti\u00f6n 70-vuotisjuhlaseminaari 8.10.2023 Karjalatalolla - Kivennapaseura","description":"Kivennapa-S\u00e4\u00e4ti\u00f6n 70-vuotisjuhlaseminaaria vietet\u00e4\u00e4n 8.10.2023 klo 13-17 Karjalatalolla. Seminaari on maksuton ja avoin kaikille.","robots":{"index":"index","follow":"follow","max-snippet":"max-snippet:-1","max-image-preview":"max-image-preview:large","max-video-preview":"max-video-preview:-1"},"canonical":"https:\/\/kivennapaseura.fi\/?p=5724","og_locale":"fi_FI","og_type":"article","og_title":"Kivennapa-S\u00e4\u00e4ti\u00f6n 70-vuotisjuhlaseminaari 8.10.2023 Karjalatalolla - Kivennapaseura","og_description":"Kivennapa-S\u00e4\u00e4ti\u00f6n 70-vuotisjuhlaseminaaria vietet\u00e4\u00e4n 8.10.2023 klo 13-17 Karjalatalolla. Seminaari on maksuton ja avoin kaikille.","og_url":"https:\/\/kivennapaseura.fi\/?p=5724","og_site_name":"Kivennapaseura","article_published_time":"2023-05-30T15:15:34+00:00","article_modified_time":"2024-03-17T09:22:02+00:00","og_image":[{"width":510,"height":287,"url":"http:\/\/kivennapaseura.fi\/wp-content\/uploads\/2023\/04\/Sydamen_arkeologia-510x287.png","type":"image\/png"}],"twitter_card":"summary_large_image","twitter_image":"https:\/\/kivennapaseura.fi\/wp-content\/uploads\/2023\/04\/Sydamen_arkeologia.png","twitter_misc":{"Kirjoittanut":"Riitta Taarasti","Arvioitu lukuaika":"1 minuutti"},"schema":{"@context":"https:\/\/schema.org","@graph":[{"@type":"WebSite","@id":"https:\/\/kivennapaseura.fi\/#website","url":"https:\/\/kivennapaseura.fi\/","name":"Kivennapaseura","description":"Kivennapaseuran kotisivut","potentialAction":[{"@type":"SearchAction","target":{"@type":"EntryPoint","urlTemplate":"https:\/\/kivennapaseura.fi\/?s={search_term_string}"},"query-input":"required name=search_term_string"}],"inLanguage":"fi"},{"@type":"ImageObject","inLanguage":"fi","@id":"https:\/\/kivennapaseura.fi\/?p=5724#primaryimage","url":"https:\/\/kivennapaseura.fi\/wp-content\/uploads\/2023\/04\/Sydamen_arkeologia.png","contentUrl":"https:\/\/kivennapaseura.fi\/wp-content\/uploads\/2023\/04\/Sydamen_arkeologia.png","width":3840,"height":2160},{"@type":"WebPage","@id":"https:\/\/kivennapaseura.fi\/?p=5724#webpage","url":"https:\/\/kivennapaseura.fi\/?p=5724","name":"Kivennapa-S\u00e4\u00e4ti\u00f6n 70-vuotisjuhlaseminaari 8.10.2023 Karjalatalolla - Kivennapaseura","isPartOf":{"@id":"https:\/\/kivennapaseura.fi\/#website"},"primaryImageOfPage":{"@id":"https:\/\/kivennapaseura.fi\/?p=5724#primaryimage"},"datePublished":"2023-05-30T15:15:34+00:00","dateModified":"2024-03-17T09:22:02+00:00","author":{"@id":"https:\/\/kivennapaseura.fi\/#\/schema\/person\/2c20136aecc32ddceb55e631be265d56"},"description":"Kivennapa-S\u00e4\u00e4ti\u00f6n 70-vuotisjuhlaseminaaria vietet\u00e4\u00e4n 8.10.2023 klo 13-17 Karjalatalolla. Seminaari on maksuton ja avoin kaikille.","breadcrumb":{"@id":"https:\/\/kivennapaseura.fi\/?p=5724#breadcrumb"},"inLanguage":"fi","potentialAction":[{"@type":"ReadAction","target":["https:\/\/kivennapaseura.fi\/?p=5724"]}]},{"@type":"BreadcrumbList","@id":"https:\/\/kivennapaseura.fi\/?p=5724#breadcrumb","itemListElement":[{"@type":"ListItem","position":1,"name":"Etusivu","item":"https:\/\/kivennapaseura.fi\/"},{"@type":"ListItem","position":2,"name":"Kivennapa-S\u00e4\u00e4ti\u00f6n 70-vuotisjuhlaseminaari 8.10.2023 Karjalatalolla"}]},{"@type":"Person","@id":"https:\/\/kivennapaseura.fi\/#\/schema\/person\/2c20136aecc32ddceb55e631be265d56","name":"Riitta Taarasti","image":{"@type":"ImageObject","inLanguage":"fi","@id":"https:\/\/kivennapaseura.fi\/#\/schema\/person\/image\/","url":"https:\/\/secure.gravatar.com\/avatar\/5e780fda4bde16bb4fafbb9386e51ecc?s=96&d=mm&r=g","contentUrl":"https:\/\/secure.gravatar.com\/avatar\/5e780fda4bde16bb4fafbb9386e51ecc?s=96&d=mm&r=g","caption":"Riitta Taarasti"},"url":"https:\/\/kivennapaseura.fi\/?author=7"}]}},"_links":{"self":[{"href":"https:\/\/kivennapaseura.fi\/index.php?rest_route=\/wp\/v2\/posts\/5724"}],"collection":[{"href":"https:\/\/kivennapaseura.fi\/index.php?rest_route=\/wp\/v2\/posts"}],"about":[{"href":"https:\/\/kivennapaseura.fi\/index.php?rest_route=\/wp\/v2\/types\/post"}],"author":[{"embeddable":true,"href":"https:\/\/kivennapaseura.fi\/index.php?rest_route=\/wp\/v2\/users\/7"}],"replies":[{"embeddable":true,"href":"https:\/\/kivennapaseura.fi\/index.php?rest_route=%2Fwp%2Fv2%2Fcomments&post=5724"}],"version-history":[{"count":11,"href":"https:\/\/kivennapaseura.fi\/index.php?rest_route=\/wp\/v2\/posts\/5724\/revisions"}],"predecessor-version":[{"id":6069,"href":"https:\/\/kivennapaseura.fi\/index.php?rest_route=\/wp\/v2\/posts\/5724\/revisions\/6069"}],"wp:featuredmedia":[{"embeddable":true,"href":"https:\/\/kivennapaseura.fi\/index.php?rest_route=\/wp\/v2\/media\/5722"}],"wp:attachment":[{"href":"https:\/\/kivennapaseura.fi\/index.php?rest_route=%2Fwp%2Fv2%2Fmedia&parent=5724"}],"wp:term":[{"taxonomy":"category","embeddable":true,"href":"https:\/\/kivennapaseura.fi\/index.php?rest_route=%2Fwp%2Fv2%2Fcategories&post=5724"},{"taxonomy":"post_tag","embeddable":true,"href":"https:\/\/kivennapaseura.fi\/index.php?rest_route=%2Fwp%2Fv2%2Ftags&post=5724"}],"curies":[{"name":"wp","href":"https:\/\/api.w.org\/{rel}","templated":true}]}}