{"id":5780,"date":"2023-07-04T13:53:15","date_gmt":"2023-07-04T10:53:15","guid":{"rendered":"https:\/\/kivennapaseura.fi\/?p=5780"},"modified":"2024-07-03T14:02:35","modified_gmt":"2024-07-03T11:02:35","slug":"tervetuloa-75-kivennavan-kihuille-hameenlinnaan-6-8-2023","status":"publish","type":"post","link":"https:\/\/kivennapaseura.fi\/?p=5780","title":{"rendered":"Tervetuloa 75.\u00a0Kivennavan Kihuille H\u00e4meenlinnaan 6.8.2023"},"content":{"rendered":"\n<p><strong>Kivennavan Kihuilla on pitk\u00e4 historia. Kerran kes\u00e4ss\u00e4 pit\u00e4j\u00e4n v\u00e4ki kokoontui Kivennavan Kirkkom\u00e4elle. Perinne el\u00e4\u00e4 vankkana yh\u00e4. Kes\u00e4ll\u00e4 2023 Kihut j\u00e4rjestet\u00e4\u00e4n 75. kertaa ja niiden pitopaikkana on H\u00e4meenlinna. N\u00e4in\u00e4 aikoina kun vierailuja ei voi tehd\u00e4 entiseen kotipit\u00e4j\u00e4\u00e4n, yst\u00e4vien ja tuttujen tapaaminen Kihuissa on entist\u00e4 t\u00e4rke\u00e4mp\u00e4\u00e4. Toivomme my\u00f6s nuoremman polven l\u00f6yt\u00e4v\u00e4n Kihut. Ohjelmassa on juurien merkitseminen kyl\u00e4karttaan eli miss\u00e4 Kivennavan kyl\u00e4ss\u00e4 juuresi ovat.&nbsp;<\/strong><\/p>\n\n\n\n<figure class=\"wp-block-image size-large\"><a href=\"http:\/\/kivennapaseura.fi\/wp-content\/uploads\/2023\/07\/kihut7-scaled.jpg\"><img loading=\"lazy\" width=\"510\" height=\"340\" src=\"http:\/\/kivennapaseura.fi\/wp-content\/uploads\/2023\/07\/kihut7-510x340.jpg\" alt=\"Ihmisi\u00e4 kulkueessa.\" class=\"wp-image-5781\" srcset=\"https:\/\/kivennapaseura.fi\/wp-content\/uploads\/2023\/07\/kihut7-510x340.jpg 510w, https:\/\/kivennapaseura.fi\/wp-content\/uploads\/2023\/07\/kihut7-300x200.jpg 300w, https:\/\/kivennapaseura.fi\/wp-content\/uploads\/2023\/07\/kihut7-768x512.jpg 768w, https:\/\/kivennapaseura.fi\/wp-content\/uploads\/2023\/07\/kihut7-1536x1024.jpg 1536w, https:\/\/kivennapaseura.fi\/wp-content\/uploads\/2023\/07\/kihut7-2048x1365.jpg 2048w\" sizes=\"(max-width: 510px) 100vw, 510px\" \/><\/a><figcaption><em>Elokuussa 2022 Kihut j\u00e4rjestettiin P\u00e4lk\u00e4neell\u00e4.<\/em> <em>Kuva: Mari Meril\u00e4inen.<\/em><\/figcaption><\/figure>\n\n\n\n<p><br><strong>KIHUJEN OHJELMA<\/strong><br> <\/p>\n\n\n\n<p>&#8211; Klo 10.00: Jumalanpalvelus H\u00e4meenlinnan kirkossa, Kirkkorinne 2, 13100 H\u00e4meenlinna<br>Seppeleen lasku Karjalaan j\u00e4\u00e4neiden vainajien muistomerkille<br>&#8211; Klo 11.30: Juhlakulkue j\u00e4rjest\u00e4ytyy torilla ja kulkue my\u00f6s p\u00e4\u00e4ttyy torille. Siirtyminen juhlapaikalle Kaurialan koululle, Brahenkatu 14, 13130 H\u00e4meenlinna<\/p>\n\n\n\n<p><br><strong>Klo 13.30: P\u00e4\u00e4juhla, Kaurialan koulu, Syd\u00e4ntila<\/strong><br>&#8211; Juonto ja musiikki, hanuristi Seppo Lankinen<br>&#8211; Musiikkiesitys<br>&#8211; Kihujen avaus, Kivennapaseuran pj. Pentti M\u00e4kinen<br>&#8211; H\u00e4meenlinnan kaupungin tervehdys, kaupunginhallituksen pj. Jari Koskinen<br>&#8211; Runoesitys, Riitta Hietanen<br>&#8211; Musiikkiesitys<br>&#8211; Juhlaesitelm\u00e4, Kivennapalaisten P\u00e4\u00e4majan kaukopartiomiesten vaiheita sotavuosina, kirjailija, komisario, tiedusteluhistorian tutkija Mikko Porvali<br>&#8211; <em>Kahvitauko 45 min<\/em><br>&#8211; Musiikkiesitys<br>&#8211; Kivennavan kansallispukujen esittely, Marja Pihkala<br>&#8211; Juuret#Roots \u2013 Kyl my\u00f6 selvit\u00e4\u00e4 -projektin esittely ja lyhyt video, Lasse Kantola<br>&#8211; Yhteenveto kyl\u00e4kartalle sijoitetuista kohteista, Raija Levo<br>&#8211; Karjalaisten laulu, Seppo Lankinen s\u00e4est\u00e4\u00e4<br><br>Juhla p\u00e4\u00e4ttyy noin klo 16.00<br><br>Liput 25 \u20ac. Lippu sis\u00e4lt\u00e4\u00e4 lounaan, v\u00e4liaikakahvit ja p\u00e4\u00e4sylipun juhlaan.<br><br><\/p>\n\n\n\n<p><strong>PYS\u00c4K\u00d6INTITILAT JA REITTIKARTTA<\/strong><br>Pys\u00e4k\u00f6intitilaa on katujen varsilla, torilla, kirjaston takana ja linja-autoaseman l\u00e4hettyvill\u00e4 rannan puolella. Koululla on pys\u00e4k\u00f6intitilaa Parolankadun\u00a0puoleisella sivulla sek\u00e4 Brahenkadun puolella. Sis\u00e4\u00e4nk\u00e4ynti Parolankadun\u00a0puolelta.<br><br>L\u00f6yd\u00e4t tiedot kulkureiteist\u00e4 Google Maps -kartasta. <br><a href=\"http:\/\/kivennapaseura.fi\/wp-content\/uploads\/2023\/07\/Kihut_Kaurialan_koulu_Google_Maps.pdf\">Reittiohjeet (.pdf)<\/a><\/p>\n\n\n\n<p><br><strong>LIS\u00c4TIETOJA <\/strong><br><br>Kaurialan koulu, kuten kaikki muutkin uudet koulut, on ns. sukkakoulu, eli sis\u00e4lle ei menn\u00e4 ulkojalkineilla. Varaattehan toiset jalkineet sis\u00e4tiloihin juhlan ajaksi. Eteisess\u00e4 on penkki helpottamassa jalkineiden vaihtoa sek\u00e4 hyllyt, joihin keng\u00e4t voi j\u00e4tt\u00e4\u00e4. Paikalle varataan my\u00f6s kertak\u00e4ytt\u00f6tossuja.<br><br>Ruokailu on juhlatilan, Syd\u00e4ntilan, yhteydess\u00e4. Ruokailun voi aloittaa heti saavuttuaan juhlapaikalle.<br><br>Saliin on mahdollista varata myynti- ja esittelyp\u00f6yti\u00e4. Samassa kerroksessa on luokkahuoneita, joita voi varata suku-, kyl\u00e4- ym. kokouksille.<br><br>Paikalle tulee suurikokoinen Kivennavan kartta, johon juhlavieraat voivat merkit\u00e4 omia juurikyli\u00e4\u00e4n. <br><br>Tilaisuudessa on myynniss\u00e4 Kivennapaseuran tuotteita, mm. ensi vuoden kalenteri ja kirjoja sek\u00e4 yhteisty\u00f6kumppaneiden tuotteita.<br><\/p>\n\n\n\n<p><br><strong>Lis\u00e4tiedot: <\/strong>Terhi Koivisto, terhi.k.koivisto@gmail.com ja 040 0939 690.<br><br><strong>Kynttil\u00f6iden sytytys poismenneiden vainajien muistolle&nbsp;<\/strong><br>Jos haluatte, ett\u00e4 vuonna 2022 kihujen j\u00e4lkeen kuolleen omaisenne nimi luetaan ja h\u00e4nelle sytytet\u00e4\u00e4n kynttil\u00e4 kihujen jumalanpalveluksessa, ilmoittaisitteko henkil\u00f6n tiedot Raija Levolle: levoraija@gmail.com, 0500 515&nbsp;022.<br><br>Lis\u00e4tietoja:<br>&#8211;&nbsp;<a href=\"https:\/\/kivennapaseura.fi\/?page_id=165\">Kihujen historia<\/a><br>&#8211;&nbsp;<a href=\"https:\/\/kivennapaseura.fi\/?page_id=4938\">Kihujen paikkakunnat<\/a><br><br><em>Julkaistu: 4.7.2023<\/em><br><em>Teksti: Helena Tapper<br>Toimittaja ja julkaisija: Riitta Taarasti<\/em><\/p>\n\n\n\n<h6>Asiasanat<\/h6>\n\n\n<div class=\"taxonomy-post_tag wp-block-post-terms\"><a href=\"https:\/\/kivennapaseura.fi\/?tag=juhlaperinne\" rel=\"tag\">juhlaperinne<\/a><span class=\"wp-block-post-terms__separator\">, <\/span><a href=\"https:\/\/kivennapaseura.fi\/?tag=kihut\" rel=\"tag\">kihut<\/a><span class=\"wp-block-post-terms__separator\">, <\/span><a href=\"https:\/\/kivennapaseura.fi\/?tag=kivennavan-kihut\" rel=\"tag\">Kivennavan kihut<\/a><span class=\"wp-block-post-terms__separator\">, <\/span><a href=\"https:\/\/kivennapaseura.fi\/?tag=kylat\" rel=\"tag\">kyl\u00e4t<\/a><span class=\"wp-block-post-terms__separator\">, <\/span><a href=\"https:\/\/kivennapaseura.fi\/?tag=tapahtumat\" rel=\"tag\">tapahtumat<\/a><\/div>\n\n\n<figure class=\"wp-block-image\"><img alt=\"\"\/><\/figure>\n","protected":false},"excerpt":{"rendered":"<p>Kivennavan Kihuilla on pitk\u00e4 historia. Kerran kes\u00e4ss\u00e4 pit\u00e4j\u00e4n v\u00e4ki kokoontui Kivennavan Kirkkom\u00e4elle. Perinne el\u00e4\u00e4 vankkana yh\u00e4. Kes\u00e4ll\u00e4 2023 Kihut j\u00e4rjestet\u00e4\u00e4n 75. kertaa ja niiden pitopaikkana on H\u00e4meenlinna. N\u00e4in\u00e4 aikoina kun vierailuja ei voi tehd\u00e4 entiseen kotipit\u00e4j\u00e4\u00e4n, yst\u00e4vien ja tuttujen tapaaminen Kihuissa on entist\u00e4 t\u00e4rke\u00e4mp\u00e4\u00e4. Toivomme my\u00f6s nuoremman polven l\u00f6yt\u00e4v\u00e4n Kihut. Ohjelmassa on juurien merkitseminen kyl\u00e4karttaan &hellip;<\/p>\n<p class=\"read-more\"> <a class=\"\" href=\"https:\/\/kivennapaseura.fi\/?p=5780\"> <span class=\"screen-reader-text\">Tervetuloa 75.\u00a0Kivennavan Kihuille H\u00e4meenlinnaan 6.8.2023<\/span> Lue lis\u00e4\u00e4 &raquo;<\/a><\/p>\n","protected":false},"author":8,"featured_media":5781,"comment_status":"closed","ping_status":"closed","sticky":false,"template":"","format":"standard","meta":{"site-sidebar-layout":"default","site-content-layout":"default","ast-global-header-display":"","ast-main-header-display":"","ast-hfb-above-header-display":"","ast-hfb-below-header-display":"","ast-hfb-mobile-header-display":"","site-post-title":"","ast-breadcrumbs-content":"","ast-featured-img":"disabled","footer-sml-layout":"","theme-transparent-header-meta":"","adv-header-id-meta":"","stick-header-meta":"","header-above-stick-meta":"","header-main-stick-meta":"","header-below-stick-meta":""},"categories":[130],"tags":[147,18,357,109,12],"yoast_head":"<!-- This site is optimized with the Yoast SEO plugin v18.8 - https:\/\/yoast.com\/wordpress\/plugins\/seo\/ -->\n<title>Tervetuloa 75.\u00a0Kivennavan Kihuille H\u00e4meenlinnaan 6.8.2023 - Kivennapaseura<\/title>\n<meta name=\"description\" content=\"Tervetuloa 75.\u00a0Kivennavan Kihuihin H\u00e4meenlinnaan 6.8.2023. Kerran kes\u00e4ss\u00e4 pit\u00e4j\u00e4n v\u00e4ki kokoontui Kivennavan Kirkkom\u00e4elle. Perinne el\u00e4\u00e4 vankkana yh\u00e4.\" \/>\n<meta name=\"robots\" content=\"index, follow, max-snippet:-1, max-image-preview:large, max-video-preview:-1\" \/>\n<link rel=\"canonical\" href=\"https:\/\/kivennapaseura.fi\/?p=5780\" \/>\n<meta property=\"og:locale\" content=\"fi_FI\" \/>\n<meta property=\"og:type\" content=\"article\" \/>\n<meta property=\"og:title\" content=\"Tervetuloa 75.\u00a0Kivennavan Kihuille H\u00e4meenlinnaan 6.8.2023 - Kivennapaseura\" \/>\n<meta property=\"og:description\" content=\"Tervetuloa 75.\u00a0Kivennavan Kihuihin H\u00e4meenlinnaan 6.8.2023. Kerran kes\u00e4ss\u00e4 pit\u00e4j\u00e4n v\u00e4ki kokoontui Kivennavan Kirkkom\u00e4elle. Perinne el\u00e4\u00e4 vankkana yh\u00e4.\" \/>\n<meta property=\"og:url\" content=\"https:\/\/kivennapaseura.fi\/?p=5780\" \/>\n<meta property=\"og:site_name\" content=\"Kivennapaseura\" \/>\n<meta property=\"article:published_time\" content=\"2023-07-04T10:53:15+00:00\" \/>\n<meta property=\"article:modified_time\" content=\"2024-07-03T11:02:35+00:00\" \/>\n<meta property=\"og:image\" content=\"http:\/\/kivennapaseura.fi\/wp-content\/uploads\/2023\/07\/kihut7-scaled.jpg\" \/>\n\t<meta property=\"og:image:width\" content=\"2560\" \/>\n\t<meta property=\"og:image:height\" content=\"1707\" \/>\n\t<meta property=\"og:image:type\" content=\"image\/jpeg\" \/>\n<meta name=\"twitter:card\" content=\"summary_large_image\" \/>\n<meta name=\"twitter:image\" content=\"https:\/\/kivennapaseura.fi\/wp-content\/uploads\/2023\/07\/kihut7-scaled.jpg\" \/>\n<meta name=\"twitter:label1\" content=\"Kirjoittanut\" \/>\n\t<meta name=\"twitter:data1\" content=\"Helena Tapper\" \/>\n\t<meta name=\"twitter:label2\" content=\"Arvioitu lukuaika\" \/>\n\t<meta name=\"twitter:data2\" content=\"3 minuuttia\" \/>\n<script type=\"application\/ld+json\" class=\"yoast-schema-graph\">{\"@context\":\"https:\/\/schema.org\",\"@graph\":[{\"@type\":\"WebSite\",\"@id\":\"https:\/\/kivennapaseura.fi\/#website\",\"url\":\"https:\/\/kivennapaseura.fi\/\",\"name\":\"Kivennapaseura\",\"description\":\"Kivennapaseuran kotisivut\",\"potentialAction\":[{\"@type\":\"SearchAction\",\"target\":{\"@type\":\"EntryPoint\",\"urlTemplate\":\"https:\/\/kivennapaseura.fi\/?s={search_term_string}\"},\"query-input\":\"required name=search_term_string\"}],\"inLanguage\":\"fi\"},{\"@type\":\"ImageObject\",\"inLanguage\":\"fi\",\"@id\":\"https:\/\/kivennapaseura.fi\/?p=5780#primaryimage\",\"url\":\"https:\/\/kivennapaseura.fi\/wp-content\/uploads\/2023\/07\/kihut7-scaled.jpg\",\"contentUrl\":\"https:\/\/kivennapaseura.fi\/wp-content\/uploads\/2023\/07\/kihut7-scaled.jpg\",\"width\":2560,\"height\":1707,\"caption\":\"Ihmisi\u00e4 kulkueessa.\"},{\"@type\":\"WebPage\",\"@id\":\"https:\/\/kivennapaseura.fi\/?p=5780#webpage\",\"url\":\"https:\/\/kivennapaseura.fi\/?p=5780\",\"name\":\"Tervetuloa 75.\u00a0Kivennavan Kihuille H\u00e4meenlinnaan 6.8.2023 - Kivennapaseura\",\"isPartOf\":{\"@id\":\"https:\/\/kivennapaseura.fi\/#website\"},\"primaryImageOfPage\":{\"@id\":\"https:\/\/kivennapaseura.fi\/?p=5780#primaryimage\"},\"datePublished\":\"2023-07-04T10:53:15+00:00\",\"dateModified\":\"2024-07-03T11:02:35+00:00\",\"author\":{\"@id\":\"https:\/\/kivennapaseura.fi\/#\/schema\/person\/298db6dfe73365852431a8fff521ec99\"},\"description\":\"Tervetuloa 75.\u00a0Kivennavan Kihuihin H\u00e4meenlinnaan 6.8.2023. Kerran kes\u00e4ss\u00e4 pit\u00e4j\u00e4n v\u00e4ki kokoontui Kivennavan Kirkkom\u00e4elle. Perinne el\u00e4\u00e4 vankkana yh\u00e4.\",\"breadcrumb\":{\"@id\":\"https:\/\/kivennapaseura.fi\/?p=5780#breadcrumb\"},\"inLanguage\":\"fi\",\"potentialAction\":[{\"@type\":\"ReadAction\",\"target\":[\"https:\/\/kivennapaseura.fi\/?p=5780\"]}]},{\"@type\":\"BreadcrumbList\",\"@id\":\"https:\/\/kivennapaseura.fi\/?p=5780#breadcrumb\",\"itemListElement\":[{\"@type\":\"ListItem\",\"position\":1,\"name\":\"Etusivu\",\"item\":\"https:\/\/kivennapaseura.fi\/\"},{\"@type\":\"ListItem\",\"position\":2,\"name\":\"Tervetuloa 75.\u00a0Kivennavan Kihuille H\u00e4meenlinnaan 6.8.2023\"}]},{\"@type\":\"Person\",\"@id\":\"https:\/\/kivennapaseura.fi\/#\/schema\/person\/298db6dfe73365852431a8fff521ec99\",\"name\":\"Helena Tapper\",\"image\":{\"@type\":\"ImageObject\",\"inLanguage\":\"fi\",\"@id\":\"https:\/\/kivennapaseura.fi\/#\/schema\/person\/image\/\",\"url\":\"https:\/\/secure.gravatar.com\/avatar\/32dc21370ae967f1f164e629ddfce254?s=96&d=mm&r=g\",\"contentUrl\":\"https:\/\/secure.gravatar.com\/avatar\/32dc21370ae967f1f164e629ddfce254?s=96&d=mm&r=g\",\"caption\":\"Helena Tapper\"},\"url\":\"https:\/\/kivennapaseura.fi\/?author=8\"}]}<\/script>\n<!-- \/ Yoast SEO plugin. -->","yoast_head_json":{"title":"Tervetuloa 75.\u00a0Kivennavan Kihuille H\u00e4meenlinnaan 6.8.2023 - Kivennapaseura","description":"Tervetuloa 75.\u00a0Kivennavan Kihuihin H\u00e4meenlinnaan 6.8.2023. Kerran kes\u00e4ss\u00e4 pit\u00e4j\u00e4n v\u00e4ki kokoontui Kivennavan Kirkkom\u00e4elle. Perinne el\u00e4\u00e4 vankkana yh\u00e4.","robots":{"index":"index","follow":"follow","max-snippet":"max-snippet:-1","max-image-preview":"max-image-preview:large","max-video-preview":"max-video-preview:-1"},"canonical":"https:\/\/kivennapaseura.fi\/?p=5780","og_locale":"fi_FI","og_type":"article","og_title":"Tervetuloa 75.\u00a0Kivennavan Kihuille H\u00e4meenlinnaan 6.8.2023 - Kivennapaseura","og_description":"Tervetuloa 75.\u00a0Kivennavan Kihuihin H\u00e4meenlinnaan 6.8.2023. Kerran kes\u00e4ss\u00e4 pit\u00e4j\u00e4n v\u00e4ki kokoontui Kivennavan Kirkkom\u00e4elle. Perinne el\u00e4\u00e4 vankkana yh\u00e4.","og_url":"https:\/\/kivennapaseura.fi\/?p=5780","og_site_name":"Kivennapaseura","article_published_time":"2023-07-04T10:53:15+00:00","article_modified_time":"2024-07-03T11:02:35+00:00","og_image":[{"width":2560,"height":1707,"url":"http:\/\/kivennapaseura.fi\/wp-content\/uploads\/2023\/07\/kihut7-scaled.jpg","type":"image\/jpeg"}],"twitter_card":"summary_large_image","twitter_image":"https:\/\/kivennapaseura.fi\/wp-content\/uploads\/2023\/07\/kihut7-scaled.jpg","twitter_misc":{"Kirjoittanut":"Helena Tapper","Arvioitu lukuaika":"3 minuuttia"},"schema":{"@context":"https:\/\/schema.org","@graph":[{"@type":"WebSite","@id":"https:\/\/kivennapaseura.fi\/#website","url":"https:\/\/kivennapaseura.fi\/","name":"Kivennapaseura","description":"Kivennapaseuran kotisivut","potentialAction":[{"@type":"SearchAction","target":{"@type":"EntryPoint","urlTemplate":"https:\/\/kivennapaseura.fi\/?s={search_term_string}"},"query-input":"required name=search_term_string"}],"inLanguage":"fi"},{"@type":"ImageObject","inLanguage":"fi","@id":"https:\/\/kivennapaseura.fi\/?p=5780#primaryimage","url":"https:\/\/kivennapaseura.fi\/wp-content\/uploads\/2023\/07\/kihut7-scaled.jpg","contentUrl":"https:\/\/kivennapaseura.fi\/wp-content\/uploads\/2023\/07\/kihut7-scaled.jpg","width":2560,"height":1707,"caption":"Ihmisi\u00e4 kulkueessa."},{"@type":"WebPage","@id":"https:\/\/kivennapaseura.fi\/?p=5780#webpage","url":"https:\/\/kivennapaseura.fi\/?p=5780","name":"Tervetuloa 75.\u00a0Kivennavan Kihuille H\u00e4meenlinnaan 6.8.2023 - Kivennapaseura","isPartOf":{"@id":"https:\/\/kivennapaseura.fi\/#website"},"primaryImageOfPage":{"@id":"https:\/\/kivennapaseura.fi\/?p=5780#primaryimage"},"datePublished":"2023-07-04T10:53:15+00:00","dateModified":"2024-07-03T11:02:35+00:00","author":{"@id":"https:\/\/kivennapaseura.fi\/#\/schema\/person\/298db6dfe73365852431a8fff521ec99"},"description":"Tervetuloa 75.\u00a0Kivennavan Kihuihin H\u00e4meenlinnaan 6.8.2023. Kerran kes\u00e4ss\u00e4 pit\u00e4j\u00e4n v\u00e4ki kokoontui Kivennavan Kirkkom\u00e4elle. Perinne el\u00e4\u00e4 vankkana yh\u00e4.","breadcrumb":{"@id":"https:\/\/kivennapaseura.fi\/?p=5780#breadcrumb"},"inLanguage":"fi","potentialAction":[{"@type":"ReadAction","target":["https:\/\/kivennapaseura.fi\/?p=5780"]}]},{"@type":"BreadcrumbList","@id":"https:\/\/kivennapaseura.fi\/?p=5780#breadcrumb","itemListElement":[{"@type":"ListItem","position":1,"name":"Etusivu","item":"https:\/\/kivennapaseura.fi\/"},{"@type":"ListItem","position":2,"name":"Tervetuloa 75.\u00a0Kivennavan Kihuille H\u00e4meenlinnaan 6.8.2023"}]},{"@type":"Person","@id":"https:\/\/kivennapaseura.fi\/#\/schema\/person\/298db6dfe73365852431a8fff521ec99","name":"Helena Tapper","image":{"@type":"ImageObject","inLanguage":"fi","@id":"https:\/\/kivennapaseura.fi\/#\/schema\/person\/image\/","url":"https:\/\/secure.gravatar.com\/avatar\/32dc21370ae967f1f164e629ddfce254?s=96&d=mm&r=g","contentUrl":"https:\/\/secure.gravatar.com\/avatar\/32dc21370ae967f1f164e629ddfce254?s=96&d=mm&r=g","caption":"Helena Tapper"},"url":"https:\/\/kivennapaseura.fi\/?author=8"}]}},"_links":{"self":[{"href":"https:\/\/kivennapaseura.fi\/index.php?rest_route=\/wp\/v2\/posts\/5780"}],"collection":[{"href":"https:\/\/kivennapaseura.fi\/index.php?rest_route=\/wp\/v2\/posts"}],"about":[{"href":"https:\/\/kivennapaseura.fi\/index.php?rest_route=\/wp\/v2\/types\/post"}],"author":[{"embeddable":true,"href":"https:\/\/kivennapaseura.fi\/index.php?rest_route=\/wp\/v2\/users\/8"}],"replies":[{"embeddable":true,"href":"https:\/\/kivennapaseura.fi\/index.php?rest_route=%2Fwp%2Fv2%2Fcomments&post=5780"}],"version-history":[{"count":8,"href":"https:\/\/kivennapaseura.fi\/index.php?rest_route=\/wp\/v2\/posts\/5780\/revisions"}],"predecessor-version":[{"id":5834,"href":"https:\/\/kivennapaseura.fi\/index.php?rest_route=\/wp\/v2\/posts\/5780\/revisions\/5834"}],"wp:featuredmedia":[{"embeddable":true,"href":"https:\/\/kivennapaseura.fi\/index.php?rest_route=\/wp\/v2\/media\/5781"}],"wp:attachment":[{"href":"https:\/\/kivennapaseura.fi\/index.php?rest_route=%2Fwp%2Fv2%2Fmedia&parent=5780"}],"wp:term":[{"taxonomy":"category","embeddable":true,"href":"https:\/\/kivennapaseura.fi\/index.php?rest_route=%2Fwp%2Fv2%2Fcategories&post=5780"},{"taxonomy":"post_tag","embeddable":true,"href":"https:\/\/kivennapaseura.fi\/index.php?rest_route=%2Fwp%2Fv2%2Ftags&post=5780"}],"curies":[{"name":"wp","href":"https:\/\/api.w.org\/{rel}","templated":true}]}}