{"id":5792,"date":"2023-07-04T17:32:11","date_gmt":"2023-07-04T14:32:11","guid":{"rendered":"https:\/\/kivennapaseura.fi\/?p=5792"},"modified":"2023-07-04T21:35:00","modified_gmt":"2023-07-04T18:35:00","slug":"%ef%bf%bckarjala-lehden-tulevaisuus-ja-tilaaminen","status":"publish","type":"post","link":"https:\/\/kivennapaseura.fi\/?p=5792","title":{"rendered":"Karjala-lehden tulevaisuus ja tilaaminen"},"content":{"rendered":"\n<p><strong>Karjalan Liitossa on l\u00e4hes vuoden ajan pohdittu Karjala-lehden tulevaisuutta. Liitolla on halu s\u00e4ilytt\u00e4\u00e4 Karjala-lehti siirtokarjalaisten, heid\u00e4n j\u00e4lkel\u00e4istens\u00e4 ja muiden asiasta kiinnostuneiden uutis- ja kulttuurilehten\u00e4. Tarjouskilpailun perusteella valittiin uuden Karjala-lehden tuottajaksi ja painajaksi PunaMusta Oy Joensuusta, p\u00e4\u00e4toimittajana on pitk\u00e4n linjan lehtimies Sakari Nupponen, jolla on viipurilainen tausta. Lehden kustantajana toimii Karjalan Liitto.<\/strong><br><\/p>\n\n\n\n<figure class=\"wp-block-image size-large\"><a href=\"http:\/\/kivennapaseura.fi\/wp-content\/uploads\/2023\/07\/Karjala_lehti-1.jpg\"><img loading=\"lazy\" width=\"510\" height=\"408\" src=\"http:\/\/kivennapaseura.fi\/wp-content\/uploads\/2023\/07\/Karjala_lehti-1-510x408.jpg\" alt=\"Karjala-lehden logo ja lehden nimi punaisella taustalla.\" class=\"wp-image-5795\" srcset=\"https:\/\/kivennapaseura.fi\/wp-content\/uploads\/2023\/07\/Karjala_lehti-1-510x408.jpg 510w, https:\/\/kivennapaseura.fi\/wp-content\/uploads\/2023\/07\/Karjala_lehti-1-300x240.jpg 300w, https:\/\/kivennapaseura.fi\/wp-content\/uploads\/2023\/07\/Karjala_lehti-1-768x614.jpg 768w, https:\/\/kivennapaseura.fi\/wp-content\/uploads\/2023\/07\/Karjala_lehti-1.jpg 1350w\" sizes=\"(max-width: 510px) 100vw, 510px\" \/><\/a><figcaption><em>Sanomalehti Karjala alkoi ilmesty\u00e4 Viipurissa 1.1.1904, aluksi Ven\u00e4j\u00e4 vallan aikana nuorsuomalaisena sanomalehten\u00e4.<\/em><\/figcaption><\/figure>\n\n\n\n<p><br><\/p>\n\n\n\n<p>Kes\u00e4kuun alussa 2023 jaettiin uuden Karjala-lehden n\u00e4ytenumero Karjalan Liiton j\u00e4senille Karjalan Kunnaat -j\u00e4senlehden mukana. Muita kiinnostuneita n\u00e4ytenumeron tilaajia oli l\u00e4hes 1000. Karjalaiset j\u00e4rjest\u00f6t l\u00e4hettiv\u00e4t lehteen runsaasti ilmoituksiaan. Kerran kuukaudessa ilmestyv\u00e4 20-24 sivuinen tabloid-kokoinen lehti tulee kertomaan karjalaisten tapahtumista ja seuraa luovutetun alueen tapahtumia teemanumeroissaan. Jotta lehden kustantaminen olisi Karjalan Liitolle mahdollista, tarvitaan lehdelle yli 4000 tilaajaa. Kivennapaseura jakaa n\u00e4ytenumeroa Kihuissa H\u00e4meenlinnassa 6.8.&nbsp;<\/p>\n\n\n\n<p>Vuositilaajahinta Karjalan Liiton j\u00e4senille on 70 euroa, jossa on huomioitu 15 euron j\u00e4senalennus. Tilausohjeet ja tiedot l\u00f6ytyv\u00e4t lehdest\u00e4 tai nettisivuilta <a href=\"http:\/\/www.karjalalehti.fi\/\">www.karjalalehti.fi<\/a>.\u00a0Jos haluat tilata lehden, ilmoita liiton j\u00e4senkortissa oleva j\u00e4sennumerosi saadaksesi tilausalennuksen. Riitt\u00e4v\u00e4 m\u00e4\u00e4r\u00e4 Karjala-lehden ennakkotilauksia elokuun alkuun varmistaa lehden tekemisen jatkumisen. Karjala-lehden tilaus astuu voimaan 1.9.2023 ja tilausmaksu laskutetaan vasta lehden pysyv\u00e4n ilmestymisen varmistuttua.<\/p>\n\n\n\n<p><br>Terveisin<br>Kivennapaseuran hallitus<br><br>Lis\u00e4tietoja:<br><a href=\"https:\/\/www.karjalanliitto.fi\/karjala-lehti.html\">Karjala-lehden verkkosivut<\/a><br><a href=\"https:\/\/www.karjalanliitto.fi\/karjala-lehti\/lehden-historiaa.html\">Karjala-lehden historia<\/a><br><a href=\"https:\/\/www.lukusali.fi\/index.html?p=Karjala-lehti&amp;i=3a812a4a-011b-11ee-b70b-00155d64030a\">N\u00e4ytelehti, Nro 1\/2023 (4.6.2023)<\/a><\/p>\n\n\n\n<p><br><em>Julkaistu 4.7.2023<\/em><br><em>Teksti: Helena Tapper<br>Toimittaja ja julkaisija: Riitta Taarasti<\/em><\/p>\n\n\n\n<h6>Asiasanat<\/h6>\n\n\n<div class=\"taxonomy-post_tag wp-block-post-terms\"><a href=\"https:\/\/kivennapaseura.fi\/?tag=karjala\" rel=\"tag\">Karjala<\/a><span class=\"wp-block-post-terms__separator\">, <\/span><a href=\"https:\/\/kivennapaseura.fi\/?tag=karjala-lehti\" rel=\"tag\">Karjala-lehti<\/a><span class=\"wp-block-post-terms__separator\">, <\/span><a href=\"https:\/\/kivennapaseura.fi\/?tag=karjalan-liitto\" rel=\"tag\">Karjalan Liitto<\/a><span class=\"wp-block-post-terms__separator\">, <\/span><a href=\"https:\/\/kivennapaseura.fi\/?tag=sanomalehdet\" rel=\"tag\">sanomalehdet<\/a><\/div>","protected":false},"excerpt":{"rendered":"<p>Karjalan Liitossa on l\u00e4hes vuoden ajan pohdittu Karjala-lehden tulevaisuutta. Liitolla on halu s\u00e4ilytt\u00e4\u00e4 Karjala-lehti siirtokarjalaisten, heid\u00e4n j\u00e4lkel\u00e4istens\u00e4 ja muiden asiasta kiinnostuneiden uutis- ja kulttuurilehten\u00e4. Tarjouskilpailun perusteella valittiin uuden Karjala-lehden tuottajaksi ja painajaksi PunaMusta Oy Joensuusta, p\u00e4\u00e4toimittajana on pitk\u00e4n linjan lehtimies Sakari Nupponen, jolla on viipurilainen tausta. Lehden kustantajana toimii Karjalan Liitto. Kes\u00e4kuun alussa 2023 jaettiin &hellip;<\/p>\n<p class=\"read-more\"> <a class=\"\" href=\"https:\/\/kivennapaseura.fi\/?p=5792\"> <span class=\"screen-reader-text\">Karjala-lehden tulevaisuus ja tilaaminen<\/span> Lue lis\u00e4\u00e4 &raquo;<\/a><\/p>\n","protected":false},"author":8,"featured_media":5795,"comment_status":"closed","ping_status":"closed","sticky":false,"template":"","format":"standard","meta":{"site-sidebar-layout":"default","site-content-layout":"default","ast-global-header-display":"","ast-main-header-display":"","ast-hfb-above-header-display":"","ast-hfb-below-header-display":"","ast-hfb-mobile-header-display":"","site-post-title":"","ast-breadcrumbs-content":"","ast-featured-img":"disabled","footer-sml-layout":"","theme-transparent-header-meta":"","adv-header-id-meta":"","stick-header-meta":"","header-above-stick-meta":"","header-main-stick-meta":"","header-below-stick-meta":""},"categories":[130],"tags":[305,307,120,306],"yoast_head":"<!-- This site is optimized with the Yoast SEO plugin v18.8 - https:\/\/yoast.com\/wordpress\/plugins\/seo\/ -->\n<title>Karjala-lehden tulevaisuus ja tilaaminen - Kivennapaseura<\/title>\n<meta name=\"description\" content=\"Kes\u00e4kuun alussa 2023 jaettiin uuden Karjala-lehden n\u00e4ytenumero Karjalan Liiton j\u00e4senille Karjalan Kunnaat -j\u00e4senlehden mukana.\" \/>\n<meta name=\"robots\" content=\"index, follow, max-snippet:-1, max-image-preview:large, max-video-preview:-1\" \/>\n<link rel=\"canonical\" href=\"https:\/\/kivennapaseura.fi\/?p=5792\" \/>\n<meta property=\"og:locale\" content=\"fi_FI\" \/>\n<meta property=\"og:type\" content=\"article\" \/>\n<meta property=\"og:title\" content=\"Karjala-lehden tulevaisuus ja tilaaminen - Kivennapaseura\" \/>\n<meta property=\"og:description\" content=\"Kes\u00e4kuun alussa 2023 jaettiin uuden Karjala-lehden n\u00e4ytenumero Karjalan Liiton j\u00e4senille Karjalan Kunnaat -j\u00e4senlehden mukana.\" \/>\n<meta property=\"og:url\" content=\"https:\/\/kivennapaseura.fi\/?p=5792\" \/>\n<meta property=\"og:site_name\" content=\"Kivennapaseura\" \/>\n<meta property=\"article:published_time\" content=\"2023-07-04T14:32:11+00:00\" \/>\n<meta property=\"article:modified_time\" content=\"2023-07-04T18:35:00+00:00\" \/>\n<meta property=\"og:image\" content=\"http:\/\/kivennapaseura.fi\/wp-content\/uploads\/2023\/07\/Karjala_lehti-1.jpg\" \/>\n\t<meta property=\"og:image:width\" content=\"1350\" \/>\n\t<meta property=\"og:image:height\" content=\"1080\" \/>\n\t<meta property=\"og:image:type\" content=\"image\/jpeg\" \/>\n<meta name=\"twitter:card\" content=\"summary_large_image\" \/>\n<meta name=\"twitter:image\" content=\"https:\/\/kivennapaseura.fi\/wp-content\/uploads\/2023\/07\/Karjala_lehti-1.jpg\" \/>\n<meta name=\"twitter:label1\" content=\"Kirjoittanut\" \/>\n\t<meta name=\"twitter:data1\" content=\"Helena Tapper\" \/>\n\t<meta name=\"twitter:label2\" content=\"Arvioitu lukuaika\" \/>\n\t<meta name=\"twitter:data2\" content=\"2 minuuttia\" \/>\n<script type=\"application\/ld+json\" class=\"yoast-schema-graph\">{\"@context\":\"https:\/\/schema.org\",\"@graph\":[{\"@type\":\"WebSite\",\"@id\":\"https:\/\/kivennapaseura.fi\/#website\",\"url\":\"https:\/\/kivennapaseura.fi\/\",\"name\":\"Kivennapaseura\",\"description\":\"Kivennapaseuran kotisivut\",\"potentialAction\":[{\"@type\":\"SearchAction\",\"target\":{\"@type\":\"EntryPoint\",\"urlTemplate\":\"https:\/\/kivennapaseura.fi\/?s={search_term_string}\"},\"query-input\":\"required name=search_term_string\"}],\"inLanguage\":\"fi\"},{\"@type\":\"ImageObject\",\"inLanguage\":\"fi\",\"@id\":\"https:\/\/kivennapaseura.fi\/?p=5792#primaryimage\",\"url\":\"https:\/\/kivennapaseura.fi\/wp-content\/uploads\/2023\/07\/Karjala_lehti-1.jpg\",\"contentUrl\":\"https:\/\/kivennapaseura.fi\/wp-content\/uploads\/2023\/07\/Karjala_lehti-1.jpg\",\"width\":1350,\"height\":1080,\"caption\":\"Karjala-lehden logo ja lehden nimi punaisella taustalla.\"},{\"@type\":\"WebPage\",\"@id\":\"https:\/\/kivennapaseura.fi\/?p=5792#webpage\",\"url\":\"https:\/\/kivennapaseura.fi\/?p=5792\",\"name\":\"Karjala-lehden tulevaisuus ja tilaaminen - Kivennapaseura\",\"isPartOf\":{\"@id\":\"https:\/\/kivennapaseura.fi\/#website\"},\"primaryImageOfPage\":{\"@id\":\"https:\/\/kivennapaseura.fi\/?p=5792#primaryimage\"},\"datePublished\":\"2023-07-04T14:32:11+00:00\",\"dateModified\":\"2023-07-04T18:35:00+00:00\",\"author\":{\"@id\":\"https:\/\/kivennapaseura.fi\/#\/schema\/person\/298db6dfe73365852431a8fff521ec99\"},\"description\":\"Kes\u00e4kuun alussa 2023 jaettiin uuden Karjala-lehden n\u00e4ytenumero Karjalan Liiton j\u00e4senille Karjalan Kunnaat -j\u00e4senlehden mukana.\",\"breadcrumb\":{\"@id\":\"https:\/\/kivennapaseura.fi\/?p=5792#breadcrumb\"},\"inLanguage\":\"fi\",\"potentialAction\":[{\"@type\":\"ReadAction\",\"target\":[\"https:\/\/kivennapaseura.fi\/?p=5792\"]}]},{\"@type\":\"BreadcrumbList\",\"@id\":\"https:\/\/kivennapaseura.fi\/?p=5792#breadcrumb\",\"itemListElement\":[{\"@type\":\"ListItem\",\"position\":1,\"name\":\"Etusivu\",\"item\":\"https:\/\/kivennapaseura.fi\/\"},{\"@type\":\"ListItem\",\"position\":2,\"name\":\"Karjala-lehden tulevaisuus ja tilaaminen\"}]},{\"@type\":\"Person\",\"@id\":\"https:\/\/kivennapaseura.fi\/#\/schema\/person\/298db6dfe73365852431a8fff521ec99\",\"name\":\"Helena Tapper\",\"image\":{\"@type\":\"ImageObject\",\"inLanguage\":\"fi\",\"@id\":\"https:\/\/kivennapaseura.fi\/#\/schema\/person\/image\/\",\"url\":\"https:\/\/secure.gravatar.com\/avatar\/32dc21370ae967f1f164e629ddfce254?s=96&d=mm&r=g\",\"contentUrl\":\"https:\/\/secure.gravatar.com\/avatar\/32dc21370ae967f1f164e629ddfce254?s=96&d=mm&r=g\",\"caption\":\"Helena Tapper\"},\"url\":\"https:\/\/kivennapaseura.fi\/?author=8\"}]}<\/script>\n<!-- \/ Yoast SEO plugin. -->","yoast_head_json":{"title":"Karjala-lehden tulevaisuus ja tilaaminen - Kivennapaseura","description":"Kes\u00e4kuun alussa 2023 jaettiin uuden Karjala-lehden n\u00e4ytenumero Karjalan Liiton j\u00e4senille Karjalan Kunnaat -j\u00e4senlehden mukana.","robots":{"index":"index","follow":"follow","max-snippet":"max-snippet:-1","max-image-preview":"max-image-preview:large","max-video-preview":"max-video-preview:-1"},"canonical":"https:\/\/kivennapaseura.fi\/?p=5792","og_locale":"fi_FI","og_type":"article","og_title":"Karjala-lehden tulevaisuus ja tilaaminen - Kivennapaseura","og_description":"Kes\u00e4kuun alussa 2023 jaettiin uuden Karjala-lehden n\u00e4ytenumero Karjalan Liiton j\u00e4senille Karjalan Kunnaat -j\u00e4senlehden mukana.","og_url":"https:\/\/kivennapaseura.fi\/?p=5792","og_site_name":"Kivennapaseura","article_published_time":"2023-07-04T14:32:11+00:00","article_modified_time":"2023-07-04T18:35:00+00:00","og_image":[{"width":1350,"height":1080,"url":"http:\/\/kivennapaseura.fi\/wp-content\/uploads\/2023\/07\/Karjala_lehti-1.jpg","type":"image\/jpeg"}],"twitter_card":"summary_large_image","twitter_image":"https:\/\/kivennapaseura.fi\/wp-content\/uploads\/2023\/07\/Karjala_lehti-1.jpg","twitter_misc":{"Kirjoittanut":"Helena Tapper","Arvioitu lukuaika":"2 minuuttia"},"schema":{"@context":"https:\/\/schema.org","@graph":[{"@type":"WebSite","@id":"https:\/\/kivennapaseura.fi\/#website","url":"https:\/\/kivennapaseura.fi\/","name":"Kivennapaseura","description":"Kivennapaseuran kotisivut","potentialAction":[{"@type":"SearchAction","target":{"@type":"EntryPoint","urlTemplate":"https:\/\/kivennapaseura.fi\/?s={search_term_string}"},"query-input":"required name=search_term_string"}],"inLanguage":"fi"},{"@type":"ImageObject","inLanguage":"fi","@id":"https:\/\/kivennapaseura.fi\/?p=5792#primaryimage","url":"https:\/\/kivennapaseura.fi\/wp-content\/uploads\/2023\/07\/Karjala_lehti-1.jpg","contentUrl":"https:\/\/kivennapaseura.fi\/wp-content\/uploads\/2023\/07\/Karjala_lehti-1.jpg","width":1350,"height":1080,"caption":"Karjala-lehden logo ja lehden nimi punaisella taustalla."},{"@type":"WebPage","@id":"https:\/\/kivennapaseura.fi\/?p=5792#webpage","url":"https:\/\/kivennapaseura.fi\/?p=5792","name":"Karjala-lehden tulevaisuus ja tilaaminen - Kivennapaseura","isPartOf":{"@id":"https:\/\/kivennapaseura.fi\/#website"},"primaryImageOfPage":{"@id":"https:\/\/kivennapaseura.fi\/?p=5792#primaryimage"},"datePublished":"2023-07-04T14:32:11+00:00","dateModified":"2023-07-04T18:35:00+00:00","author":{"@id":"https:\/\/kivennapaseura.fi\/#\/schema\/person\/298db6dfe73365852431a8fff521ec99"},"description":"Kes\u00e4kuun alussa 2023 jaettiin uuden Karjala-lehden n\u00e4ytenumero Karjalan Liiton j\u00e4senille Karjalan Kunnaat -j\u00e4senlehden mukana.","breadcrumb":{"@id":"https:\/\/kivennapaseura.fi\/?p=5792#breadcrumb"},"inLanguage":"fi","potentialAction":[{"@type":"ReadAction","target":["https:\/\/kivennapaseura.fi\/?p=5792"]}]},{"@type":"BreadcrumbList","@id":"https:\/\/kivennapaseura.fi\/?p=5792#breadcrumb","itemListElement":[{"@type":"ListItem","position":1,"name":"Etusivu","item":"https:\/\/kivennapaseura.fi\/"},{"@type":"ListItem","position":2,"name":"Karjala-lehden tulevaisuus ja tilaaminen"}]},{"@type":"Person","@id":"https:\/\/kivennapaseura.fi\/#\/schema\/person\/298db6dfe73365852431a8fff521ec99","name":"Helena Tapper","image":{"@type":"ImageObject","inLanguage":"fi","@id":"https:\/\/kivennapaseura.fi\/#\/schema\/person\/image\/","url":"https:\/\/secure.gravatar.com\/avatar\/32dc21370ae967f1f164e629ddfce254?s=96&d=mm&r=g","contentUrl":"https:\/\/secure.gravatar.com\/avatar\/32dc21370ae967f1f164e629ddfce254?s=96&d=mm&r=g","caption":"Helena Tapper"},"url":"https:\/\/kivennapaseura.fi\/?author=8"}]}},"_links":{"self":[{"href":"https:\/\/kivennapaseura.fi\/index.php?rest_route=\/wp\/v2\/posts\/5792"}],"collection":[{"href":"https:\/\/kivennapaseura.fi\/index.php?rest_route=\/wp\/v2\/posts"}],"about":[{"href":"https:\/\/kivennapaseura.fi\/index.php?rest_route=\/wp\/v2\/types\/post"}],"author":[{"embeddable":true,"href":"https:\/\/kivennapaseura.fi\/index.php?rest_route=\/wp\/v2\/users\/8"}],"replies":[{"embeddable":true,"href":"https:\/\/kivennapaseura.fi\/index.php?rest_route=%2Fwp%2Fv2%2Fcomments&post=5792"}],"version-history":[{"count":7,"href":"https:\/\/kivennapaseura.fi\/index.php?rest_route=\/wp\/v2\/posts\/5792\/revisions"}],"predecessor-version":[{"id":5807,"href":"https:\/\/kivennapaseura.fi\/index.php?rest_route=\/wp\/v2\/posts\/5792\/revisions\/5807"}],"wp:featuredmedia":[{"embeddable":true,"href":"https:\/\/kivennapaseura.fi\/index.php?rest_route=\/wp\/v2\/media\/5795"}],"wp:attachment":[{"href":"https:\/\/kivennapaseura.fi\/index.php?rest_route=%2Fwp%2Fv2%2Fmedia&parent=5792"}],"wp:term":[{"taxonomy":"category","embeddable":true,"href":"https:\/\/kivennapaseura.fi\/index.php?rest_route=%2Fwp%2Fv2%2Fcategories&post=5792"},{"taxonomy":"post_tag","embeddable":true,"href":"https:\/\/kivennapaseura.fi\/index.php?rest_route=%2Fwp%2Fv2%2Ftags&post=5792"}],"curies":[{"name":"wp","href":"https:\/\/api.w.org\/{rel}","templated":true}]}}