{"id":5839,"date":"2023-09-03T19:20:13","date_gmt":"2023-09-03T16:20:13","guid":{"rendered":"https:\/\/kivennapaseura.fi\/?p=5839"},"modified":"2024-07-03T14:01:09","modified_gmt":"2024-07-03T11:01:09","slug":"kivennavan-75-kihut-kokosivat-yli-200-osallistujaa-hameenlinnaan","status":"publish","type":"post","link":"https:\/\/kivennapaseura.fi\/?p=5839","title":{"rendered":"Kivennavan 75. Kihut kokosivat yli 200 osallistujaa H\u00e4meenlinnaan"},"content":{"rendered":"\n<p>Kihut olivat j\u00e4lleen kerran l\u00e4mminhenkinen tapahtuma, johon kokoontui kivennapalaisia ja heid\u00e4n sukuaan ja yst\u00e4vi\u00e4\u00e4n 6.8. H\u00e4meenlinnaan. Juhla alkoi jumalanpalveluksella H\u00e4meenlinnan kirkossa, jossa kuultiin jumalanpalveluksen lis\u00e4ksi Kivennavan kirkon kelloja, kun poisnukkuneiden nimet oli luettu. Perinteinen juhlakulkue kokosi runsaasti v\u00e4ke\u00e4.<br><\/p>\n\n\n\n<figure class=\"wp-block-image size-large\"><a href=\"http:\/\/kivennapaseura.fi\/wp-content\/uploads\/2023\/09\/Kivennavan_kihut_2023.jpg\"><img loading=\"lazy\" width=\"510\" height=\"383\" src=\"http:\/\/kivennapaseura.fi\/wp-content\/uploads\/2023\/09\/Kivennavan_kihut_2023-510x383.jpg\" alt=\"Ihmisi\u00e4 kansallispuvuissa kylttien ja lippujen kanssa.\" class=\"wp-image-5841\" srcset=\"https:\/\/kivennapaseura.fi\/wp-content\/uploads\/2023\/09\/Kivennavan_kihut_2023-510x383.jpg 510w, https:\/\/kivennapaseura.fi\/wp-content\/uploads\/2023\/09\/Kivennavan_kihut_2023-300x225.jpg 300w, https:\/\/kivennapaseura.fi\/wp-content\/uploads\/2023\/09\/Kivennavan_kihut_2023-768x576.jpg 768w, https:\/\/kivennapaseura.fi\/wp-content\/uploads\/2023\/09\/Kivennavan_kihut_2023-1536x1152.jpg 1536w, https:\/\/kivennapaseura.fi\/wp-content\/uploads\/2023\/09\/Kivennavan_kihut_2023.jpg 2048w\" sizes=\"(max-width: 510px) 100vw, 510px\" \/><\/a><figcaption><em>Juhlav\u00e4ke\u00e4 H\u00e4meenlinnassa.<\/em><\/figcaption><\/figure>\n\n\n\n<p><br>P\u00e4\u00e4juhla pidettiin Kauriaran koululla. Seuran puheenjohtaja Pentti M\u00e4kinen korosti tervetuloapuheessaan sit\u00e4, miten Ukrainan tilanne on tuonut menneisyyden tapahtumat el\u00e4v\u00e4sti mieleen ja miten t\u00e4rke\u00e4\u00e4 on osoittaa tukea Ukrainalle n\u00e4in\u00e4 aikoina. Kivennapa-S\u00e4\u00e4ti\u00f6n hallituksen puheenjohtaja Marja Halme toi esiin nuorten merkityksen karjalaisten juurien etsinn\u00e4ss\u00e4 ja kertoi S\u00e4\u00e4ti\u00f6n tukemasta Lahden Diakoniaopiston toteuttamasta lyhytelokuvasta Syd\u00e4men arkeologia. Se on nuorten opiskelijoiden toteuttama elokuva, joka oli juuri valmistunut ja se esitet\u00e4\u00e4n Kivennapa-S\u00e4\u00e4ti\u00f6n 70-vuotisjuhlassa 8.10. Karjalatalolla. Marja Halme toivotti kaikki tervetulleiksi juhlaan. Kihuissa Riitta Hietanen lausui kauniisti ja osaavasti karjalaisiakin runoja.<br><br>Mikko Porvali piti juhlaesitelm\u00e4n aiheesta P\u00e4\u00e4majan kaukopartiomiesten vaiheita sotavuosina. Kaukopartiomiesten el\u00e4m\u00e4 on my\u00f6s taltioitu Porvalin kirjoittamiin kirjoihin. Marja Pihkala esitteli Kivennavan kansallispukuja ja Raija Levo kokosi yhteen \u00e4\u00e4nestyksen tulokset, mist\u00e4 kylist\u00e4 olemme l\u00e4ht\u00f6isin. Ahj\u00e4rven kyl\u00e4 voitti jo toisen kerran.<br><br>Seppo Lankinen juonsi juhlan ja esitti haitarimusiikkia ansiokkaasti.<br><br><\/p>\n\n\n\n<p>Lis\u00e4tietoja:<br>\u2013&nbsp;<a href=\"https:\/\/kivennapaseura.fi\/?page_id=165\">Kihujen historia<\/a><br>\u2013&nbsp;<a href=\"https:\/\/kivennapaseura.fi\/?page_id=4938\">Kihujen paikkakunnat<\/a><br><br><em>Julkaistu: 3.9.2023<\/em><br><em>Teksti: Helena Tapper<br>Julkaisija: Riitta Taarasti<\/em><\/p>\n\n\n\n<h6>Asiasanat<\/h6>\n\n\n<div class=\"taxonomy-post_tag wp-block-post-terms\"><a href=\"https:\/\/kivennapaseura.fi\/?tag=juhlaperinne\" rel=\"tag\">juhlaperinne<\/a><span class=\"wp-block-post-terms__separator\">, <\/span><a href=\"https:\/\/kivennapaseura.fi\/?tag=kihut\" rel=\"tag\">kihut<\/a><span class=\"wp-block-post-terms__separator\">, <\/span><a href=\"https:\/\/kivennapaseura.fi\/?tag=kivennavan-kihut\" rel=\"tag\">Kivennavan kihut<\/a><span class=\"wp-block-post-terms__separator\">, <\/span><a href=\"https:\/\/kivennapaseura.fi\/?tag=kylat\" rel=\"tag\">kyl\u00e4t<\/a><span class=\"wp-block-post-terms__separator\">, <\/span><a href=\"https:\/\/kivennapaseura.fi\/?tag=tapahtumat\" rel=\"tag\">tapahtumat<\/a><\/div>","protected":false},"excerpt":{"rendered":"<p>Kihut olivat j\u00e4lleen kerran l\u00e4mminhenkinen tapahtuma, johon kokoontui kivennapalaisia ja heid\u00e4n sukuaan ja yst\u00e4vi\u00e4\u00e4n 6.8. H\u00e4meenlinnaan. Juhla alkoi jumalanpalveluksella H\u00e4meenlinnan kirkossa, jossa kuultiin jumalanpalveluksen lis\u00e4ksi Kivennavan kirkon kelloja, kun poisnukkuneiden nimet oli luettu. Perinteinen juhlakulkue kokosi runsaasti v\u00e4ke\u00e4. P\u00e4\u00e4juhla pidettiin Kauriaran koululla. Seuran puheenjohtaja Pentti M\u00e4kinen korosti tervetuloapuheessaan sit\u00e4, miten Ukrainan tilanne on tuonut menneisyyden &hellip;<\/p>\n<p class=\"read-more\"> <a class=\"\" href=\"https:\/\/kivennapaseura.fi\/?p=5839\"> <span class=\"screen-reader-text\">Kivennavan 75. Kihut kokosivat yli 200 osallistujaa H\u00e4meenlinnaan<\/span> Lue lis\u00e4\u00e4 &raquo;<\/a><\/p>\n","protected":false},"author":8,"featured_media":5841,"comment_status":"closed","ping_status":"closed","sticky":false,"template":"","format":"standard","meta":{"site-sidebar-layout":"default","site-content-layout":"default","ast-global-header-display":"","ast-main-header-display":"","ast-hfb-above-header-display":"","ast-hfb-below-header-display":"","ast-hfb-mobile-header-display":"","site-post-title":"","ast-breadcrumbs-content":"","ast-featured-img":"disabled","footer-sml-layout":"","theme-transparent-header-meta":"","adv-header-id-meta":"","stick-header-meta":"","header-above-stick-meta":"","header-main-stick-meta":"","header-below-stick-meta":""},"categories":[130],"tags":[147,18,357,109,12],"yoast_head":"<!-- This site is optimized with the Yoast SEO plugin v18.8 - https:\/\/yoast.com\/wordpress\/plugins\/seo\/ -->\n<title>Kivennavan 75. Kihut kokosivat yli 200 osallistujaa H\u00e4meenlinnaan - Kivennapaseura<\/title>\n<meta name=\"description\" content=\"Kivennavan 75. Kihut kokosivat yli 200 osallistujaa H\u00e4meenlinnaan. Kihuille kokoontui kivennapalaisia, heid\u00e4n sukuaan ja yst\u00e4vi\u00e4\u00e4n 6.8.2023.\" \/>\n<meta name=\"robots\" content=\"index, follow, max-snippet:-1, max-image-preview:large, max-video-preview:-1\" \/>\n<link rel=\"canonical\" href=\"https:\/\/kivennapaseura.fi\/?p=5839\" \/>\n<meta property=\"og:locale\" content=\"fi_FI\" \/>\n<meta property=\"og:type\" content=\"article\" \/>\n<meta property=\"og:title\" content=\"Kivennavan 75. Kihut kokosivat yli 200 osallistujaa H\u00e4meenlinnaan - Kivennapaseura\" \/>\n<meta property=\"og:description\" content=\"Kivennavan 75. Kihut kokosivat yli 200 osallistujaa H\u00e4meenlinnaan. Kihuille kokoontui kivennapalaisia, heid\u00e4n sukuaan ja yst\u00e4vi\u00e4\u00e4n 6.8.2023.\" \/>\n<meta property=\"og:url\" content=\"https:\/\/kivennapaseura.fi\/?p=5839\" \/>\n<meta property=\"og:site_name\" content=\"Kivennapaseura\" \/>\n<meta property=\"article:published_time\" content=\"2023-09-03T16:20:13+00:00\" \/>\n<meta property=\"article:modified_time\" content=\"2024-07-03T11:01:09+00:00\" \/>\n<meta property=\"og:image\" content=\"http:\/\/kivennapaseura.fi\/wp-content\/uploads\/2023\/09\/Kivennavan_kihut_2023.jpg\" \/>\n\t<meta property=\"og:image:width\" content=\"2048\" \/>\n\t<meta property=\"og:image:height\" content=\"1536\" \/>\n\t<meta property=\"og:image:type\" content=\"image\/jpeg\" \/>\n<meta name=\"twitter:card\" content=\"summary_large_image\" \/>\n<meta name=\"twitter:image\" content=\"https:\/\/kivennapaseura.fi\/wp-content\/uploads\/2023\/09\/Kivennavan_kihut_2023.jpg\" \/>\n<meta name=\"twitter:label1\" content=\"Kirjoittanut\" \/>\n\t<meta name=\"twitter:data1\" content=\"Helena Tapper\" \/>\n\t<meta name=\"twitter:label2\" content=\"Arvioitu lukuaika\" \/>\n\t<meta name=\"twitter:data2\" content=\"2 minuuttia\" \/>\n<script type=\"application\/ld+json\" class=\"yoast-schema-graph\">{\"@context\":\"https:\/\/schema.org\",\"@graph\":[{\"@type\":\"WebSite\",\"@id\":\"https:\/\/kivennapaseura.fi\/#website\",\"url\":\"https:\/\/kivennapaseura.fi\/\",\"name\":\"Kivennapaseura\",\"description\":\"Kivennapaseuran kotisivut\",\"potentialAction\":[{\"@type\":\"SearchAction\",\"target\":{\"@type\":\"EntryPoint\",\"urlTemplate\":\"https:\/\/kivennapaseura.fi\/?s={search_term_string}\"},\"query-input\":\"required name=search_term_string\"}],\"inLanguage\":\"fi\"},{\"@type\":\"ImageObject\",\"inLanguage\":\"fi\",\"@id\":\"https:\/\/kivennapaseura.fi\/?p=5839#primaryimage\",\"url\":\"https:\/\/kivennapaseura.fi\/wp-content\/uploads\/2023\/09\/Kivennavan_kihut_2023.jpg\",\"contentUrl\":\"https:\/\/kivennapaseura.fi\/wp-content\/uploads\/2023\/09\/Kivennavan_kihut_2023.jpg\",\"width\":2048,\"height\":1536,\"caption\":\"Ihmisi\u00e4 kansallispuvuissa kylttien ja lippujen kanssa.\"},{\"@type\":\"WebPage\",\"@id\":\"https:\/\/kivennapaseura.fi\/?p=5839#webpage\",\"url\":\"https:\/\/kivennapaseura.fi\/?p=5839\",\"name\":\"Kivennavan 75. Kihut kokosivat yli 200 osallistujaa H\u00e4meenlinnaan - Kivennapaseura\",\"isPartOf\":{\"@id\":\"https:\/\/kivennapaseura.fi\/#website\"},\"primaryImageOfPage\":{\"@id\":\"https:\/\/kivennapaseura.fi\/?p=5839#primaryimage\"},\"datePublished\":\"2023-09-03T16:20:13+00:00\",\"dateModified\":\"2024-07-03T11:01:09+00:00\",\"author\":{\"@id\":\"https:\/\/kivennapaseura.fi\/#\/schema\/person\/298db6dfe73365852431a8fff521ec99\"},\"description\":\"Kivennavan 75. Kihut kokosivat yli 200 osallistujaa H\u00e4meenlinnaan. Kihuille kokoontui kivennapalaisia, heid\u00e4n sukuaan ja yst\u00e4vi\u00e4\u00e4n 6.8.2023.\",\"breadcrumb\":{\"@id\":\"https:\/\/kivennapaseura.fi\/?p=5839#breadcrumb\"},\"inLanguage\":\"fi\",\"potentialAction\":[{\"@type\":\"ReadAction\",\"target\":[\"https:\/\/kivennapaseura.fi\/?p=5839\"]}]},{\"@type\":\"BreadcrumbList\",\"@id\":\"https:\/\/kivennapaseura.fi\/?p=5839#breadcrumb\",\"itemListElement\":[{\"@type\":\"ListItem\",\"position\":1,\"name\":\"Etusivu\",\"item\":\"https:\/\/kivennapaseura.fi\/\"},{\"@type\":\"ListItem\",\"position\":2,\"name\":\"Kivennavan 75. Kihut kokosivat yli 200 osallistujaa H\u00e4meenlinnaan\"}]},{\"@type\":\"Person\",\"@id\":\"https:\/\/kivennapaseura.fi\/#\/schema\/person\/298db6dfe73365852431a8fff521ec99\",\"name\":\"Helena Tapper\",\"image\":{\"@type\":\"ImageObject\",\"inLanguage\":\"fi\",\"@id\":\"https:\/\/kivennapaseura.fi\/#\/schema\/person\/image\/\",\"url\":\"https:\/\/secure.gravatar.com\/avatar\/32dc21370ae967f1f164e629ddfce254?s=96&d=mm&r=g\",\"contentUrl\":\"https:\/\/secure.gravatar.com\/avatar\/32dc21370ae967f1f164e629ddfce254?s=96&d=mm&r=g\",\"caption\":\"Helena Tapper\"},\"url\":\"https:\/\/kivennapaseura.fi\/?author=8\"}]}<\/script>\n<!-- \/ Yoast SEO plugin. -->","yoast_head_json":{"title":"Kivennavan 75. Kihut kokosivat yli 200 osallistujaa H\u00e4meenlinnaan - Kivennapaseura","description":"Kivennavan 75. Kihut kokosivat yli 200 osallistujaa H\u00e4meenlinnaan. Kihuille kokoontui kivennapalaisia, heid\u00e4n sukuaan ja yst\u00e4vi\u00e4\u00e4n 6.8.2023.","robots":{"index":"index","follow":"follow","max-snippet":"max-snippet:-1","max-image-preview":"max-image-preview:large","max-video-preview":"max-video-preview:-1"},"canonical":"https:\/\/kivennapaseura.fi\/?p=5839","og_locale":"fi_FI","og_type":"article","og_title":"Kivennavan 75. Kihut kokosivat yli 200 osallistujaa H\u00e4meenlinnaan - Kivennapaseura","og_description":"Kivennavan 75. Kihut kokosivat yli 200 osallistujaa H\u00e4meenlinnaan. Kihuille kokoontui kivennapalaisia, heid\u00e4n sukuaan ja yst\u00e4vi\u00e4\u00e4n 6.8.2023.","og_url":"https:\/\/kivennapaseura.fi\/?p=5839","og_site_name":"Kivennapaseura","article_published_time":"2023-09-03T16:20:13+00:00","article_modified_time":"2024-07-03T11:01:09+00:00","og_image":[{"width":2048,"height":1536,"url":"http:\/\/kivennapaseura.fi\/wp-content\/uploads\/2023\/09\/Kivennavan_kihut_2023.jpg","type":"image\/jpeg"}],"twitter_card":"summary_large_image","twitter_image":"https:\/\/kivennapaseura.fi\/wp-content\/uploads\/2023\/09\/Kivennavan_kihut_2023.jpg","twitter_misc":{"Kirjoittanut":"Helena Tapper","Arvioitu lukuaika":"2 minuuttia"},"schema":{"@context":"https:\/\/schema.org","@graph":[{"@type":"WebSite","@id":"https:\/\/kivennapaseura.fi\/#website","url":"https:\/\/kivennapaseura.fi\/","name":"Kivennapaseura","description":"Kivennapaseuran kotisivut","potentialAction":[{"@type":"SearchAction","target":{"@type":"EntryPoint","urlTemplate":"https:\/\/kivennapaseura.fi\/?s={search_term_string}"},"query-input":"required name=search_term_string"}],"inLanguage":"fi"},{"@type":"ImageObject","inLanguage":"fi","@id":"https:\/\/kivennapaseura.fi\/?p=5839#primaryimage","url":"https:\/\/kivennapaseura.fi\/wp-content\/uploads\/2023\/09\/Kivennavan_kihut_2023.jpg","contentUrl":"https:\/\/kivennapaseura.fi\/wp-content\/uploads\/2023\/09\/Kivennavan_kihut_2023.jpg","width":2048,"height":1536,"caption":"Ihmisi\u00e4 kansallispuvuissa kylttien ja lippujen kanssa."},{"@type":"WebPage","@id":"https:\/\/kivennapaseura.fi\/?p=5839#webpage","url":"https:\/\/kivennapaseura.fi\/?p=5839","name":"Kivennavan 75. Kihut kokosivat yli 200 osallistujaa H\u00e4meenlinnaan - Kivennapaseura","isPartOf":{"@id":"https:\/\/kivennapaseura.fi\/#website"},"primaryImageOfPage":{"@id":"https:\/\/kivennapaseura.fi\/?p=5839#primaryimage"},"datePublished":"2023-09-03T16:20:13+00:00","dateModified":"2024-07-03T11:01:09+00:00","author":{"@id":"https:\/\/kivennapaseura.fi\/#\/schema\/person\/298db6dfe73365852431a8fff521ec99"},"description":"Kivennavan 75. Kihut kokosivat yli 200 osallistujaa H\u00e4meenlinnaan. Kihuille kokoontui kivennapalaisia, heid\u00e4n sukuaan ja yst\u00e4vi\u00e4\u00e4n 6.8.2023.","breadcrumb":{"@id":"https:\/\/kivennapaseura.fi\/?p=5839#breadcrumb"},"inLanguage":"fi","potentialAction":[{"@type":"ReadAction","target":["https:\/\/kivennapaseura.fi\/?p=5839"]}]},{"@type":"BreadcrumbList","@id":"https:\/\/kivennapaseura.fi\/?p=5839#breadcrumb","itemListElement":[{"@type":"ListItem","position":1,"name":"Etusivu","item":"https:\/\/kivennapaseura.fi\/"},{"@type":"ListItem","position":2,"name":"Kivennavan 75. Kihut kokosivat yli 200 osallistujaa H\u00e4meenlinnaan"}]},{"@type":"Person","@id":"https:\/\/kivennapaseura.fi\/#\/schema\/person\/298db6dfe73365852431a8fff521ec99","name":"Helena Tapper","image":{"@type":"ImageObject","inLanguage":"fi","@id":"https:\/\/kivennapaseura.fi\/#\/schema\/person\/image\/","url":"https:\/\/secure.gravatar.com\/avatar\/32dc21370ae967f1f164e629ddfce254?s=96&d=mm&r=g","contentUrl":"https:\/\/secure.gravatar.com\/avatar\/32dc21370ae967f1f164e629ddfce254?s=96&d=mm&r=g","caption":"Helena Tapper"},"url":"https:\/\/kivennapaseura.fi\/?author=8"}]}},"_links":{"self":[{"href":"https:\/\/kivennapaseura.fi\/index.php?rest_route=\/wp\/v2\/posts\/5839"}],"collection":[{"href":"https:\/\/kivennapaseura.fi\/index.php?rest_route=\/wp\/v2\/posts"}],"about":[{"href":"https:\/\/kivennapaseura.fi\/index.php?rest_route=\/wp\/v2\/types\/post"}],"author":[{"embeddable":true,"href":"https:\/\/kivennapaseura.fi\/index.php?rest_route=\/wp\/v2\/users\/8"}],"replies":[{"embeddable":true,"href":"https:\/\/kivennapaseura.fi\/index.php?rest_route=%2Fwp%2Fv2%2Fcomments&post=5839"}],"version-history":[{"count":9,"href":"https:\/\/kivennapaseura.fi\/index.php?rest_route=\/wp\/v2\/posts\/5839\/revisions"}],"predecessor-version":[{"id":5856,"href":"https:\/\/kivennapaseura.fi\/index.php?rest_route=\/wp\/v2\/posts\/5839\/revisions\/5856"}],"wp:featuredmedia":[{"embeddable":true,"href":"https:\/\/kivennapaseura.fi\/index.php?rest_route=\/wp\/v2\/media\/5841"}],"wp:attachment":[{"href":"https:\/\/kivennapaseura.fi\/index.php?rest_route=%2Fwp%2Fv2%2Fmedia&parent=5839"}],"wp:term":[{"taxonomy":"category","embeddable":true,"href":"https:\/\/kivennapaseura.fi\/index.php?rest_route=%2Fwp%2Fv2%2Fcategories&post=5839"},{"taxonomy":"post_tag","embeddable":true,"href":"https:\/\/kivennapaseura.fi\/index.php?rest_route=%2Fwp%2Fv2%2Ftags&post=5839"}],"curies":[{"name":"wp","href":"https:\/\/api.w.org\/{rel}","templated":true}]}}