{"id":5857,"date":"2023-09-09T12:04:15","date_gmt":"2023-09-09T09:04:15","guid":{"rendered":"https:\/\/kivennapaseura.fi\/?p=5857"},"modified":"2023-09-09T12:55:43","modified_gmt":"2023-09-09T09:55:43","slug":"tervetuloa-kivennapa-saation-70-vuotisjuhlaan-8-10-2023","status":"publish","type":"post","link":"https:\/\/kivennapaseura.fi\/?p=5857","title":{"rendered":"Tervetuloa Kivennapa-S\u00e4\u00e4ti\u00f6n 70-vuotisjuhlaan 8.10.2023\u00a0"},"content":{"rendered":"\n<p>Kivennapa-S\u00e4\u00e4ti\u00f6 toivottaa kaikki l\u00e4mpim\u00e4sti tervetulleiksi \u201dKatse tulevaisuuteen\u201d -juhlaseminaariin. Kivennapa-S\u00e4\u00e4ti\u00f6n 70-vuotisjuhlaa vietet\u00e4\u00e4n Karjalatalolla sunnuntaina 8.10.2023 klo 13 \u2013 17. Karjalatalo sijaitsee Helsingin K\u00e4pyl\u00e4ss\u00e4 osoitteessa K\u00e4pyl\u00e4nkuja 1.<\/p>\n\n\n\n<p>Seminaari on maksuton ja avoin kaikille. Kahvitarjoilun vuoksi Kivennapa-S\u00e4\u00e4ti\u00f6 toivoo ilmoittautumista s\u00e4hk\u00f6postitse osoitteeseen info@kivennapasaatio.net viimeist\u00e4\u00e4n 2.10.<\/p>\n\n\n\n<figure class=\"wp-block-image size-full\"><a href=\"https:\/\/kivennapaseura.fi\/wp-content\/uploads\/2023\/09\/Kutsu_Kivennapasaatio_juhlaseminaari.pdf\"><img src=\"http:\/\/kivennapaseura.fi\/wp-content\/uploads\/2023\/09\/Kivennapa-Saatio-70_kutsu_osa1.jpeg\" alt=\"\" class=\"wp-image-5863\"\/><\/a><\/figure>\n\n\n\n<figure class=\"wp-block-image size-full\"><a href=\"https:\/\/kivennapaseura.fi\/wp-content\/uploads\/2023\/09\/Kutsu_Kivennapasaatio_juhlaseminaari.pdf\"><img loading=\"lazy\" width=\"313\" height=\"680\" src=\"http:\/\/kivennapaseura.fi\/wp-content\/uploads\/2023\/09\/Kivennapa-Saatio-70_kutsu_osa2.jpeg\" alt=\"\" class=\"wp-image-5863\" srcset=\"https:\/\/kivennapaseura.fi\/wp-content\/uploads\/2023\/09\/Kivennapa-Saatio-70_kutsu_osa2.jpeg 313w, https:\/\/kivennapaseura.fi\/wp-content\/uploads\/2023\/09\/Kivennapa-Saatio-70_kutsu_osa2-138x300.jpeg 138w\" sizes=\"(max-width: 313px) 100vw, 313px\" \/><\/a><\/figure>\n\n\n\n<p><br>Lis\u00e4tietoja:<\/p>\n\n\n\n<p><a href=\"http:\/\/kivennapaseura.fi\/wp-content\/uploads\/2023\/09\/Kutsu_Kivennapasaatio_juhlaseminaari.pdf\">Kutsu juhlaan pdf-muodossa<\/a><br><a href=\"https:\/\/kivennapaseura.fi\/?p=5674\">Lue lis\u00e4\u00e4 lyhytelokuvasta<\/a><br><a href=\"https:\/\/www.facebook.com\/TheatrumOlga\/?locale=fi_FI\">Theatrum Olga -opiskelijateatteri Facebookissa<\/a><br><a href=\"https:\/\/www.kivennapasaatio.net\/\">Kivennapa-S\u00e4\u00e4ti\u00f6n kotisivut<\/a><br><\/p>\n\n\n\n<p><br><em>Julkaistu 9.9.2023<\/em><\/p>\n\n\n\n<h6>Asiasanat<\/h6>\n\n\n<div class=\"taxonomy-post_tag wp-block-post-terms\"><a href=\"https:\/\/kivennapaseura.fi\/?tag=juhlat\" rel=\"tag\">juhlat<\/a><span class=\"wp-block-post-terms__separator\">, <\/span><a href=\"https:\/\/kivennapaseura.fi\/?tag=kivennapa\" rel=\"tag\">Kivennapa<\/a><span class=\"wp-block-post-terms__separator\">, <\/span><a href=\"https:\/\/kivennapaseura.fi\/?tag=kivennapa-saatio\" rel=\"tag\">Kivennapa-S\u00e4\u00e4ti\u00f6<\/a><span class=\"wp-block-post-terms__separator\">, <\/span><a href=\"https:\/\/kivennapaseura.fi\/?tag=tapahtumat\" rel=\"tag\">tapahtumat<\/a><\/div>","protected":false},"excerpt":{"rendered":"<p>Kivennapa-S\u00e4\u00e4ti\u00f6 toivottaa kaikki l\u00e4mpim\u00e4sti tervetulleiksi \u201dKatse tulevaisuuteen\u201d -juhlaseminaariin. Kivennapa-S\u00e4\u00e4ti\u00f6n 70-vuotisjuhlaa vietet\u00e4\u00e4n Karjalatalolla sunnuntaina 8.10.2023 klo 13 \u2013 17. Karjalatalo sijaitsee Helsingin K\u00e4pyl\u00e4ss\u00e4 osoitteessa K\u00e4pyl\u00e4nkuja 1. Seminaari on maksuton ja avoin kaikille. Kahvitarjoilun vuoksi Kivennapa-S\u00e4\u00e4ti\u00f6 toivoo ilmoittautumista s\u00e4hk\u00f6postitse osoitteeseen info@kivennapasaatio.net viimeist\u00e4\u00e4n 2.10. Lis\u00e4tietoja: Kutsu juhlaan pdf-muodossaLue lis\u00e4\u00e4 lyhytelokuvastaTheatrum Olga -opiskelijateatteri FacebookissaKivennapa-S\u00e4\u00e4ti\u00f6n kotisivut Julkaistu 9.9.2023 Asiasanat<\/p>\n","protected":false},"author":7,"featured_media":5865,"comment_status":"closed","ping_status":"closed","sticky":false,"template":"","format":"standard","meta":{"site-sidebar-layout":"default","site-content-layout":"default","ast-global-header-display":"","ast-main-header-display":"","ast-hfb-above-header-display":"","ast-hfb-below-header-display":"","ast-hfb-mobile-header-display":"","site-post-title":"","ast-breadcrumbs-content":"","ast-featured-img":"disabled","footer-sml-layout":"","theme-transparent-header-meta":"","adv-header-id-meta":"","stick-header-meta":"","header-above-stick-meta":"","header-main-stick-meta":"","header-below-stick-meta":""},"categories":[130],"tags":[243,17,232,12],"yoast_head":"<!-- This site is optimized with the Yoast SEO plugin v18.8 - https:\/\/yoast.com\/wordpress\/plugins\/seo\/ -->\n<title>Tervetuloa Kivennapa-S\u00e4\u00e4ti\u00f6n 70-vuotisjuhlaan 8.10.2023\u00a0 - Kivennapaseura<\/title>\n<meta name=\"description\" content=\"Kivennapa-S\u00e4\u00e4ti\u00f6n 70-vuotisjuhlaa vietet\u00e4\u00e4n Karjalatalolla sunnuntaina 8.10.2023 klo 13 \u2013 17.\" \/>\n<meta name=\"robots\" content=\"index, follow, max-snippet:-1, max-image-preview:large, max-video-preview:-1\" \/>\n<link rel=\"canonical\" href=\"https:\/\/kivennapaseura.fi\/?p=5857\" \/>\n<meta property=\"og:locale\" content=\"fi_FI\" \/>\n<meta property=\"og:type\" content=\"article\" \/>\n<meta property=\"og:title\" content=\"Tervetuloa Kivennapa-S\u00e4\u00e4ti\u00f6n 70-vuotisjuhlaan 8.10.2023\u00a0 - Kivennapaseura\" \/>\n<meta property=\"og:description\" content=\"Kivennapa-S\u00e4\u00e4ti\u00f6n 70-vuotisjuhlaa vietet\u00e4\u00e4n Karjalatalolla sunnuntaina 8.10.2023 klo 13 \u2013 17.\" \/>\n<meta property=\"og:url\" content=\"https:\/\/kivennapaseura.fi\/?p=5857\" \/>\n<meta property=\"og:site_name\" content=\"Kivennapaseura\" \/>\n<meta property=\"article:published_time\" content=\"2023-09-09T09:04:15+00:00\" \/>\n<meta property=\"article:modified_time\" content=\"2023-09-09T09:55:43+00:00\" \/>\n<meta property=\"og:image\" content=\"http:\/\/kivennapaseura.fi\/wp-content\/uploads\/2023\/09\/Kivennapa_Saatio_70v_kutsu_fb.jpg\" \/>\n\t<meta property=\"og:image:width\" content=\"1200\" \/>\n\t<meta property=\"og:image:height\" content=\"628\" \/>\n\t<meta property=\"og:image:type\" content=\"image\/jpeg\" \/>\n<meta name=\"twitter:card\" content=\"summary_large_image\" \/>\n<meta name=\"twitter:image\" content=\"https:\/\/kivennapaseura.fi\/wp-content\/uploads\/2023\/09\/Kivennapa_Saatio_70v_kutsu_fb.jpg\" \/>\n<meta name=\"twitter:label1\" content=\"Kirjoittanut\" \/>\n\t<meta name=\"twitter:data1\" content=\"Riitta Taarasti\" \/>\n\t<meta name=\"twitter:label2\" content=\"Arvioitu lukuaika\" \/>\n\t<meta name=\"twitter:data2\" content=\"1 minuutti\" \/>\n<script type=\"application\/ld+json\" class=\"yoast-schema-graph\">{\"@context\":\"https:\/\/schema.org\",\"@graph\":[{\"@type\":\"WebSite\",\"@id\":\"https:\/\/kivennapaseura.fi\/#website\",\"url\":\"https:\/\/kivennapaseura.fi\/\",\"name\":\"Kivennapaseura\",\"description\":\"Kivennapaseuran kotisivut\",\"potentialAction\":[{\"@type\":\"SearchAction\",\"target\":{\"@type\":\"EntryPoint\",\"urlTemplate\":\"https:\/\/kivennapaseura.fi\/?s={search_term_string}\"},\"query-input\":\"required name=search_term_string\"}],\"inLanguage\":\"fi\"},{\"@type\":\"ImageObject\",\"inLanguage\":\"fi\",\"@id\":\"https:\/\/kivennapaseura.fi\/?p=5857#primaryimage\",\"url\":\"https:\/\/kivennapaseura.fi\/wp-content\/uploads\/2023\/09\/Kivennapa_Saatio_70v_kutsu_fb.jpg\",\"contentUrl\":\"https:\/\/kivennapaseura.fi\/wp-content\/uploads\/2023\/09\/Kivennapa_Saatio_70v_kutsu_fb.jpg\",\"width\":1200,\"height\":628},{\"@type\":\"WebPage\",\"@id\":\"https:\/\/kivennapaseura.fi\/?p=5857#webpage\",\"url\":\"https:\/\/kivennapaseura.fi\/?p=5857\",\"name\":\"Tervetuloa Kivennapa-S\u00e4\u00e4ti\u00f6n 70-vuotisjuhlaan 8.10.2023\u00a0 - Kivennapaseura\",\"isPartOf\":{\"@id\":\"https:\/\/kivennapaseura.fi\/#website\"},\"primaryImageOfPage\":{\"@id\":\"https:\/\/kivennapaseura.fi\/?p=5857#primaryimage\"},\"datePublished\":\"2023-09-09T09:04:15+00:00\",\"dateModified\":\"2023-09-09T09:55:43+00:00\",\"author\":{\"@id\":\"https:\/\/kivennapaseura.fi\/#\/schema\/person\/2c20136aecc32ddceb55e631be265d56\"},\"description\":\"Kivennapa-S\u00e4\u00e4ti\u00f6n 70-vuotisjuhlaa vietet\u00e4\u00e4n Karjalatalolla sunnuntaina 8.10.2023 klo 13 \u2013 17.\",\"breadcrumb\":{\"@id\":\"https:\/\/kivennapaseura.fi\/?p=5857#breadcrumb\"},\"inLanguage\":\"fi\",\"potentialAction\":[{\"@type\":\"ReadAction\",\"target\":[\"https:\/\/kivennapaseura.fi\/?p=5857\"]}]},{\"@type\":\"BreadcrumbList\",\"@id\":\"https:\/\/kivennapaseura.fi\/?p=5857#breadcrumb\",\"itemListElement\":[{\"@type\":\"ListItem\",\"position\":1,\"name\":\"Etusivu\",\"item\":\"https:\/\/kivennapaseura.fi\/\"},{\"@type\":\"ListItem\",\"position\":2,\"name\":\"Tervetuloa Kivennapa-S\u00e4\u00e4ti\u00f6n 70-vuotisjuhlaan 8.10.2023\u00a0\"}]},{\"@type\":\"Person\",\"@id\":\"https:\/\/kivennapaseura.fi\/#\/schema\/person\/2c20136aecc32ddceb55e631be265d56\",\"name\":\"Riitta Taarasti\",\"image\":{\"@type\":\"ImageObject\",\"inLanguage\":\"fi\",\"@id\":\"https:\/\/kivennapaseura.fi\/#\/schema\/person\/image\/\",\"url\":\"https:\/\/secure.gravatar.com\/avatar\/5e780fda4bde16bb4fafbb9386e51ecc?s=96&d=mm&r=g\",\"contentUrl\":\"https:\/\/secure.gravatar.com\/avatar\/5e780fda4bde16bb4fafbb9386e51ecc?s=96&d=mm&r=g\",\"caption\":\"Riitta Taarasti\"},\"url\":\"https:\/\/kivennapaseura.fi\/?author=7\"}]}<\/script>\n<!-- \/ Yoast SEO plugin. -->","yoast_head_json":{"title":"Tervetuloa Kivennapa-S\u00e4\u00e4ti\u00f6n 70-vuotisjuhlaan 8.10.2023\u00a0 - Kivennapaseura","description":"Kivennapa-S\u00e4\u00e4ti\u00f6n 70-vuotisjuhlaa vietet\u00e4\u00e4n Karjalatalolla sunnuntaina 8.10.2023 klo 13 \u2013 17.","robots":{"index":"index","follow":"follow","max-snippet":"max-snippet:-1","max-image-preview":"max-image-preview:large","max-video-preview":"max-video-preview:-1"},"canonical":"https:\/\/kivennapaseura.fi\/?p=5857","og_locale":"fi_FI","og_type":"article","og_title":"Tervetuloa Kivennapa-S\u00e4\u00e4ti\u00f6n 70-vuotisjuhlaan 8.10.2023\u00a0 - Kivennapaseura","og_description":"Kivennapa-S\u00e4\u00e4ti\u00f6n 70-vuotisjuhlaa vietet\u00e4\u00e4n Karjalatalolla sunnuntaina 8.10.2023 klo 13 \u2013 17.","og_url":"https:\/\/kivennapaseura.fi\/?p=5857","og_site_name":"Kivennapaseura","article_published_time":"2023-09-09T09:04:15+00:00","article_modified_time":"2023-09-09T09:55:43+00:00","og_image":[{"width":1200,"height":628,"url":"http:\/\/kivennapaseura.fi\/wp-content\/uploads\/2023\/09\/Kivennapa_Saatio_70v_kutsu_fb.jpg","type":"image\/jpeg"}],"twitter_card":"summary_large_image","twitter_image":"https:\/\/kivennapaseura.fi\/wp-content\/uploads\/2023\/09\/Kivennapa_Saatio_70v_kutsu_fb.jpg","twitter_misc":{"Kirjoittanut":"Riitta Taarasti","Arvioitu lukuaika":"1 minuutti"},"schema":{"@context":"https:\/\/schema.org","@graph":[{"@type":"WebSite","@id":"https:\/\/kivennapaseura.fi\/#website","url":"https:\/\/kivennapaseura.fi\/","name":"Kivennapaseura","description":"Kivennapaseuran kotisivut","potentialAction":[{"@type":"SearchAction","target":{"@type":"EntryPoint","urlTemplate":"https:\/\/kivennapaseura.fi\/?s={search_term_string}"},"query-input":"required name=search_term_string"}],"inLanguage":"fi"},{"@type":"ImageObject","inLanguage":"fi","@id":"https:\/\/kivennapaseura.fi\/?p=5857#primaryimage","url":"https:\/\/kivennapaseura.fi\/wp-content\/uploads\/2023\/09\/Kivennapa_Saatio_70v_kutsu_fb.jpg","contentUrl":"https:\/\/kivennapaseura.fi\/wp-content\/uploads\/2023\/09\/Kivennapa_Saatio_70v_kutsu_fb.jpg","width":1200,"height":628},{"@type":"WebPage","@id":"https:\/\/kivennapaseura.fi\/?p=5857#webpage","url":"https:\/\/kivennapaseura.fi\/?p=5857","name":"Tervetuloa Kivennapa-S\u00e4\u00e4ti\u00f6n 70-vuotisjuhlaan 8.10.2023\u00a0 - Kivennapaseura","isPartOf":{"@id":"https:\/\/kivennapaseura.fi\/#website"},"primaryImageOfPage":{"@id":"https:\/\/kivennapaseura.fi\/?p=5857#primaryimage"},"datePublished":"2023-09-09T09:04:15+00:00","dateModified":"2023-09-09T09:55:43+00:00","author":{"@id":"https:\/\/kivennapaseura.fi\/#\/schema\/person\/2c20136aecc32ddceb55e631be265d56"},"description":"Kivennapa-S\u00e4\u00e4ti\u00f6n 70-vuotisjuhlaa vietet\u00e4\u00e4n Karjalatalolla sunnuntaina 8.10.2023 klo 13 \u2013 17.","breadcrumb":{"@id":"https:\/\/kivennapaseura.fi\/?p=5857#breadcrumb"},"inLanguage":"fi","potentialAction":[{"@type":"ReadAction","target":["https:\/\/kivennapaseura.fi\/?p=5857"]}]},{"@type":"BreadcrumbList","@id":"https:\/\/kivennapaseura.fi\/?p=5857#breadcrumb","itemListElement":[{"@type":"ListItem","position":1,"name":"Etusivu","item":"https:\/\/kivennapaseura.fi\/"},{"@type":"ListItem","position":2,"name":"Tervetuloa Kivennapa-S\u00e4\u00e4ti\u00f6n 70-vuotisjuhlaan 8.10.2023\u00a0"}]},{"@type":"Person","@id":"https:\/\/kivennapaseura.fi\/#\/schema\/person\/2c20136aecc32ddceb55e631be265d56","name":"Riitta Taarasti","image":{"@type":"ImageObject","inLanguage":"fi","@id":"https:\/\/kivennapaseura.fi\/#\/schema\/person\/image\/","url":"https:\/\/secure.gravatar.com\/avatar\/5e780fda4bde16bb4fafbb9386e51ecc?s=96&d=mm&r=g","contentUrl":"https:\/\/secure.gravatar.com\/avatar\/5e780fda4bde16bb4fafbb9386e51ecc?s=96&d=mm&r=g","caption":"Riitta Taarasti"},"url":"https:\/\/kivennapaseura.fi\/?author=7"}]}},"_links":{"self":[{"href":"https:\/\/kivennapaseura.fi\/index.php?rest_route=\/wp\/v2\/posts\/5857"}],"collection":[{"href":"https:\/\/kivennapaseura.fi\/index.php?rest_route=\/wp\/v2\/posts"}],"about":[{"href":"https:\/\/kivennapaseura.fi\/index.php?rest_route=\/wp\/v2\/types\/post"}],"author":[{"embeddable":true,"href":"https:\/\/kivennapaseura.fi\/index.php?rest_route=\/wp\/v2\/users\/7"}],"replies":[{"embeddable":true,"href":"https:\/\/kivennapaseura.fi\/index.php?rest_route=%2Fwp%2Fv2%2Fcomments&post=5857"}],"version-history":[{"count":6,"href":"https:\/\/kivennapaseura.fi\/index.php?rest_route=\/wp\/v2\/posts\/5857\/revisions"}],"predecessor-version":[{"id":5869,"href":"https:\/\/kivennapaseura.fi\/index.php?rest_route=\/wp\/v2\/posts\/5857\/revisions\/5869"}],"wp:featuredmedia":[{"embeddable":true,"href":"https:\/\/kivennapaseura.fi\/index.php?rest_route=\/wp\/v2\/media\/5865"}],"wp:attachment":[{"href":"https:\/\/kivennapaseura.fi\/index.php?rest_route=%2Fwp%2Fv2%2Fmedia&parent=5857"}],"wp:term":[{"taxonomy":"category","embeddable":true,"href":"https:\/\/kivennapaseura.fi\/index.php?rest_route=%2Fwp%2Fv2%2Fcategories&post=5857"},{"taxonomy":"post_tag","embeddable":true,"href":"https:\/\/kivennapaseura.fi\/index.php?rest_route=%2Fwp%2Fv2%2Ftags&post=5857"}],"curies":[{"name":"wp","href":"https:\/\/api.w.org\/{rel}","templated":true}]}}