{"id":5871,"date":"2023-10-15T10:48:16","date_gmt":"2023-10-15T07:48:16","guid":{"rendered":"https:\/\/kivennapaseura.fi\/?p=5871"},"modified":"2024-03-17T11:13:43","modified_gmt":"2024-03-17T09:13:43","slug":"kivennapa-saatio-juhli-70-vuotista-toimintaansa-8-10-karjala-talossa","status":"publish","type":"post","link":"https:\/\/kivennapaseura.fi\/?p=5871","title":{"rendered":"Kivennapa-S\u00e4\u00e4ti\u00f6 juhli 70-vuotista toimintaansa 8.10. Karjalatalossa"},"content":{"rendered":"\n<p><strong>Kivennapa-S\u00e4\u00e4ti\u00f6t\u00e4 juhlimaan kokoontui 8.10.2023 yli 100 kivennapalaista ja heid\u00e4n j\u00e4lkel\u00e4ist\u00e4\u00e4n ja yst\u00e4vi\u00e4\u00e4n. Kivennapa-S\u00e4\u00e4ti\u00f6 tukee karjalaista perinnett\u00e4 ja historiaa koskevaa tutkimusta ja tukee mm. Kivennapaseuraa.<\/strong><br> <\/p>\n\n\n\n<p>Kivennapa-S\u00e4\u00e4ti\u00f6n hallintoneuvostoston puheenjohtaja Markku Henttinen korosti juhlapuheessa Marja Halmeen ajatuksia karjalaisuudesta. Henttinen korosti karjalaisen perinn\u00f6n merkityst\u00e4, mutta my\u00f6s katseen suuntaamista nuoriin ja tulevaan.<\/p>\n\n\n\n<figure class=\"wp-block-image size-large\"><a href=\"https:\/\/kivennapaseura.fi\/wp-content\/uploads\/2023\/10\/Markku_Henttinen.jpg\"><img loading=\"lazy\" width=\"510\" height=\"776\" src=\"https:\/\/kivennapaseura.fi\/wp-content\/uploads\/2023\/10\/Markku_Henttinen-510x776.jpg\" alt=\"\" class=\"wp-image-5873\" srcset=\"https:\/\/kivennapaseura.fi\/wp-content\/uploads\/2023\/10\/Markku_Henttinen-510x776.jpg 510w, https:\/\/kivennapaseura.fi\/wp-content\/uploads\/2023\/10\/Markku_Henttinen-197x300.jpg 197w, https:\/\/kivennapaseura.fi\/wp-content\/uploads\/2023\/10\/Markku_Henttinen.jpg 553w\" sizes=\"(max-width: 510px) 100vw, 510px\" \/><\/a><figcaption><em>Kivennapa-S\u00e4\u00e4ti\u00f6n hallintoneuvostoston puheenjohtaja Markku Henttinen. Kuva:<\/em> <em>Pentti M\u00e4kinen. <\/em><\/figcaption><\/figure>\n\n\n\n<p>Tulevaisuutta edustivat Suomen Diakoniaopiston Lahden kampuksen Theatrum Olgan nuoret, joiden toteuttama elokuva sai ensi-iltansa juhlassa. Kivennapa-S\u00e4\u00e4ti\u00f6n rahoittama elokuva &#8221;Syd\u00e4men arkeologia &#8211; kyl my\u00f6 selvit\u00e4\u00e4n&#8221; kertoo nuorten kokemuksista ja ymm\u00e4rryksest\u00e4 juuristaan karjalaisuudessa ja pyrkimyksest\u00e4 ymm\u00e4rt\u00e4\u00e4 olemassaoloaan osana sukupolvien ketjua. Elokuvan toteuttamisen ohjasi Lasse Kantola. Elokuva esitet\u00e4\u00e4n ensin Lahdessa Kino Iiriksess\u00e4, jonka j\u00e4lkeen se julkaistaan kaikkien vapaasti katsottavaksi Youtubessa.<\/p>\n\n\n\n<figure class=\"wp-block-image size-large\"><a href=\"http:\/\/kivennapaseura.fi\/wp-content\/uploads\/2023\/10\/Theatrum_Olga-2-scaled.jpg\"><img loading=\"lazy\" width=\"510\" height=\"382\" src=\"http:\/\/kivennapaseura.fi\/wp-content\/uploads\/2023\/10\/Theatrum_Olga-2-510x382.jpg\" alt=\"\" class=\"wp-image-5876\" srcset=\"https:\/\/kivennapaseura.fi\/wp-content\/uploads\/2023\/10\/Theatrum_Olga-2-510x382.jpg 510w, https:\/\/kivennapaseura.fi\/wp-content\/uploads\/2023\/10\/Theatrum_Olga-2-300x225.jpg 300w, https:\/\/kivennapaseura.fi\/wp-content\/uploads\/2023\/10\/Theatrum_Olga-2-768x576.jpg 768w, https:\/\/kivennapaseura.fi\/wp-content\/uploads\/2023\/10\/Theatrum_Olga-2-1536x1152.jpg 1536w, https:\/\/kivennapaseura.fi\/wp-content\/uploads\/2023\/10\/Theatrum_Olga-2-2048x1536.jpg 2048w\" sizes=\"(max-width: 510px) 100vw, 510px\" \/><\/a><figcaption><em>Theatrum Olgan nuoria sek\u00e4 ohjaaja Lasse Kantola. Kuva: Markku Henttinen.<\/em><\/figcaption><\/figure>\n\n\n\n<p>Kivennapaseuran puheenjohtaja Pentti M\u00e4kinen kiitti Kivennapa-S\u00e4\u00e4ti\u00f6t\u00e4 tuesta mm. Kihujen j\u00e4rjest\u00e4misess\u00e4 ja uuden digitaalisen ilmeen luomisessa seuran kotisivuille.<\/p>\n\n\n\n<figure class=\"wp-block-image size-large\"><a href=\"http:\/\/kivennapaseura.fi\/wp-content\/uploads\/2023\/10\/Pentti_Makinen.jpg\"><img loading=\"lazy\" width=\"510\" height=\"383\" src=\"http:\/\/kivennapaseura.fi\/wp-content\/uploads\/2023\/10\/Pentti_Makinen-510x383.jpg\" alt=\"\" class=\"wp-image-5872\" srcset=\"https:\/\/kivennapaseura.fi\/wp-content\/uploads\/2023\/10\/Pentti_Makinen-510x383.jpg 510w, https:\/\/kivennapaseura.fi\/wp-content\/uploads\/2023\/10\/Pentti_Makinen-300x225.jpg 300w, https:\/\/kivennapaseura.fi\/wp-content\/uploads\/2023\/10\/Pentti_Makinen.jpg 640w\" sizes=\"(max-width: 510px) 100vw, 510px\" \/><\/a><figcaption><em>Kivennapaseuran puheenjohtaja Pentti M\u00e4kinen. Kuva: Markku Henttinen.<\/em><\/figcaption><\/figure>\n\n\n\n<p>Karjalan Liiton tervehdyksen esitti Pekka M\u00e4\u00e4tt\u00e4nen. Muut tervehdykset toivat Seppo Henttinen Entisist\u00e4 Kivennapalaisista. H\u00e4n sai my\u00f6s S\u00e4\u00e4ti\u00f6n Kunniakirjan, kuten Helli Taponen ja Kari Hopponen. Muut tervehdykset toivat Harri Bister Raivola-Seurasta ja Helena Tapper Kivennavan Ahj\u00e4rvel\u00e4isist\u00e4. Puheissa korostuivat karjalaisen yhteis\u00f6n merkitys, perinne ja tulevaisuus. Mit\u00e4 karjalaisuus on ja miten se hahmottuu? N\u00e4ist\u00e4 teemoista alustivat ja keskustelivat tohtori Hell\u00e4 Neuvonen-Sepp\u00e4nen, tutkija Jaana Ahtiainen ja dosentti Mikko-Olavi Sepp\u00e4l\u00e4.<\/p>\n\n\n\n<p><br>Lis\u00e4tietoja:<\/p>\n\n\n\n<p>&#8211; <a href=\"http:\/\/kivennapaseura.fi\/wp-content\/uploads\/2023\/09\/Kutsu_Kivennapasaatio_juhlaseminaari.pdf\">Kutsu juhlaan pdf-muodossa<\/a><br>&#8211; <a href=\"https:\/\/kivennapaseura.fi\/?page_id=6019\">Dokumenttielokuvan koostesivu Kivennapaseuran kotisivuilla<\/a><br>&#8211; <a href=\"https:\/\/www.facebook.com\/TheatrumOlga\/?locale=fi_FI\">Theatrum Olga -opiskelijateatteri Facebookissa<\/a><br>&#8211; <a href=\"https:\/\/www.kivennapasaatio.net\/\">Kivennapa-S\u00e4\u00e4ti\u00f6n kotisivut<\/a><\/p>\n\n\n\n<p><br><em>Julkaistu 15.10.2023<\/em><br><em>Teksti: Helena Tapper<br>Julkaisija: Riitta Taarasti<\/em><\/p>\n\n\n\n<h6>Asiasanat<\/h6>\n\n\n<div class=\"taxonomy-post_tag wp-block-post-terms\"><a href=\"https:\/\/kivennapaseura.fi\/?tag=ahtiainen-jaana\" rel=\"tag\">Ahtiainen Jaana<\/a><span class=\"wp-block-post-terms__separator\">, <\/span><a href=\"https:\/\/kivennapaseura.fi\/?tag=bister-harri\" rel=\"tag\">Bister Harri<\/a><span class=\"wp-block-post-terms__separator\">, <\/span><a href=\"https:\/\/kivennapaseura.fi\/?tag=henttinen-markku\" rel=\"tag\">Henttinen Markku<\/a><span class=\"wp-block-post-terms__separator\">, <\/span><a href=\"https:\/\/kivennapaseura.fi\/?tag=juhlat\" rel=\"tag\">juhlat<\/a><span class=\"wp-block-post-terms__separator\">, <\/span><a href=\"https:\/\/kivennapaseura.fi\/?tag=kivennapa\" rel=\"tag\">Kivennapa<\/a><span class=\"wp-block-post-terms__separator\">, <\/span><a href=\"https:\/\/kivennapaseura.fi\/?tag=kivennapa-saatio\" rel=\"tag\">Kivennapa-S\u00e4\u00e4ti\u00f6<\/a><span class=\"wp-block-post-terms__separator\">, <\/span><a href=\"https:\/\/kivennapaseura.fi\/?tag=maattanen-pekka\" rel=\"tag\">M\u00e4\u00e4tt\u00e4nen Pekka<\/a><span class=\"wp-block-post-terms__separator\">, <\/span><a href=\"https:\/\/kivennapaseura.fi\/?tag=makinen-pentti\" rel=\"tag\">M\u00e4kinen Pentti<\/a><span class=\"wp-block-post-terms__separator\">, <\/span><a href=\"https:\/\/kivennapaseura.fi\/?tag=neuvonen-seppanen-hella\" rel=\"tag\">Neuvonen-Sepp\u00e4nen Hell\u00e4<\/a><span class=\"wp-block-post-terms__separator\">, <\/span><a href=\"https:\/\/kivennapaseura.fi\/?tag=seppala-mikko-olavi\" rel=\"tag\">Sepp\u00e4l\u00e4 Mikko-Olavi<\/a><span class=\"wp-block-post-terms__separator\">, <\/span><a href=\"https:\/\/kivennapaseura.fi\/?tag=seppo-henttinen\" rel=\"tag\">Seppo Henttinen<\/a><span class=\"wp-block-post-terms__separator\">, <\/span><a href=\"https:\/\/kivennapaseura.fi\/?tag=tapahtumat\" rel=\"tag\">tapahtumat<\/a><span class=\"wp-block-post-terms__separator\">, <\/span><a href=\"https:\/\/kivennapaseura.fi\/?tag=tapper-helena\" rel=\"tag\">Tapper Helena<\/a><span class=\"wp-block-post-terms__separator\">, <\/span><a href=\"https:\/\/kivennapaseura.fi\/?tag=theatrum-olga\" rel=\"tag\">Theatrum Olga<\/a><\/div>","protected":false},"excerpt":{"rendered":"<p>Kivennapa-S\u00e4\u00e4ti\u00f6t\u00e4 juhlimaan kokoontui 8.10.2023 yli 100 kivennapalaista ja heid\u00e4n j\u00e4lkel\u00e4ist\u00e4\u00e4n ja yst\u00e4vi\u00e4\u00e4n. Kivennapa-S\u00e4\u00e4ti\u00f6 tukee karjalaista perinnett\u00e4 ja historiaa koskevaa tutkimusta ja tukee mm. Kivennapaseuraa. Kivennapa-S\u00e4\u00e4ti\u00f6n hallintoneuvostoston puheenjohtaja Markku Henttinen korosti juhlapuheessa Marja Halmeen ajatuksia karjalaisuudesta. Henttinen korosti karjalaisen perinn\u00f6n merkityst\u00e4, mutta my\u00f6s katseen suuntaamista nuoriin ja tulevaan. Tulevaisuutta edustivat Suomen Diakoniaopiston Lahden kampuksen Theatrum Olgan &hellip;<\/p>\n<p class=\"read-more\"> <a class=\"\" href=\"https:\/\/kivennapaseura.fi\/?p=5871\"> <span class=\"screen-reader-text\">Kivennapa-S\u00e4\u00e4ti\u00f6 juhli 70-vuotista toimintaansa 8.10. Karjalatalossa<\/span> Lue lis\u00e4\u00e4 &raquo;<\/a><\/p>\n","protected":false},"author":8,"featured_media":5876,"comment_status":"closed","ping_status":"closed","sticky":false,"template":"","format":"standard","meta":{"site-sidebar-layout":"default","site-content-layout":"default","ast-global-header-display":"","ast-main-header-display":"","ast-hfb-above-header-display":"","ast-hfb-below-header-display":"","ast-hfb-mobile-header-display":"","site-post-title":"","ast-breadcrumbs-content":"","ast-featured-img":"disabled","footer-sml-layout":"","theme-transparent-header-meta":"","adv-header-id-meta":"","stick-header-meta":"","header-above-stick-meta":"","header-main-stick-meta":"","header-below-stick-meta":""},"categories":[130],"tags":[273,126,127,243,17,232,315,132,313,314,312,12,199,311],"yoast_head":"<!-- This site is optimized with the Yoast SEO plugin v18.8 - https:\/\/yoast.com\/wordpress\/plugins\/seo\/ -->\n<title>Kivennapa-S\u00e4\u00e4ti\u00f6 juhli 70-vuotista toimintaansa 8.10. Karjalatalossa - Kivennapaseura<\/title>\n<meta name=\"description\" content=\"Kivennapa-S\u00e4\u00e4ti\u00f6 tukee karjalaista perinnett\u00e4 ja historiaa koskevaa tutkimusta ja tukee mm.Kivennapaseuraa.\" \/>\n<meta name=\"robots\" content=\"index, follow, max-snippet:-1, max-image-preview:large, max-video-preview:-1\" \/>\n<link rel=\"canonical\" href=\"https:\/\/kivennapaseura.fi\/?p=5871\" \/>\n<meta property=\"og:locale\" content=\"fi_FI\" \/>\n<meta property=\"og:type\" content=\"article\" \/>\n<meta property=\"og:title\" content=\"Kivennapa-S\u00e4\u00e4ti\u00f6 juhli 70-vuotista toimintaansa 8.10. Karjalatalossa - Kivennapaseura\" \/>\n<meta property=\"og:description\" content=\"Kivennapa-S\u00e4\u00e4ti\u00f6 tukee karjalaista perinnett\u00e4 ja historiaa koskevaa tutkimusta ja tukee mm.Kivennapaseuraa.\" \/>\n<meta property=\"og:url\" content=\"https:\/\/kivennapaseura.fi\/?p=5871\" \/>\n<meta property=\"og:site_name\" content=\"Kivennapaseura\" \/>\n<meta property=\"article:published_time\" content=\"2023-10-15T07:48:16+00:00\" \/>\n<meta property=\"article:modified_time\" content=\"2024-03-17T09:13:43+00:00\" \/>\n<meta property=\"og:image\" content=\"http:\/\/kivennapaseura.fi\/wp-content\/uploads\/2023\/10\/Theatrum_Olga_Facebook.jpg\" \/>\n\t<meta property=\"og:image:width\" content=\"1200\" \/>\n\t<meta property=\"og:image:height\" content=\"628\" \/>\n\t<meta property=\"og:image:type\" content=\"image\/jpeg\" \/>\n<meta name=\"twitter:card\" content=\"summary_large_image\" \/>\n<meta name=\"twitter:image\" content=\"https:\/\/kivennapaseura.fi\/wp-content\/uploads\/2023\/10\/Theatrum_Olga_Facebook.jpg\" \/>\n<meta name=\"twitter:label1\" content=\"Kirjoittanut\" \/>\n\t<meta name=\"twitter:data1\" content=\"Helena Tapper\" \/>\n\t<meta name=\"twitter:label2\" content=\"Arvioitu lukuaika\" \/>\n\t<meta name=\"twitter:data2\" content=\"3 minuuttia\" \/>\n<script type=\"application\/ld+json\" class=\"yoast-schema-graph\">{\"@context\":\"https:\/\/schema.org\",\"@graph\":[{\"@type\":\"WebSite\",\"@id\":\"https:\/\/kivennapaseura.fi\/#website\",\"url\":\"https:\/\/kivennapaseura.fi\/\",\"name\":\"Kivennapaseura\",\"description\":\"Kivennapaseuran kotisivut\",\"potentialAction\":[{\"@type\":\"SearchAction\",\"target\":{\"@type\":\"EntryPoint\",\"urlTemplate\":\"https:\/\/kivennapaseura.fi\/?s={search_term_string}\"},\"query-input\":\"required name=search_term_string\"}],\"inLanguage\":\"fi\"},{\"@type\":\"ImageObject\",\"inLanguage\":\"fi\",\"@id\":\"https:\/\/kivennapaseura.fi\/?p=5871#primaryimage\",\"url\":\"https:\/\/kivennapaseura.fi\/wp-content\/uploads\/2023\/10\/Theatrum_Olga_Facebook.jpg\",\"contentUrl\":\"https:\/\/kivennapaseura.fi\/wp-content\/uploads\/2023\/10\/Theatrum_Olga_Facebook.jpg\",\"width\":1200,\"height\":628},{\"@type\":\"WebPage\",\"@id\":\"https:\/\/kivennapaseura.fi\/?p=5871#webpage\",\"url\":\"https:\/\/kivennapaseura.fi\/?p=5871\",\"name\":\"Kivennapa-S\u00e4\u00e4ti\u00f6 juhli 70-vuotista toimintaansa 8.10. Karjalatalossa - Kivennapaseura\",\"isPartOf\":{\"@id\":\"https:\/\/kivennapaseura.fi\/#website\"},\"primaryImageOfPage\":{\"@id\":\"https:\/\/kivennapaseura.fi\/?p=5871#primaryimage\"},\"datePublished\":\"2023-10-15T07:48:16+00:00\",\"dateModified\":\"2024-03-17T09:13:43+00:00\",\"author\":{\"@id\":\"https:\/\/kivennapaseura.fi\/#\/schema\/person\/298db6dfe73365852431a8fff521ec99\"},\"description\":\"Kivennapa-S\u00e4\u00e4ti\u00f6 tukee karjalaista perinnett\u00e4 ja historiaa koskevaa tutkimusta ja tukee mm.Kivennapaseuraa.\",\"breadcrumb\":{\"@id\":\"https:\/\/kivennapaseura.fi\/?p=5871#breadcrumb\"},\"inLanguage\":\"fi\",\"potentialAction\":[{\"@type\":\"ReadAction\",\"target\":[\"https:\/\/kivennapaseura.fi\/?p=5871\"]}]},{\"@type\":\"BreadcrumbList\",\"@id\":\"https:\/\/kivennapaseura.fi\/?p=5871#breadcrumb\",\"itemListElement\":[{\"@type\":\"ListItem\",\"position\":1,\"name\":\"Etusivu\",\"item\":\"https:\/\/kivennapaseura.fi\/\"},{\"@type\":\"ListItem\",\"position\":2,\"name\":\"Kivennapa-S\u00e4\u00e4ti\u00f6 juhli 70-vuotista toimintaansa 8.10. Karjalatalossa\"}]},{\"@type\":\"Person\",\"@id\":\"https:\/\/kivennapaseura.fi\/#\/schema\/person\/298db6dfe73365852431a8fff521ec99\",\"name\":\"Helena Tapper\",\"image\":{\"@type\":\"ImageObject\",\"inLanguage\":\"fi\",\"@id\":\"https:\/\/kivennapaseura.fi\/#\/schema\/person\/image\/\",\"url\":\"https:\/\/secure.gravatar.com\/avatar\/32dc21370ae967f1f164e629ddfce254?s=96&d=mm&r=g\",\"contentUrl\":\"https:\/\/secure.gravatar.com\/avatar\/32dc21370ae967f1f164e629ddfce254?s=96&d=mm&r=g\",\"caption\":\"Helena Tapper\"},\"url\":\"https:\/\/kivennapaseura.fi\/?author=8\"}]}<\/script>\n<!-- \/ Yoast SEO plugin. -->","yoast_head_json":{"title":"Kivennapa-S\u00e4\u00e4ti\u00f6 juhli 70-vuotista toimintaansa 8.10. Karjalatalossa - Kivennapaseura","description":"Kivennapa-S\u00e4\u00e4ti\u00f6 tukee karjalaista perinnett\u00e4 ja historiaa koskevaa tutkimusta ja tukee mm.Kivennapaseuraa.","robots":{"index":"index","follow":"follow","max-snippet":"max-snippet:-1","max-image-preview":"max-image-preview:large","max-video-preview":"max-video-preview:-1"},"canonical":"https:\/\/kivennapaseura.fi\/?p=5871","og_locale":"fi_FI","og_type":"article","og_title":"Kivennapa-S\u00e4\u00e4ti\u00f6 juhli 70-vuotista toimintaansa 8.10. Karjalatalossa - Kivennapaseura","og_description":"Kivennapa-S\u00e4\u00e4ti\u00f6 tukee karjalaista perinnett\u00e4 ja historiaa koskevaa tutkimusta ja tukee mm.Kivennapaseuraa.","og_url":"https:\/\/kivennapaseura.fi\/?p=5871","og_site_name":"Kivennapaseura","article_published_time":"2023-10-15T07:48:16+00:00","article_modified_time":"2024-03-17T09:13:43+00:00","og_image":[{"width":1200,"height":628,"url":"http:\/\/kivennapaseura.fi\/wp-content\/uploads\/2023\/10\/Theatrum_Olga_Facebook.jpg","type":"image\/jpeg"}],"twitter_card":"summary_large_image","twitter_image":"https:\/\/kivennapaseura.fi\/wp-content\/uploads\/2023\/10\/Theatrum_Olga_Facebook.jpg","twitter_misc":{"Kirjoittanut":"Helena Tapper","Arvioitu lukuaika":"3 minuuttia"},"schema":{"@context":"https:\/\/schema.org","@graph":[{"@type":"WebSite","@id":"https:\/\/kivennapaseura.fi\/#website","url":"https:\/\/kivennapaseura.fi\/","name":"Kivennapaseura","description":"Kivennapaseuran kotisivut","potentialAction":[{"@type":"SearchAction","target":{"@type":"EntryPoint","urlTemplate":"https:\/\/kivennapaseura.fi\/?s={search_term_string}"},"query-input":"required name=search_term_string"}],"inLanguage":"fi"},{"@type":"ImageObject","inLanguage":"fi","@id":"https:\/\/kivennapaseura.fi\/?p=5871#primaryimage","url":"https:\/\/kivennapaseura.fi\/wp-content\/uploads\/2023\/10\/Theatrum_Olga_Facebook.jpg","contentUrl":"https:\/\/kivennapaseura.fi\/wp-content\/uploads\/2023\/10\/Theatrum_Olga_Facebook.jpg","width":1200,"height":628},{"@type":"WebPage","@id":"https:\/\/kivennapaseura.fi\/?p=5871#webpage","url":"https:\/\/kivennapaseura.fi\/?p=5871","name":"Kivennapa-S\u00e4\u00e4ti\u00f6 juhli 70-vuotista toimintaansa 8.10. Karjalatalossa - Kivennapaseura","isPartOf":{"@id":"https:\/\/kivennapaseura.fi\/#website"},"primaryImageOfPage":{"@id":"https:\/\/kivennapaseura.fi\/?p=5871#primaryimage"},"datePublished":"2023-10-15T07:48:16+00:00","dateModified":"2024-03-17T09:13:43+00:00","author":{"@id":"https:\/\/kivennapaseura.fi\/#\/schema\/person\/298db6dfe73365852431a8fff521ec99"},"description":"Kivennapa-S\u00e4\u00e4ti\u00f6 tukee karjalaista perinnett\u00e4 ja historiaa koskevaa tutkimusta ja tukee mm.Kivennapaseuraa.","breadcrumb":{"@id":"https:\/\/kivennapaseura.fi\/?p=5871#breadcrumb"},"inLanguage":"fi","potentialAction":[{"@type":"ReadAction","target":["https:\/\/kivennapaseura.fi\/?p=5871"]}]},{"@type":"BreadcrumbList","@id":"https:\/\/kivennapaseura.fi\/?p=5871#breadcrumb","itemListElement":[{"@type":"ListItem","position":1,"name":"Etusivu","item":"https:\/\/kivennapaseura.fi\/"},{"@type":"ListItem","position":2,"name":"Kivennapa-S\u00e4\u00e4ti\u00f6 juhli 70-vuotista toimintaansa 8.10. Karjalatalossa"}]},{"@type":"Person","@id":"https:\/\/kivennapaseura.fi\/#\/schema\/person\/298db6dfe73365852431a8fff521ec99","name":"Helena Tapper","image":{"@type":"ImageObject","inLanguage":"fi","@id":"https:\/\/kivennapaseura.fi\/#\/schema\/person\/image\/","url":"https:\/\/secure.gravatar.com\/avatar\/32dc21370ae967f1f164e629ddfce254?s=96&d=mm&r=g","contentUrl":"https:\/\/secure.gravatar.com\/avatar\/32dc21370ae967f1f164e629ddfce254?s=96&d=mm&r=g","caption":"Helena Tapper"},"url":"https:\/\/kivennapaseura.fi\/?author=8"}]}},"_links":{"self":[{"href":"https:\/\/kivennapaseura.fi\/index.php?rest_route=\/wp\/v2\/posts\/5871"}],"collection":[{"href":"https:\/\/kivennapaseura.fi\/index.php?rest_route=\/wp\/v2\/posts"}],"about":[{"href":"https:\/\/kivennapaseura.fi\/index.php?rest_route=\/wp\/v2\/types\/post"}],"author":[{"embeddable":true,"href":"https:\/\/kivennapaseura.fi\/index.php?rest_route=\/wp\/v2\/users\/8"}],"replies":[{"embeddable":true,"href":"https:\/\/kivennapaseura.fi\/index.php?rest_route=%2Fwp%2Fv2%2Fcomments&post=5871"}],"version-history":[{"count":9,"href":"https:\/\/kivennapaseura.fi\/index.php?rest_route=\/wp\/v2\/posts\/5871\/revisions"}],"predecessor-version":[{"id":6064,"href":"https:\/\/kivennapaseura.fi\/index.php?rest_route=\/wp\/v2\/posts\/5871\/revisions\/6064"}],"wp:featuredmedia":[{"embeddable":true,"href":"https:\/\/kivennapaseura.fi\/index.php?rest_route=\/wp\/v2\/media\/5876"}],"wp:attachment":[{"href":"https:\/\/kivennapaseura.fi\/index.php?rest_route=%2Fwp%2Fv2%2Fmedia&parent=5871"}],"wp:term":[{"taxonomy":"category","embeddable":true,"href":"https:\/\/kivennapaseura.fi\/index.php?rest_route=%2Fwp%2Fv2%2Fcategories&post=5871"},{"taxonomy":"post_tag","embeddable":true,"href":"https:\/\/kivennapaseura.fi\/index.php?rest_route=%2Fwp%2Fv2%2Ftags&post=5871"}],"curies":[{"name":"wp","href":"https:\/\/api.w.org\/{rel}","templated":true}]}}