{"id":5893,"date":"2023-10-29T18:11:26","date_gmt":"2023-10-29T16:11:26","guid":{"rendered":"https:\/\/kivennapaseura.fi\/?p=5893"},"modified":"2024-03-17T11:11:50","modified_gmt":"2024-03-17T09:11:50","slug":"sydamen-arkeologia-dokumenttielokuva-vapaasti-katsottavissa","status":"publish","type":"post","link":"https:\/\/kivennapaseura.fi\/?p=5893","title":{"rendered":"Syd\u00e4men arkeologia dokumenttielokuva vapaasti katsottavissa"},"content":{"rendered":"\n<p><strong>Lahtelaisen Kino Iiriksen vieh\u00e4tt\u00e4v\u00e4 aula t\u00e4yttyy pimenev\u00e4ss\u00e4 syysillassa Syd\u00e4men arkeologia dokumenttielokuvan kutsuvierasn\u00e4yt\u00f6kseen saapuvista vieraista. Kivennapa-S\u00e4\u00e4ti\u00f6n hallituksen puheenjohtaja Marja Halme, varapuheenjohtaja Jaana Mansikka sek\u00e4 dokumentin ohjaaja ja k\u00e4sikirjoittaja Lasse Kantola sek\u00e4 kuvaaja, editoija ja kansanmusiikista juurensa ammentavan musiikin s\u00e4velt\u00e4j\u00e4 Veijo Ruotanen ottavat vieraat hymyillen vastaan. Paikalle saapuu my\u00f6s joukko opiskelijateatteri Theatrum Olgan nuoria, joista moni oli paikalla my\u00f6s kolme p\u00e4iv\u00e4\u00e4 aiemmin elokuvan ensi-illassa 8.10.2023 Kivennapas\u00e4\u00e4ti\u00f6n 70-vuotisjuhlaseminaarissa Karjalatalossa Helsingiss\u00e4. T\u00e4p\u00f6t\u00e4ysi sali hiljenee, ja Lasse Kantola aloittaa dokumenttielokuvan esittelyn.&nbsp;<\/strong><\/p>\n\n\n\n<p><\/p>\n\n\n\n<p>Suomen Diakoniaopiston Lahden kampuksen Theatrum Olgan projekti l\u00e4hti liikkeelle nuorten juurettomuuden ja merkityksett\u00f6myyden tunteesta. Vuoden 2023 aikana Kivennapa-S\u00e4\u00e4ti\u00f6n kanssa tehty tuotanto vei nuoria kohtaamaan kivennapalaisia vanhuksia ja heid\u00e4n j\u00e4lkel\u00e4isi\u00e4\u00e4n. Syntyi keskusteluja, tapahtumia ja yhteisi\u00e4 piknikej\u00e4. Osa nuorista osallistui my\u00f6s karjalaisten tapahtumiin ja juhliin. Yhteisty\u00f6n tavoitteena oli syventy\u00e4 juurien, kivennapalaisuuden ja historian tutkimiseen sek\u00e4 my\u00f6s omaan arjen hallintaan, kertoo Kantola.<\/p>\n\n\n\n<p>Tapaamisten lis\u00e4ksi nuoret tutkivat kyl\u00e4kirjoja, valokuvia ja sodanaikaisia artikkeleita ja kirjeit\u00e4. Niiden her\u00e4tt\u00e4m\u00e4t tarinat ohjasivat eteenp\u00e4in. Projektin kantava teemana on \u201dKyll my\u00f6 selvit\u00e4\u00e4n\u201d. Nuoret havaitsivat, ett\u00e4 omat isovanhemmat ovat ratkoneet monia ongelmia ja haasteita sek\u00e4 l\u00f6yt\u00e4neet vastauksia samoihin kysymyksiin, joihin t\u00e4m\u00e4nkin p\u00e4iv\u00e4n nuoret hakevat ratkaisuja. Nuorissa voimistui tunne, ett\u00e4 jos isovanhemmat selvisiv\u00e4t, niin kyll\u00e4 min\u00e4kin selvi\u00e4n. Tutkimusmatkalla tutuiksi tulivat evakkomatkat ja muutot, sivullisuuden tunne karjalaisena uudessa kasvupaikassa sek\u00e4 kaipuu menetettyyn Karjalaan, jonne juuret j\u00e4iv\u00e4t. Tematiikassa on paljon yhtenev\u00e4isyyksi\u00e4 my\u00f6s Ukrainan tilanteeseen, toteaa Kantola.<br><br>Valot sammuvat ja yleis\u00f6 p\u00e4\u00e4see katsomaan projektin tuloksena syntynytt\u00e4 dokumenttielokuvan. Puolituntia my\u00f6hemmin sali t\u00e4yttyy pitkist\u00e4 taputuksista, ja Kantola palaa salin eteen. On yleis\u00f6kysymysten ja kommenttien vuoro. Elokuva saa kiitosta siit\u00e4, kuinka puhuttelevasti se her\u00e4tti historian eloon ja kuinka luontevasti menneisyys ja nykyisyys kohtasivat siin\u00e4. Nuorten spontaanius ja taidokkuus, tiiviisti tuotannossa nuorten kanssakulkijana olleen Jaana Mansikan karjalanmurteella lukemat n\u00e4ytteet sek\u00e4 Amadeu Vivesin upeat hiekka-animaatiot ihastuttivat. Yleis\u00f6 toivoi dokumenttielokuvan p\u00e4\u00e4tyv\u00e4n my\u00f6s koulujen k\u00e4ytt\u00f6\u00f6n.<br><br>Seuraavaksi oli vuorossa Kivennapa-S\u00e4\u00e4ti\u00f6n hallituksen puheenjohtaja Marja Halme kiitospuheenvuoron, josta s\u00e4teili vahva tyytyv\u00e4isyys yhteisty\u00f6h\u00f6n ja siihen, ett\u00e4 Kivennapa-S\u00e4\u00e4ti\u00f6 on voinut olla mahdollistamassa dokumentin tekemisen. Marja Halme kiitti eritoten mukana olleita nuoria ja toi esille ilon siit\u00e4, ett\u00e4 projekti on edesauttanut kivennapalaisen perinn\u00f6n ja omien sukujuurien vaalimisen merkityst\u00e4. Yhteisty\u00f6n taustoittamisen ja projektiin osallistujien kiitt\u00e4misen j\u00e4lkeen Marja Halme muistutti, ett\u00e4 dokumentti on lahja Kivennapaseuralle. Kino Iiriksen n\u00e4yt\u00f6sten j\u00e4lkeen dokumenttielokuva on kaikkien vapaasti katsottavissa YouTubesta.<br><\/p>\n\n\n\n<figure class=\"wp-block-image size-large\"><a href=\"http:\/\/kivennapaseura.fi\/wp-content\/uploads\/2023\/10\/Sydamen-arkeologia_kuva1-scaled.jpg\"><img loading=\"lazy\" width=\"510\" height=\"287\" src=\"http:\/\/kivennapaseura.fi\/wp-content\/uploads\/2023\/10\/Sydamen-arkeologia_kuva1-510x287.jpg\" alt=\"\" class=\"wp-image-5896\" srcset=\"https:\/\/kivennapaseura.fi\/wp-content\/uploads\/2023\/10\/Sydamen-arkeologia_kuva1-510x287.jpg 510w, https:\/\/kivennapaseura.fi\/wp-content\/uploads\/2023\/10\/Sydamen-arkeologia_kuva1-300x169.jpg 300w, https:\/\/kivennapaseura.fi\/wp-content\/uploads\/2023\/10\/Sydamen-arkeologia_kuva1-768x432.jpg 768w, https:\/\/kivennapaseura.fi\/wp-content\/uploads\/2023\/10\/Sydamen-arkeologia_kuva1-1536x864.jpg 1536w, https:\/\/kivennapaseura.fi\/wp-content\/uploads\/2023\/10\/Sydamen-arkeologia_kuva1-2048x1152.jpg 2048w\" sizes=\"(max-width: 510px) 100vw, 510px\" \/><\/a><figcaption><em>Syd\u00e4men arkeologia dokumenttielokuvan tunnelmia. Kuva: Veijo Ruotanen.<\/em><br><\/figcaption><\/figure>\n\n\n\n<figure class=\"wp-block-image size-large\"><a href=\"http:\/\/kivennapaseura.fi\/wp-content\/uploads\/2023\/10\/Sydamen-arkeologia_kuva3-scaled.jpg\"><img loading=\"lazy\" width=\"510\" height=\"287\" src=\"http:\/\/kivennapaseura.fi\/wp-content\/uploads\/2023\/10\/Sydamen-arkeologia_kuva3-510x287.jpg\" alt=\"\" class=\"wp-image-5895\" srcset=\"https:\/\/kivennapaseura.fi\/wp-content\/uploads\/2023\/10\/Sydamen-arkeologia_kuva3-510x287.jpg 510w, https:\/\/kivennapaseura.fi\/wp-content\/uploads\/2023\/10\/Sydamen-arkeologia_kuva3-300x169.jpg 300w, https:\/\/kivennapaseura.fi\/wp-content\/uploads\/2023\/10\/Sydamen-arkeologia_kuva3-768x432.jpg 768w, https:\/\/kivennapaseura.fi\/wp-content\/uploads\/2023\/10\/Sydamen-arkeologia_kuva3-1536x864.jpg 1536w, https:\/\/kivennapaseura.fi\/wp-content\/uploads\/2023\/10\/Sydamen-arkeologia_kuva3-2048x1152.jpg 2048w\" sizes=\"(max-width: 510px) 100vw, 510px\" \/><\/a><figcaption><em>Syd\u00e4men arkeologia dokumenttielokuvan tunnelmia. Kuva: Veijo Ruotanen.<\/em><br><\/figcaption><\/figure>\n\n\n\n<figure class=\"wp-block-image size-large\"><a href=\"http:\/\/kivennapaseura.fi\/wp-content\/uploads\/2023\/10\/Sydamen-arkeologia_kuva2-scaled.jpeg\"><img loading=\"lazy\" width=\"510\" height=\"287\" src=\"http:\/\/kivennapaseura.fi\/wp-content\/uploads\/2023\/10\/Sydamen-arkeologia_kuva2-510x287.jpeg\" alt=\"\" class=\"wp-image-5894\" srcset=\"https:\/\/kivennapaseura.fi\/wp-content\/uploads\/2023\/10\/Sydamen-arkeologia_kuva2-510x287.jpeg 510w, https:\/\/kivennapaseura.fi\/wp-content\/uploads\/2023\/10\/Sydamen-arkeologia_kuva2-300x169.jpeg 300w, https:\/\/kivennapaseura.fi\/wp-content\/uploads\/2023\/10\/Sydamen-arkeologia_kuva2-768x432.jpeg 768w, https:\/\/kivennapaseura.fi\/wp-content\/uploads\/2023\/10\/Sydamen-arkeologia_kuva2-1536x864.jpeg 1536w, https:\/\/kivennapaseura.fi\/wp-content\/uploads\/2023\/10\/Sydamen-arkeologia_kuva2-2048x1152.jpeg 2048w\" sizes=\"(max-width: 510px) 100vw, 510px\" \/><\/a><figcaption><em>Syd\u00e4men arkeologia dokumenttielokuvan tunnelmia. Kuva: Veijo Ruotanen.<\/em><br><\/figcaption><\/figure>\n\n\n\n<figure class=\"wp-block-image size-large\"><a href=\"http:\/\/kivennapaseura.fi\/wp-content\/uploads\/2023\/10\/Sydamen-arkeologia_kuva4-scaled.jpg\"><img loading=\"lazy\" width=\"510\" height=\"287\" src=\"http:\/\/kivennapaseura.fi\/wp-content\/uploads\/2023\/10\/Sydamen-arkeologia_kuva4-510x287.jpg\" alt=\"\" class=\"wp-image-5897\" srcset=\"https:\/\/kivennapaseura.fi\/wp-content\/uploads\/2023\/10\/Sydamen-arkeologia_kuva4-510x287.jpg 510w, https:\/\/kivennapaseura.fi\/wp-content\/uploads\/2023\/10\/Sydamen-arkeologia_kuva4-300x169.jpg 300w, https:\/\/kivennapaseura.fi\/wp-content\/uploads\/2023\/10\/Sydamen-arkeologia_kuva4-768x432.jpg 768w, https:\/\/kivennapaseura.fi\/wp-content\/uploads\/2023\/10\/Sydamen-arkeologia_kuva4-1536x864.jpg 1536w, https:\/\/kivennapaseura.fi\/wp-content\/uploads\/2023\/10\/Sydamen-arkeologia_kuva4-2048x1152.jpg 2048w\" sizes=\"(max-width: 510px) 100vw, 510px\" \/><\/a><figcaption><em>Syd\u00e4men arkeologia dokumenttielokuvan tunnelmia. Kuva: Veijo Ruotanen.<\/em><br><\/figcaption><\/figure>\n\n\n\n<p><br><em>\u201dTheatrum Olga ja Kivennapa-S\u00e4\u00e4ti\u00f6 ovat yhdess\u00e4 luoneet tarinan, joka jatkaa eloaan syd\u00e4miss\u00e4mme ja muistuttavat<\/em> <em>meit\u00e4 siit\u00e4, ett\u00e4 menneisyyden rikkaus voi olla nykyhetken voimavara ja tulevaisuuden innoitus.\u201d<\/em><br>&#8211; Veijo Ruotanen &#8211;<\/p>\n\n\n\n<p><br><strong>Syd\u00e4men arkeologia dokumenttielokuva ohjaajan esipuheella on julkaistu kaikkien vapaasti katsottavaksi YouTubessa. Katso dokumentti!<\/strong><\/p>\n\n\n\n<figure class=\"wp-block-embed is-type-video is-provider-youtube wp-block-embed-youtube wp-embed-aspect-16-9 wp-has-aspect-ratio\"><div class=\"wp-block-embed__wrapper\">\n<div class=\"ast-oembed-container\" style=\"height: 100%;\"><iframe loading=\"lazy\" title=\"Syd\u00e4men arkeologia dokumenttielokuva Prologilla\" width=\"500\" height=\"281\" src=\"https:\/\/www.youtube.com\/embed\/tEayKnMmL2A?feature=oembed\" frameborder=\"0\" allow=\"accelerometer; autoplay; clipboard-write; encrypted-media; gyroscope; picture-in-picture; web-share\" allowfullscreen><\/iframe><\/div>\n<\/div><\/figure>\n\n\n\n<p><br>Tekij\u00e4tiedot:<br>Ohjaaja ja k\u00e4sikirjoitus: Lasse Kantola<br>Kuvaus, editointi ja musiikin s\u00e4velt\u00e4j\u00e4: Veijo Ruotanen<br>Nuoret: Santtu Szepaniak, Milla Varso, Roni Savolainen, Asta Virtanen, Antti Pylsy, Iida Krouvi, Pihla Karhu, Sissi M\u00e4kel\u00e4 <br>Musiikki: S\u00e4vellys Veijo Ruotanen<br>Hiekka-animaatiot: Amadeu Vives<br>Kantele: Mirva Minkkinen\u00a0<br>\u00c4\u00e4nitys: Stefan Anders\u00e9n<br>Dokumentin rahoittaja: Kivennapa-S\u00e4\u00e4ti\u00f6<br>Tuotanto: Suomen Diakoniaopiston Theatrum Olga ja Kivennapa-S\u00e4\u00e4ti\u00f6, 2023<br><br>Lis\u00e4tietoja dokumentista:<br>&#8211; <a href=\"https:\/\/kivennapaseura.fi\/?page_id=6019\">Dokumenttielokuvan koostesivu Kivennapaseuran kotisivuilla<\/a><br>&#8211; <a href=\"https:\/\/www.youtube.com\/watch?v=tEayKnMmL2A\">Dokumentti YouTubessa<\/a><br>&#8211; <a href=\"https:\/\/www.facebook.com\/TheatrumOlga\/?locale=fi_FI\">Theatrum Olga -opiskelijateatteri Facebookissa<\/a><br>&#8211; <a href=\"https:\/\/www.kivennapasaatio.net\/\">Kivennapa-S\u00e4\u00e4ti\u00f6n kotisivut<\/a><br><br><em><em>Julkaistu 29.10.2023<br>Toimittaja ja julkaisija: Riitta Taarast<\/em><\/em>i<br><em>L\u00e4hteet<\/em>: <em>Lasse Kantola ja Veijo Ruotanen<\/em><\/p>\n\n\n\n<h6>Asiasanat<\/h6>\n\n\n<div class=\"taxonomy-post_tag wp-block-post-terms\"><a href=\"https:\/\/kivennapaseura.fi\/?tag=andersen-stefan\" rel=\"tag\">Anders\u00e9n Stefan<\/a><span class=\"wp-block-post-terms__separator\">, <\/span><a href=\"https:\/\/kivennapaseura.fi\/?tag=dokumenttielokuvat\" rel=\"tag\">dokumenttielokuvat<\/a><span class=\"wp-block-post-terms__separator\">, <\/span><a href=\"https:\/\/kivennapaseura.fi\/?tag=halme-marja\" rel=\"tag\">Halme Marja<\/a><span class=\"wp-block-post-terms__separator\">, <\/span><a href=\"https:\/\/kivennapaseura.fi\/?tag=hyvinvointi\" rel=\"tag\">hyvinvointi<\/a><span class=\"wp-block-post-terms__separator\">, <\/span><a href=\"https:\/\/kivennapaseura.fi\/?tag=kantola-lasse\" rel=\"tag\">Kantola Lasse<\/a><span class=\"wp-block-post-terms__separator\">, <\/span><a href=\"https:\/\/kivennapaseura.fi\/?tag=karhu-pihla\" rel=\"tag\">Karhu Pihla<\/a><span class=\"wp-block-post-terms__separator\">, <\/span><a href=\"https:\/\/kivennapaseura.fi\/?tag=kivennapa-saatio\" rel=\"tag\">Kivennapa-S\u00e4\u00e4ti\u00f6<\/a><span class=\"wp-block-post-terms__separator\">, <\/span><a href=\"https:\/\/kivennapaseura.fi\/?tag=krouvi-iida\" rel=\"tag\">Krouvi Iida<\/a><span class=\"wp-block-post-terms__separator\">, <\/span><a href=\"https:\/\/kivennapaseura.fi\/?tag=makela-sissi\" rel=\"tag\">M\u00e4kel\u00e4 Sissi<\/a><span class=\"wp-block-post-terms__separator\">, <\/span><a href=\"https:\/\/kivennapaseura.fi\/?tag=mansikka-jaana\" rel=\"tag\">Mansikka Jaana<\/a><span class=\"wp-block-post-terms__separator\">, <\/span><a href=\"https:\/\/kivennapaseura.fi\/?tag=minkkinen-mirva\" rel=\"tag\">Minkkinen Mirva<\/a><span class=\"wp-block-post-terms__separator\">, <\/span><a href=\"https:\/\/kivennapaseura.fi\/?tag=perheet\" rel=\"tag\">perheet<\/a><span class=\"wp-block-post-terms__separator\">, <\/span><a href=\"https:\/\/kivennapaseura.fi\/?tag=pylsy-antti\" rel=\"tag\">Pylsy Antti<\/a><span class=\"wp-block-post-terms__separator\">, <\/span><a href=\"https:\/\/kivennapaseura.fi\/?tag=ruotanen-veijo\" rel=\"tag\">Ruotanen Veijo<\/a><span class=\"wp-block-post-terms__separator\">, <\/span><a href=\"https:\/\/kivennapaseura.fi\/?tag=savolainen-roni\" rel=\"tag\">Savolainen Roni<\/a><span class=\"wp-block-post-terms__separator\">, <\/span><a href=\"https:\/\/kivennapaseura.fi\/?tag=sukupolvet\" rel=\"tag\">sukupolvet<\/a><span class=\"wp-block-post-terms__separator\">, <\/span><a href=\"https:\/\/kivennapaseura.fi\/?tag=sukututkimus\" rel=\"tag\">sukututkimus<\/a><span class=\"wp-block-post-terms__separator\">, <\/span><a href=\"https:\/\/kivennapaseura.fi\/?tag=sydamen-arkeologia\" rel=\"tag\">Syd\u00e4men arkeologia<\/a><span class=\"wp-block-post-terms__separator\">, <\/span><a href=\"https:\/\/kivennapaseura.fi\/?tag=szepaniak-santtu\" rel=\"tag\">Szepaniak Santtu<\/a><span class=\"wp-block-post-terms__separator\">, <\/span><a href=\"https:\/\/kivennapaseura.fi\/?tag=theatrum-olga\" rel=\"tag\">Theatrum Olga<\/a><span class=\"wp-block-post-terms__separator\">, <\/span><a href=\"https:\/\/kivennapaseura.fi\/?tag=varso-milla\" rel=\"tag\">Varso Milla<\/a><span class=\"wp-block-post-terms__separator\">, <\/span><a href=\"https:\/\/kivennapaseura.fi\/?tag=virtanen-asta\" rel=\"tag\">Virtanen Asta<\/a><span class=\"wp-block-post-terms__separator\">, <\/span><a href=\"https:\/\/kivennapaseura.fi\/?tag=vives-amadeu\" rel=\"tag\">Vives Amadeu<\/a><\/div>","protected":false},"excerpt":{"rendered":"<p>Lahtelaisen Kino Iiriksen vieh\u00e4tt\u00e4v\u00e4 aula t\u00e4yttyy pimenev\u00e4ss\u00e4 syysillassa Syd\u00e4men arkeologia dokumenttielokuvan kutsuvierasn\u00e4yt\u00f6kseen saapuvista vieraista. Kivennapa-S\u00e4\u00e4ti\u00f6n hallituksen puheenjohtaja Marja Halme, varapuheenjohtaja Jaana Mansikka sek\u00e4 dokumentin ohjaaja ja k\u00e4sikirjoittaja Lasse Kantola sek\u00e4 kuvaaja, editoija ja kansanmusiikista juurensa ammentavan musiikin s\u00e4velt\u00e4j\u00e4 Veijo Ruotanen ottavat vieraat hymyillen vastaan. Paikalle saapuu my\u00f6s joukko opiskelijateatteri Theatrum Olgan nuoria, joista moni oli &hellip;<\/p>\n<p class=\"read-more\"> <a class=\"\" href=\"https:\/\/kivennapaseura.fi\/?p=5893\"> <span class=\"screen-reader-text\">Syd\u00e4men arkeologia dokumenttielokuva vapaasti katsottavissa<\/span> Lue lis\u00e4\u00e4 &raquo;<\/a><\/p>\n","protected":false},"author":7,"featured_media":5894,"comment_status":"closed","ping_status":"closed","sticky":false,"template":"","format":"standard","meta":{"site-sidebar-layout":"default","site-content-layout":"default","ast-global-header-display":"","ast-main-header-display":"","ast-hfb-above-header-display":"","ast-hfb-below-header-display":"","ast-hfb-mobile-header-display":"","site-post-title":"","ast-breadcrumbs-content":"","ast-featured-img":"disabled","footer-sml-layout":"","theme-transparent-header-meta":"","adv-header-id-meta":"","stick-header-meta":"","header-above-stick-meta":"","header-main-stick-meta":"","header-below-stick-meta":""},"categories":[130],"tags":[331,319,318,332,317,329,232,321,326,231,327,134,323,316,324,144,142,348,325,311,320,322,328],"yoast_head":"<!-- This site is optimized with the Yoast SEO plugin v18.8 - https:\/\/yoast.com\/wordpress\/plugins\/seo\/ -->\n<title>Syd\u00e4men arkeologia dokumenttielokuva vapaasti katsottavissa - Kivennapaseura<\/title>\n<meta name=\"description\" content=\"Syd\u00e4men arkeologia dokumenttielokuva ohjaajan esipuheella on julkaistu kaikkien vapaasti katsottavaksi YouTubessa. Katso dokumentti!\" \/>\n<meta name=\"robots\" content=\"index, follow, max-snippet:-1, max-image-preview:large, max-video-preview:-1\" \/>\n<link rel=\"canonical\" href=\"https:\/\/kivennapaseura.fi\/?p=5893\" \/>\n<meta property=\"og:locale\" content=\"fi_FI\" \/>\n<meta property=\"og:type\" content=\"article\" \/>\n<meta property=\"og:title\" content=\"Syd\u00e4men arkeologia dokumenttielokuva vapaasti katsottavissa - Kivennapaseura\" \/>\n<meta property=\"og:description\" content=\"Syd\u00e4men arkeologia dokumenttielokuva ohjaajan esipuheella on julkaistu kaikkien vapaasti katsottavaksi YouTubessa. Katso dokumentti!\" \/>\n<meta property=\"og:url\" content=\"https:\/\/kivennapaseura.fi\/?p=5893\" \/>\n<meta property=\"og:site_name\" content=\"Kivennapaseura\" \/>\n<meta property=\"article:published_time\" content=\"2023-10-29T16:11:26+00:00\" \/>\n<meta property=\"article:modified_time\" content=\"2024-03-17T09:11:50+00:00\" \/>\n<meta property=\"og:image\" content=\"http:\/\/kivennapaseura.fi\/wp-content\/uploads\/2023\/10\/Sydamen-arkeologia_kuva2-scaled.jpeg\" \/>\n\t<meta property=\"og:image:width\" content=\"2560\" \/>\n\t<meta property=\"og:image:height\" content=\"1440\" \/>\n\t<meta property=\"og:image:type\" content=\"image\/jpeg\" \/>\n<meta name=\"twitter:card\" content=\"summary_large_image\" \/>\n<meta name=\"twitter:image\" content=\"https:\/\/kivennapaseura.fi\/wp-content\/uploads\/2023\/10\/Sydamen-arkeologia_kuva2-scaled.jpeg\" \/>\n<meta name=\"twitter:label1\" content=\"Kirjoittanut\" \/>\n\t<meta name=\"twitter:data1\" content=\"Riitta Taarasti\" \/>\n\t<meta name=\"twitter:label2\" content=\"Arvioitu lukuaika\" \/>\n\t<meta name=\"twitter:data2\" content=\"4 minuuttia\" \/>\n<script type=\"application\/ld+json\" class=\"yoast-schema-graph\">{\"@context\":\"https:\/\/schema.org\",\"@graph\":[{\"@type\":\"WebSite\",\"@id\":\"https:\/\/kivennapaseura.fi\/#website\",\"url\":\"https:\/\/kivennapaseura.fi\/\",\"name\":\"Kivennapaseura\",\"description\":\"Kivennapaseuran kotisivut\",\"potentialAction\":[{\"@type\":\"SearchAction\",\"target\":{\"@type\":\"EntryPoint\",\"urlTemplate\":\"https:\/\/kivennapaseura.fi\/?s={search_term_string}\"},\"query-input\":\"required name=search_term_string\"}],\"inLanguage\":\"fi\"},{\"@type\":\"ImageObject\",\"inLanguage\":\"fi\",\"@id\":\"https:\/\/kivennapaseura.fi\/?p=5893#primaryimage\",\"url\":\"https:\/\/kivennapaseura.fi\/wp-content\/uploads\/2023\/10\/Sydamen-arkeologia_kuva2-scaled.jpeg\",\"contentUrl\":\"https:\/\/kivennapaseura.fi\/wp-content\/uploads\/2023\/10\/Sydamen-arkeologia_kuva2-scaled.jpeg\",\"width\":2560,\"height\":1440},{\"@type\":\"WebPage\",\"@id\":\"https:\/\/kivennapaseura.fi\/?p=5893#webpage\",\"url\":\"https:\/\/kivennapaseura.fi\/?p=5893\",\"name\":\"Syd\u00e4men arkeologia dokumenttielokuva vapaasti katsottavissa - Kivennapaseura\",\"isPartOf\":{\"@id\":\"https:\/\/kivennapaseura.fi\/#website\"},\"primaryImageOfPage\":{\"@id\":\"https:\/\/kivennapaseura.fi\/?p=5893#primaryimage\"},\"datePublished\":\"2023-10-29T16:11:26+00:00\",\"dateModified\":\"2024-03-17T09:11:50+00:00\",\"author\":{\"@id\":\"https:\/\/kivennapaseura.fi\/#\/schema\/person\/2c20136aecc32ddceb55e631be265d56\"},\"description\":\"Syd\u00e4men arkeologia dokumenttielokuva ohjaajan esipuheella on julkaistu kaikkien vapaasti katsottavaksi YouTubessa. Katso dokumentti!\",\"breadcrumb\":{\"@id\":\"https:\/\/kivennapaseura.fi\/?p=5893#breadcrumb\"},\"inLanguage\":\"fi\",\"potentialAction\":[{\"@type\":\"ReadAction\",\"target\":[\"https:\/\/kivennapaseura.fi\/?p=5893\"]}]},{\"@type\":\"BreadcrumbList\",\"@id\":\"https:\/\/kivennapaseura.fi\/?p=5893#breadcrumb\",\"itemListElement\":[{\"@type\":\"ListItem\",\"position\":1,\"name\":\"Etusivu\",\"item\":\"https:\/\/kivennapaseura.fi\/\"},{\"@type\":\"ListItem\",\"position\":2,\"name\":\"Syd\u00e4men arkeologia dokumenttielokuva vapaasti katsottavissa\"}]},{\"@type\":\"Person\",\"@id\":\"https:\/\/kivennapaseura.fi\/#\/schema\/person\/2c20136aecc32ddceb55e631be265d56\",\"name\":\"Riitta Taarasti\",\"image\":{\"@type\":\"ImageObject\",\"inLanguage\":\"fi\",\"@id\":\"https:\/\/kivennapaseura.fi\/#\/schema\/person\/image\/\",\"url\":\"https:\/\/secure.gravatar.com\/avatar\/5e780fda4bde16bb4fafbb9386e51ecc?s=96&d=mm&r=g\",\"contentUrl\":\"https:\/\/secure.gravatar.com\/avatar\/5e780fda4bde16bb4fafbb9386e51ecc?s=96&d=mm&r=g\",\"caption\":\"Riitta Taarasti\"},\"url\":\"https:\/\/kivennapaseura.fi\/?author=7\"}]}<\/script>\n<!-- \/ Yoast SEO plugin. -->","yoast_head_json":{"title":"Syd\u00e4men arkeologia dokumenttielokuva vapaasti katsottavissa - Kivennapaseura","description":"Syd\u00e4men arkeologia dokumenttielokuva ohjaajan esipuheella on julkaistu kaikkien vapaasti katsottavaksi YouTubessa. Katso dokumentti!","robots":{"index":"index","follow":"follow","max-snippet":"max-snippet:-1","max-image-preview":"max-image-preview:large","max-video-preview":"max-video-preview:-1"},"canonical":"https:\/\/kivennapaseura.fi\/?p=5893","og_locale":"fi_FI","og_type":"article","og_title":"Syd\u00e4men arkeologia dokumenttielokuva vapaasti katsottavissa - Kivennapaseura","og_description":"Syd\u00e4men arkeologia dokumenttielokuva ohjaajan esipuheella on julkaistu kaikkien vapaasti katsottavaksi YouTubessa. Katso dokumentti!","og_url":"https:\/\/kivennapaseura.fi\/?p=5893","og_site_name":"Kivennapaseura","article_published_time":"2023-10-29T16:11:26+00:00","article_modified_time":"2024-03-17T09:11:50+00:00","og_image":[{"width":2560,"height":1440,"url":"http:\/\/kivennapaseura.fi\/wp-content\/uploads\/2023\/10\/Sydamen-arkeologia_kuva2-scaled.jpeg","type":"image\/jpeg"}],"twitter_card":"summary_large_image","twitter_image":"https:\/\/kivennapaseura.fi\/wp-content\/uploads\/2023\/10\/Sydamen-arkeologia_kuva2-scaled.jpeg","twitter_misc":{"Kirjoittanut":"Riitta Taarasti","Arvioitu lukuaika":"4 minuuttia"},"schema":{"@context":"https:\/\/schema.org","@graph":[{"@type":"WebSite","@id":"https:\/\/kivennapaseura.fi\/#website","url":"https:\/\/kivennapaseura.fi\/","name":"Kivennapaseura","description":"Kivennapaseuran kotisivut","potentialAction":[{"@type":"SearchAction","target":{"@type":"EntryPoint","urlTemplate":"https:\/\/kivennapaseura.fi\/?s={search_term_string}"},"query-input":"required name=search_term_string"}],"inLanguage":"fi"},{"@type":"ImageObject","inLanguage":"fi","@id":"https:\/\/kivennapaseura.fi\/?p=5893#primaryimage","url":"https:\/\/kivennapaseura.fi\/wp-content\/uploads\/2023\/10\/Sydamen-arkeologia_kuva2-scaled.jpeg","contentUrl":"https:\/\/kivennapaseura.fi\/wp-content\/uploads\/2023\/10\/Sydamen-arkeologia_kuva2-scaled.jpeg","width":2560,"height":1440},{"@type":"WebPage","@id":"https:\/\/kivennapaseura.fi\/?p=5893#webpage","url":"https:\/\/kivennapaseura.fi\/?p=5893","name":"Syd\u00e4men arkeologia dokumenttielokuva vapaasti katsottavissa - Kivennapaseura","isPartOf":{"@id":"https:\/\/kivennapaseura.fi\/#website"},"primaryImageOfPage":{"@id":"https:\/\/kivennapaseura.fi\/?p=5893#primaryimage"},"datePublished":"2023-10-29T16:11:26+00:00","dateModified":"2024-03-17T09:11:50+00:00","author":{"@id":"https:\/\/kivennapaseura.fi\/#\/schema\/person\/2c20136aecc32ddceb55e631be265d56"},"description":"Syd\u00e4men arkeologia dokumenttielokuva ohjaajan esipuheella on julkaistu kaikkien vapaasti katsottavaksi YouTubessa. Katso dokumentti!","breadcrumb":{"@id":"https:\/\/kivennapaseura.fi\/?p=5893#breadcrumb"},"inLanguage":"fi","potentialAction":[{"@type":"ReadAction","target":["https:\/\/kivennapaseura.fi\/?p=5893"]}]},{"@type":"BreadcrumbList","@id":"https:\/\/kivennapaseura.fi\/?p=5893#breadcrumb","itemListElement":[{"@type":"ListItem","position":1,"name":"Etusivu","item":"https:\/\/kivennapaseura.fi\/"},{"@type":"ListItem","position":2,"name":"Syd\u00e4men arkeologia dokumenttielokuva vapaasti katsottavissa"}]},{"@type":"Person","@id":"https:\/\/kivennapaseura.fi\/#\/schema\/person\/2c20136aecc32ddceb55e631be265d56","name":"Riitta Taarasti","image":{"@type":"ImageObject","inLanguage":"fi","@id":"https:\/\/kivennapaseura.fi\/#\/schema\/person\/image\/","url":"https:\/\/secure.gravatar.com\/avatar\/5e780fda4bde16bb4fafbb9386e51ecc?s=96&d=mm&r=g","contentUrl":"https:\/\/secure.gravatar.com\/avatar\/5e780fda4bde16bb4fafbb9386e51ecc?s=96&d=mm&r=g","caption":"Riitta Taarasti"},"url":"https:\/\/kivennapaseura.fi\/?author=7"}]}},"_links":{"self":[{"href":"https:\/\/kivennapaseura.fi\/index.php?rest_route=\/wp\/v2\/posts\/5893"}],"collection":[{"href":"https:\/\/kivennapaseura.fi\/index.php?rest_route=\/wp\/v2\/posts"}],"about":[{"href":"https:\/\/kivennapaseura.fi\/index.php?rest_route=\/wp\/v2\/types\/post"}],"author":[{"embeddable":true,"href":"https:\/\/kivennapaseura.fi\/index.php?rest_route=\/wp\/v2\/users\/7"}],"replies":[{"embeddable":true,"href":"https:\/\/kivennapaseura.fi\/index.php?rest_route=%2Fwp%2Fv2%2Fcomments&post=5893"}],"version-history":[{"count":9,"href":"https:\/\/kivennapaseura.fi\/index.php?rest_route=\/wp\/v2\/posts\/5893\/revisions"}],"predecessor-version":[{"id":6063,"href":"https:\/\/kivennapaseura.fi\/index.php?rest_route=\/wp\/v2\/posts\/5893\/revisions\/6063"}],"wp:featuredmedia":[{"embeddable":true,"href":"https:\/\/kivennapaseura.fi\/index.php?rest_route=\/wp\/v2\/media\/5894"}],"wp:attachment":[{"href":"https:\/\/kivennapaseura.fi\/index.php?rest_route=%2Fwp%2Fv2%2Fmedia&parent=5893"}],"wp:term":[{"taxonomy":"category","embeddable":true,"href":"https:\/\/kivennapaseura.fi\/index.php?rest_route=%2Fwp%2Fv2%2Fcategories&post=5893"},{"taxonomy":"post_tag","embeddable":true,"href":"https:\/\/kivennapaseura.fi\/index.php?rest_route=%2Fwp%2Fv2%2Ftags&post=5893"}],"curies":[{"name":"wp","href":"https:\/\/api.w.org\/{rel}","templated":true}]}}