{"id":6053,"date":"2023-12-17T10:25:00","date_gmt":"2023-12-17T08:25:00","guid":{"rendered":"https:\/\/kivennapaseura.fi\/?p=6053"},"modified":"2024-03-17T11:02:20","modified_gmt":"2024-03-17T09:02:20","slug":"sydamen-arkeologia-entiset-kivennapalaiset-yhdistyksen-pikkujoulussa","status":"publish","type":"post","link":"https:\/\/kivennapaseura.fi\/?p=6053","title":{"rendered":"Syd\u00e4men arkeologia Entiset Kivennapalaiset -yhdistyksen pikkujoulussa"},"content":{"rendered":"\n<p>Entiset Kivennapalaiset -yhdistys vietti perinteist\u00e4 pikkujouluaan 26.11.2023 Karjalatalon Wiipuri-salissa. Katsoimme yhdess\u00e4 Suomen Diakoniaopiston Theatrum Olgan dokumenttielokuvan &#8221;Syd\u00e4men arkeologia \u2013 Kyl my\u00f6 selvit\u00e4\u00e4n&#8221; ja keskustelimme elokuvan her\u00e4tt\u00e4mist\u00e4 tunnoista. Elokuva valottaa kauniisti juurien, kivennapalaisuuden ja historian merkityst\u00e4 nuorille.<\/p>\n\n\n\n<p><\/p>\n\n\n\n<figure class=\"wp-block-image size-large\"><a href=\"http:\/\/kivennapaseura.fi\/wp-content\/uploads\/2023\/10\/Sydamen-arkeologia_kuva4-scaled.jpg\"><img loading=\"lazy\" width=\"510\" height=\"287\" src=\"http:\/\/kivennapaseura.fi\/wp-content\/uploads\/2023\/10\/Sydamen-arkeologia_kuva4-510x287.jpg\" alt=\"\" class=\"wp-image-5897\" srcset=\"https:\/\/kivennapaseura.fi\/wp-content\/uploads\/2023\/10\/Sydamen-arkeologia_kuva4-510x287.jpg 510w, https:\/\/kivennapaseura.fi\/wp-content\/uploads\/2023\/10\/Sydamen-arkeologia_kuva4-300x169.jpg 300w, https:\/\/kivennapaseura.fi\/wp-content\/uploads\/2023\/10\/Sydamen-arkeologia_kuva4-768x432.jpg 768w, https:\/\/kivennapaseura.fi\/wp-content\/uploads\/2023\/10\/Sydamen-arkeologia_kuva4-1536x864.jpg 1536w, https:\/\/kivennapaseura.fi\/wp-content\/uploads\/2023\/10\/Sydamen-arkeologia_kuva4-2048x1152.jpg 2048w\" sizes=\"(max-width: 510px) 100vw, 510px\" \/><\/a><figcaption><em>Syd\u00e4men arkeologia dokumenttielokuvan tunnelmia. Kuva: Veijo Ruotanen.<\/em><br><\/figcaption><\/figure>\n\n\n\n<p>Elokuvan lopussa kiitet\u00e4\u00e4n my\u00f6s yhdistyst\u00e4mme ja useita j\u00e4seni\u00e4mme erikseen. L\u00e4hetimme elokuvaty\u00f6ryhm\u00e4lle kirjoja, s\u00e4hk\u00f6postia ja k\u00e4vimme projektin eri vaiheissa keskusteluja s\u00e4\u00e4ti\u00f6n puheenjohtajan ja varapuheenjohtajan kanssa. J\u00e4senemme Pekka Kirjavainen ja Pirkko-Mari Ahola osallistuivat elokuvatiimin kokoontumisiin ja keskusteluihin Lahdessa.<\/p>\n\n\n\n<p>Pikkujoulun ohjelmassa oli my\u00f6s Kivennapa-aiheinen visailu, yhteislaulua ja arpajaiset. Tarjolla oli Kivennavan kyl\u00e4kirjoja ja vuosikalentereita, Karjala-aiheista kirjallisuutta, kahvia ja piirakoita monta sorttia. Pikkujoulussa oli mukana 15 j\u00e4sent\u00e4 ja Kivennavan yst\u00e4v\u00e4\u00e4.&nbsp;<br><br><strong>Tunnetko Entiset Kivennapalaiset&nbsp;-yhdistyksen?<\/strong><br>P\u00e4\u00e4kaupunkiseudulle asettuneet kivennapalaiset perustivat vuonna 1950 yhdyssiteekseen&nbsp;Entiset Kivennapalaiset&nbsp;-yhdistyksen. Yhdistys vaalii kivennapalaista kulttuuriperint\u00f6\u00e4 yhteisiss\u00e4 tapaamisissa, joihin ovat tervetulleita kaikki kiinnostuneet.&nbsp;<br><br>Teksti: Entiset Kivennapalaiset -yhdistys<br>Julkaisija: Riitta Taarasti<br><br>Lis\u00e4tietoja dokumentista:<br>\u2013&nbsp;<a href=\"https:\/\/kivennapaseura.fi\/?page_id=6019\">Dokumenttielokuvan koostesivu Kivennapaseuran kotisivuilla<\/a><br>\u2013&nbsp;<a href=\"https:\/\/www.karjalanliitto.fi\/karjalan-liitto\/jasenyhteisot\/pitajaseurat\/entiset-kivennapalaiset-ry.html\">Entiset Kivennapalaiset -yhdistyksen kotisivut<\/a><\/p>\n\n\n\n<h6>Asiasanat<\/h6>\n\n\n<div class=\"taxonomy-post_tag wp-block-post-terms\"><a href=\"https:\/\/kivennapaseura.fi\/?tag=dokumenttielokuvat\" rel=\"tag\">dokumenttielokuvat<\/a><span class=\"wp-block-post-terms__separator\">, <\/span><a href=\"https:\/\/kivennapaseura.fi\/?tag=entiset-kivennapalaiset-ry\" rel=\"tag\">Entiset kivennapalaiset ry<\/a><span class=\"wp-block-post-terms__separator\">, <\/span><a href=\"https:\/\/kivennapaseura.fi\/?tag=juhlat\" rel=\"tag\">juhlat<\/a><span class=\"wp-block-post-terms__separator\">, <\/span><a href=\"https:\/\/kivennapaseura.fi\/?tag=perinteet\" rel=\"tag\">perinteet<\/a><span class=\"wp-block-post-terms__separator\">, <\/span><a href=\"https:\/\/kivennapaseura.fi\/?tag=sydamen-arkeologia\" rel=\"tag\">Syd\u00e4men arkeologia<\/a><\/div>","protected":false},"excerpt":{"rendered":"<p>Entiset Kivennapalaiset -yhdistys vietti perinteist\u00e4 pikkujouluaan 26.11.2023 Karjalatalon Wiipuri-salissa. Katsoimme yhdess\u00e4 Suomen Diakoniaopiston Theatrum Olgan dokumenttielokuvan &#8221;Syd\u00e4men arkeologia \u2013 Kyl my\u00f6 selvit\u00e4\u00e4n&#8221; ja keskustelimme elokuvan her\u00e4tt\u00e4mist\u00e4 tunnoista. Elokuva valottaa kauniisti juurien, kivennapalaisuuden ja historian merkityst\u00e4 nuorille. Elokuvan lopussa kiitet\u00e4\u00e4n my\u00f6s yhdistyst\u00e4mme ja useita j\u00e4seni\u00e4mme erikseen. L\u00e4hetimme elokuvaty\u00f6ryhm\u00e4lle kirjoja, s\u00e4hk\u00f6postia ja k\u00e4vimme projektin eri vaiheissa keskusteluja &hellip;<\/p>\n<p class=\"read-more\"> <a class=\"\" href=\"https:\/\/kivennapaseura.fi\/?p=6053\"> <span class=\"screen-reader-text\">Syd\u00e4men arkeologia Entiset Kivennapalaiset -yhdistyksen pikkujoulussa<\/span> Lue lis\u00e4\u00e4 &raquo;<\/a><\/p>\n","protected":false},"author":16,"featured_media":5897,"comment_status":"closed","ping_status":"closed","sticky":false,"template":"","format":"standard","meta":{"site-sidebar-layout":"default","site-content-layout":"default","ast-global-header-display":"","ast-main-header-display":"","ast-hfb-above-header-display":"","ast-hfb-below-header-display":"","ast-hfb-mobile-header-display":"","site-post-title":"","ast-breadcrumbs-content":"","ast-featured-img":"disabled","footer-sml-layout":"","theme-transparent-header-meta":"","adv-header-id-meta":"","stick-header-meta":"","header-above-stick-meta":"","header-main-stick-meta":"","header-below-stick-meta":""},"categories":[130],"tags":[319,224,243,276,348],"yoast_head":"<!-- This site is optimized with the Yoast SEO plugin v18.8 - https:\/\/yoast.com\/wordpress\/plugins\/seo\/ -->\n<title>Syd\u00e4men arkeologia Entiset Kivennapalaiset -yhdistyksen pikkujoulussa - Kivennapaseura<\/title>\n<meta name=\"robots\" content=\"index, follow, max-snippet:-1, max-image-preview:large, max-video-preview:-1\" \/>\n<link rel=\"canonical\" href=\"https:\/\/kivennapaseura.fi\/?p=6053\" \/>\n<meta property=\"og:locale\" content=\"fi_FI\" \/>\n<meta property=\"og:type\" content=\"article\" \/>\n<meta property=\"og:title\" content=\"Syd\u00e4men arkeologia Entiset Kivennapalaiset -yhdistyksen pikkujoulussa - Kivennapaseura\" \/>\n<meta property=\"og:description\" content=\"Entiset Kivennapalaiset -yhdistys vietti perinteist\u00e4 pikkujouluaan 26.11.2023 Karjalatalon Wiipuri-salissa. Katsoimme yhdess\u00e4 Suomen Diakoniaopiston Theatrum Olgan dokumenttielokuvan &#8221;Syd\u00e4men arkeologia \u2013 Kyl my\u00f6 selvit\u00e4\u00e4n&#8221; ja keskustelimme elokuvan her\u00e4tt\u00e4mist\u00e4 tunnoista. Elokuva valottaa kauniisti juurien, kivennapalaisuuden ja historian merkityst\u00e4 nuorille. Elokuvan lopussa kiitet\u00e4\u00e4n my\u00f6s yhdistyst\u00e4mme ja useita j\u00e4seni\u00e4mme erikseen. L\u00e4hetimme elokuvaty\u00f6ryhm\u00e4lle kirjoja, s\u00e4hk\u00f6postia ja k\u00e4vimme projektin eri vaiheissa keskusteluja &hellip; Syd\u00e4men arkeologia Entiset Kivennapalaiset -yhdistyksen pikkujoulussa Lue lis\u00e4\u00e4 &raquo;\" \/>\n<meta property=\"og:url\" content=\"https:\/\/kivennapaseura.fi\/?p=6053\" \/>\n<meta property=\"og:site_name\" content=\"Kivennapaseura\" \/>\n<meta property=\"article:published_time\" content=\"2023-12-17T08:25:00+00:00\" \/>\n<meta property=\"article:modified_time\" content=\"2024-03-17T09:02:20+00:00\" \/>\n<meta property=\"og:image\" content=\"http:\/\/kivennapaseura.fi\/wp-content\/uploads\/2023\/10\/Sydamen-arkeologia_kuva4-scaled.jpg\" \/>\n\t<meta property=\"og:image:width\" content=\"2560\" \/>\n\t<meta property=\"og:image:height\" content=\"1440\" \/>\n\t<meta property=\"og:image:type\" content=\"image\/jpeg\" \/>\n<meta name=\"twitter:card\" content=\"summary_large_image\" \/>\n<meta name=\"twitter:image\" content=\"https:\/\/kivennapaseura.fi\/wp-content\/uploads\/2023\/10\/Sydamen-arkeologia_kuva4-scaled.jpg\" \/>\n<meta name=\"twitter:label1\" content=\"Kirjoittanut\" \/>\n\t<meta name=\"twitter:data1\" content=\"Kivennapaseura\" \/>\n\t<meta name=\"twitter:label2\" content=\"Arvioitu lukuaika\" \/>\n\t<meta name=\"twitter:data2\" content=\"2 minuuttia\" \/>\n<script type=\"application\/ld+json\" class=\"yoast-schema-graph\">{\"@context\":\"https:\/\/schema.org\",\"@graph\":[{\"@type\":\"WebSite\",\"@id\":\"https:\/\/kivennapaseura.fi\/#website\",\"url\":\"https:\/\/kivennapaseura.fi\/\",\"name\":\"Kivennapaseura\",\"description\":\"Kivennapaseuran kotisivut\",\"potentialAction\":[{\"@type\":\"SearchAction\",\"target\":{\"@type\":\"EntryPoint\",\"urlTemplate\":\"https:\/\/kivennapaseura.fi\/?s={search_term_string}\"},\"query-input\":\"required name=search_term_string\"}],\"inLanguage\":\"fi\"},{\"@type\":\"ImageObject\",\"inLanguage\":\"fi\",\"@id\":\"https:\/\/kivennapaseura.fi\/?p=6053#primaryimage\",\"url\":\"https:\/\/kivennapaseura.fi\/wp-content\/uploads\/2023\/10\/Sydamen-arkeologia_kuva4-scaled.jpg\",\"contentUrl\":\"https:\/\/kivennapaseura.fi\/wp-content\/uploads\/2023\/10\/Sydamen-arkeologia_kuva4-scaled.jpg\",\"width\":2560,\"height\":1440},{\"@type\":\"WebPage\",\"@id\":\"https:\/\/kivennapaseura.fi\/?p=6053#webpage\",\"url\":\"https:\/\/kivennapaseura.fi\/?p=6053\",\"name\":\"Syd\u00e4men arkeologia Entiset Kivennapalaiset -yhdistyksen pikkujoulussa - Kivennapaseura\",\"isPartOf\":{\"@id\":\"https:\/\/kivennapaseura.fi\/#website\"},\"primaryImageOfPage\":{\"@id\":\"https:\/\/kivennapaseura.fi\/?p=6053#primaryimage\"},\"datePublished\":\"2023-12-17T08:25:00+00:00\",\"dateModified\":\"2024-03-17T09:02:20+00:00\",\"author\":{\"@id\":\"https:\/\/kivennapaseura.fi\/#\/schema\/person\/38d90632687f8cb9836e828b71f03233\"},\"breadcrumb\":{\"@id\":\"https:\/\/kivennapaseura.fi\/?p=6053#breadcrumb\"},\"inLanguage\":\"fi\",\"potentialAction\":[{\"@type\":\"ReadAction\",\"target\":[\"https:\/\/kivennapaseura.fi\/?p=6053\"]}]},{\"@type\":\"BreadcrumbList\",\"@id\":\"https:\/\/kivennapaseura.fi\/?p=6053#breadcrumb\",\"itemListElement\":[{\"@type\":\"ListItem\",\"position\":1,\"name\":\"Etusivu\",\"item\":\"https:\/\/kivennapaseura.fi\/\"},{\"@type\":\"ListItem\",\"position\":2,\"name\":\"Syd\u00e4men arkeologia Entiset Kivennapalaiset -yhdistyksen pikkujoulussa\"}]},{\"@type\":\"Person\",\"@id\":\"https:\/\/kivennapaseura.fi\/#\/schema\/person\/38d90632687f8cb9836e828b71f03233\",\"name\":\"Kivennapaseura\",\"image\":{\"@type\":\"ImageObject\",\"inLanguage\":\"fi\",\"@id\":\"https:\/\/kivennapaseura.fi\/#\/schema\/person\/image\/\",\"url\":\"https:\/\/secure.gravatar.com\/avatar\/ddeb1c6cbd7132a0a720148f77512272?s=96&d=mm&r=g\",\"contentUrl\":\"https:\/\/secure.gravatar.com\/avatar\/ddeb1c6cbd7132a0a720148f77512272?s=96&d=mm&r=g\",\"caption\":\"Kivennapaseura\"},\"url\":\"https:\/\/kivennapaseura.fi\/?author=16\"}]}<\/script>\n<!-- \/ Yoast SEO plugin. -->","yoast_head_json":{"title":"Syd\u00e4men arkeologia Entiset Kivennapalaiset -yhdistyksen pikkujoulussa - Kivennapaseura","robots":{"index":"index","follow":"follow","max-snippet":"max-snippet:-1","max-image-preview":"max-image-preview:large","max-video-preview":"max-video-preview:-1"},"canonical":"https:\/\/kivennapaseura.fi\/?p=6053","og_locale":"fi_FI","og_type":"article","og_title":"Syd\u00e4men arkeologia Entiset Kivennapalaiset -yhdistyksen pikkujoulussa - Kivennapaseura","og_description":"Entiset Kivennapalaiset -yhdistys vietti perinteist\u00e4 pikkujouluaan 26.11.2023 Karjalatalon Wiipuri-salissa. Katsoimme yhdess\u00e4 Suomen Diakoniaopiston Theatrum Olgan dokumenttielokuvan &#8221;Syd\u00e4men arkeologia \u2013 Kyl my\u00f6 selvit\u00e4\u00e4n&#8221; ja keskustelimme elokuvan her\u00e4tt\u00e4mist\u00e4 tunnoista. Elokuva valottaa kauniisti juurien, kivennapalaisuuden ja historian merkityst\u00e4 nuorille. Elokuvan lopussa kiitet\u00e4\u00e4n my\u00f6s yhdistyst\u00e4mme ja useita j\u00e4seni\u00e4mme erikseen. L\u00e4hetimme elokuvaty\u00f6ryhm\u00e4lle kirjoja, s\u00e4hk\u00f6postia ja k\u00e4vimme projektin eri vaiheissa keskusteluja &hellip; Syd\u00e4men arkeologia Entiset Kivennapalaiset -yhdistyksen pikkujoulussa Lue lis\u00e4\u00e4 &raquo;","og_url":"https:\/\/kivennapaseura.fi\/?p=6053","og_site_name":"Kivennapaseura","article_published_time":"2023-12-17T08:25:00+00:00","article_modified_time":"2024-03-17T09:02:20+00:00","og_image":[{"width":2560,"height":1440,"url":"http:\/\/kivennapaseura.fi\/wp-content\/uploads\/2023\/10\/Sydamen-arkeologia_kuva4-scaled.jpg","type":"image\/jpeg"}],"twitter_card":"summary_large_image","twitter_image":"https:\/\/kivennapaseura.fi\/wp-content\/uploads\/2023\/10\/Sydamen-arkeologia_kuva4-scaled.jpg","twitter_misc":{"Kirjoittanut":"Kivennapaseura","Arvioitu lukuaika":"2 minuuttia"},"schema":{"@context":"https:\/\/schema.org","@graph":[{"@type":"WebSite","@id":"https:\/\/kivennapaseura.fi\/#website","url":"https:\/\/kivennapaseura.fi\/","name":"Kivennapaseura","description":"Kivennapaseuran kotisivut","potentialAction":[{"@type":"SearchAction","target":{"@type":"EntryPoint","urlTemplate":"https:\/\/kivennapaseura.fi\/?s={search_term_string}"},"query-input":"required name=search_term_string"}],"inLanguage":"fi"},{"@type":"ImageObject","inLanguage":"fi","@id":"https:\/\/kivennapaseura.fi\/?p=6053#primaryimage","url":"https:\/\/kivennapaseura.fi\/wp-content\/uploads\/2023\/10\/Sydamen-arkeologia_kuva4-scaled.jpg","contentUrl":"https:\/\/kivennapaseura.fi\/wp-content\/uploads\/2023\/10\/Sydamen-arkeologia_kuva4-scaled.jpg","width":2560,"height":1440},{"@type":"WebPage","@id":"https:\/\/kivennapaseura.fi\/?p=6053#webpage","url":"https:\/\/kivennapaseura.fi\/?p=6053","name":"Syd\u00e4men arkeologia Entiset Kivennapalaiset -yhdistyksen pikkujoulussa - Kivennapaseura","isPartOf":{"@id":"https:\/\/kivennapaseura.fi\/#website"},"primaryImageOfPage":{"@id":"https:\/\/kivennapaseura.fi\/?p=6053#primaryimage"},"datePublished":"2023-12-17T08:25:00+00:00","dateModified":"2024-03-17T09:02:20+00:00","author":{"@id":"https:\/\/kivennapaseura.fi\/#\/schema\/person\/38d90632687f8cb9836e828b71f03233"},"breadcrumb":{"@id":"https:\/\/kivennapaseura.fi\/?p=6053#breadcrumb"},"inLanguage":"fi","potentialAction":[{"@type":"ReadAction","target":["https:\/\/kivennapaseura.fi\/?p=6053"]}]},{"@type":"BreadcrumbList","@id":"https:\/\/kivennapaseura.fi\/?p=6053#breadcrumb","itemListElement":[{"@type":"ListItem","position":1,"name":"Etusivu","item":"https:\/\/kivennapaseura.fi\/"},{"@type":"ListItem","position":2,"name":"Syd\u00e4men arkeologia Entiset Kivennapalaiset -yhdistyksen pikkujoulussa"}]},{"@type":"Person","@id":"https:\/\/kivennapaseura.fi\/#\/schema\/person\/38d90632687f8cb9836e828b71f03233","name":"Kivennapaseura","image":{"@type":"ImageObject","inLanguage":"fi","@id":"https:\/\/kivennapaseura.fi\/#\/schema\/person\/image\/","url":"https:\/\/secure.gravatar.com\/avatar\/ddeb1c6cbd7132a0a720148f77512272?s=96&d=mm&r=g","contentUrl":"https:\/\/secure.gravatar.com\/avatar\/ddeb1c6cbd7132a0a720148f77512272?s=96&d=mm&r=g","caption":"Kivennapaseura"},"url":"https:\/\/kivennapaseura.fi\/?author=16"}]}},"_links":{"self":[{"href":"https:\/\/kivennapaseura.fi\/index.php?rest_route=\/wp\/v2\/posts\/6053"}],"collection":[{"href":"https:\/\/kivennapaseura.fi\/index.php?rest_route=\/wp\/v2\/posts"}],"about":[{"href":"https:\/\/kivennapaseura.fi\/index.php?rest_route=\/wp\/v2\/types\/post"}],"author":[{"embeddable":true,"href":"https:\/\/kivennapaseura.fi\/index.php?rest_route=\/wp\/v2\/users\/16"}],"replies":[{"embeddable":true,"href":"https:\/\/kivennapaseura.fi\/index.php?rest_route=%2Fwp%2Fv2%2Fcomments&post=6053"}],"version-history":[{"count":2,"href":"https:\/\/kivennapaseura.fi\/index.php?rest_route=\/wp\/v2\/posts\/6053\/revisions"}],"predecessor-version":[{"id":6056,"href":"https:\/\/kivennapaseura.fi\/index.php?rest_route=\/wp\/v2\/posts\/6053\/revisions\/6056"}],"wp:featuredmedia":[{"embeddable":true,"href":"https:\/\/kivennapaseura.fi\/index.php?rest_route=\/wp\/v2\/media\/5897"}],"wp:attachment":[{"href":"https:\/\/kivennapaseura.fi\/index.php?rest_route=%2Fwp%2Fv2%2Fmedia&parent=6053"}],"wp:term":[{"taxonomy":"category","embeddable":true,"href":"https:\/\/kivennapaseura.fi\/index.php?rest_route=%2Fwp%2Fv2%2Fcategories&post=6053"},{"taxonomy":"post_tag","embeddable":true,"href":"https:\/\/kivennapaseura.fi\/index.php?rest_route=%2Fwp%2Fv2%2Ftags&post=6053"}],"curies":[{"name":"wp","href":"https:\/\/api.w.org\/{rel}","templated":true}]}}