{"id":6204,"date":"2025-03-25T09:30:34","date_gmt":"2025-03-25T07:30:34","guid":{"rendered":"https:\/\/kivennapaseura.fi\/?p=6204"},"modified":"2025-03-25T09:53:46","modified_gmt":"2025-03-25T07:53:46","slug":"haussa-kuvia-ja-tarinoita-ylentelan-kylakirjaan","status":"publish","type":"post","link":"https:\/\/kivennapaseura.fi\/?p=6204","title":{"rendered":"Haussa kuvia ja tarinoita Ylentel\u00e4n kyl\u00e4kirjaan"},"content":{"rendered":"\n<p>Kivennavalla oli 52 kyl\u00e4\u00e4. Niist\u00e4 on kirjoitettu kyl\u00e4kirjat lukuun ottamatta kolmea, joita Kivennapaseura parhaillaan ty\u00f6st\u00e4\u00e4. Kivennavan viimeiset puuttuvat kyl\u00e4kirjat ovat Ylentel\u00e4st\u00e4, Tonterista ja Siiranm\u00e4est\u00e4.\u00a0<br><br>Ensimm\u00e4isen\u00e4 ty\u00f6n alla on kirja Ylentel\u00e4st\u00e4. Kirjaa kirjoittaa Pekka Kirjavainen, ja h\u00e4nen apunaan on pieni ty\u00f6ryhm\u00e4. Ovatko isovanhempasi, vanhempasi tai muu sukusi kotoisin sielt\u00e4? Mik\u00e4li sinulta l\u00f6ytyy kuvia tai tarinoita, ty\u00f6ryhm\u00e4 ottaa niit\u00e4 mielell\u00e4\u00e4n vastaan.\u00a0<\/p>\n\n\n\n<p><\/p>\n\n\n\n<figure class=\"wp-block-image size-large\"><a href=\"http:\/\/kivennapaseura.fi\/wp-content\/uploads\/2025\/03\/Valokuva_albumi_Pixabay_jarmoluk.jpg\"><img loading=\"lazy\" width=\"510\" height=\"338\" src=\"http:\/\/kivennapaseura.fi\/wp-content\/uploads\/2025\/03\/Valokuva_albumi_Pixabay_jarmoluk-510x338.jpg\" alt=\"Avoin valokuva-albumi.\" class=\"wp-image-6205\" srcset=\"https:\/\/kivennapaseura.fi\/wp-content\/uploads\/2025\/03\/Valokuva_albumi_Pixabay_jarmoluk-510x338.jpg 510w, https:\/\/kivennapaseura.fi\/wp-content\/uploads\/2025\/03\/Valokuva_albumi_Pixabay_jarmoluk-300x199.jpg 300w, https:\/\/kivennapaseura.fi\/wp-content\/uploads\/2025\/03\/Valokuva_albumi_Pixabay_jarmoluk-768x509.jpg 768w, https:\/\/kivennapaseura.fi\/wp-content\/uploads\/2025\/03\/Valokuva_albumi_Pixabay_jarmoluk.jpg 1280w\" sizes=\"(max-width: 510px) 100vw, 510px\" \/><\/a><\/figure>\n\n\n\n<p><em>Kuva: Pixabay<\/em><\/p>\n\n\n\n<p><\/p>\n\n\n\n<p>Voi l\u00e4hett\u00e4\u00e4 tietoja sek\u00e4 kuvia Ylentel\u00e4n taloista, maisemista ja ihmisist\u00e4:<br>&#8211; Pekka Kirjavainen,&nbsp;<a href=\"mailto:pekka.kirjavainen@gmail.com\">pekka.kirjavainen@gmail.com<\/a><br>&#8211; Raija Levo,&nbsp;<a href=\"mailto:levoraija@gmail.com\">levoraija@gmail.com<\/a><br>&#8211; Helena Tapper,&nbsp;<a href=\"mailto:helenaetapper@gmail.com\">helenaetapper@gmail.com<\/a><br><br>Lis\u00e4tietoja:<br><a href=\"https:\/\/kivennapaseura.fi\/?page_id=168\">Tietoa kyl\u00e4kirjoista<\/a><a href=\"https:\/\/kivennapaseura.fi\/?page_id=4938\"><br><\/a><a href=\"https:\/\/kivennapaseura.fi\/?page_id=4070\">Kivennapaseuran yhteystiedot<\/a><br><br><em>Julkaistu: 25.3.2025<\/em><br><em><em>Julkaisija: Riitta Taarast<\/em>i<\/em><\/p>\n\n\n\n<h6>Asiasanat<\/h6>\n\n\n<div class=\"taxonomy-post_tag wp-block-post-terms\"><a href=\"https:\/\/kivennapaseura.fi\/?tag=kivannapaseura\" rel=\"tag\">Kivannapaseura<\/a><span class=\"wp-block-post-terms__separator\">, <\/span><a href=\"https:\/\/kivennapaseura.fi\/?tag=kivennapa\" rel=\"tag\">Kivennapa<\/a><span class=\"wp-block-post-terms__separator\">, <\/span><a href=\"https:\/\/kivennapaseura.fi\/?tag=kuvat\" rel=\"tag\">kuvat<\/a><span class=\"wp-block-post-terms__separator\">, <\/span><a href=\"https:\/\/kivennapaseura.fi\/?tag=kylat\" rel=\"tag\">kyl\u00e4t<\/a><span class=\"wp-block-post-terms__separator\">, <\/span><a href=\"https:\/\/kivennapaseura.fi\/?tag=paikallishistoria\" rel=\"tag\">paikallishistoria<\/a><span class=\"wp-block-post-terms__separator\">, <\/span><a href=\"https:\/\/kivennapaseura.fi\/?tag=ylentela\" rel=\"tag\">Ylentel\u00e4<\/a><\/div>","protected":false},"excerpt":{"rendered":"<p>Kivennavalla oli 52 kyl\u00e4\u00e4. Niist\u00e4 on kirjoitettu kyl\u00e4kirjat lukuun ottamatta kolmea, joita Kivennapaseura parhaillaan ty\u00f6st\u00e4\u00e4. Kivennavan viimeiset puuttuvat kyl\u00e4kirjat ovat Ylentel\u00e4st\u00e4, Tonterista ja Siiranm\u00e4est\u00e4.\u00a0 Ensimm\u00e4isen\u00e4 ty\u00f6n alla on kirja Ylentel\u00e4st\u00e4. Kirjaa kirjoittaa Pekka Kirjavainen, ja h\u00e4nen apunaan on pieni ty\u00f6ryhm\u00e4. Ovatko isovanhempasi, vanhempasi tai muu sukusi kotoisin sielt\u00e4? Mik\u00e4li sinulta l\u00f6ytyy kuvia tai tarinoita, ty\u00f6ryhm\u00e4 &hellip;<\/p>\n<p class=\"read-more\"> <a class=\"\" href=\"https:\/\/kivennapaseura.fi\/?p=6204\"> <span class=\"screen-reader-text\">Haussa kuvia ja tarinoita Ylentel\u00e4n kyl\u00e4kirjaan<\/span> Lue lis\u00e4\u00e4 &raquo;<\/a><\/p>\n","protected":false},"author":16,"featured_media":6205,"comment_status":"closed","ping_status":"closed","sticky":false,"template":"","format":"standard","meta":{"site-sidebar-layout":"default","site-content-layout":"default","ast-global-header-display":"","ast-main-header-display":"","ast-hfb-above-header-display":"","ast-hfb-below-header-display":"","ast-hfb-mobile-header-display":"","site-post-title":"","ast-breadcrumbs-content":"","ast-featured-img":"disabled","footer-sml-layout":"","theme-transparent-header-meta":"","adv-header-id-meta":"","stick-header-meta":"","header-above-stick-meta":"","header-main-stick-meta":"","header-below-stick-meta":""},"categories":[130],"tags":[375,17,186,109,68,374],"yoast_head":"<!-- This site is optimized with the Yoast SEO plugin v18.8 - https:\/\/yoast.com\/wordpress\/plugins\/seo\/ -->\n<title>Haussa kuvia ja tarinoita Ylentel\u00e4n kyl\u00e4kirjaan - Kivennapaseura<\/title>\n<meta name=\"description\" content=\"Haussa kuvia ja tarinoita Ylentel\u00e4n kyl\u00e4kirjaan. Kivennapaseuralla on ty\u00f6n alla kirja Kivennavan Ylentel\u00e4st\u00e4.\" \/>\n<meta name=\"robots\" content=\"index, follow, max-snippet:-1, max-image-preview:large, max-video-preview:-1\" \/>\n<link rel=\"canonical\" href=\"https:\/\/kivennapaseura.fi\/?p=6204\" \/>\n<meta property=\"og:locale\" content=\"fi_FI\" \/>\n<meta property=\"og:type\" content=\"article\" \/>\n<meta property=\"og:title\" content=\"Haussa kuvia ja tarinoita Ylentel\u00e4n kyl\u00e4kirjaan - Kivennapaseura\" \/>\n<meta property=\"og:description\" content=\"Haussa kuvia ja tarinoita Ylentel\u00e4n kyl\u00e4kirjaan. Kivennapaseuralla on ty\u00f6n alla kirja Kivennavan Ylentel\u00e4st\u00e4.\" \/>\n<meta property=\"og:url\" content=\"https:\/\/kivennapaseura.fi\/?p=6204\" \/>\n<meta property=\"og:site_name\" content=\"Kivennapaseura\" \/>\n<meta property=\"article:published_time\" content=\"2025-03-25T07:30:34+00:00\" \/>\n<meta property=\"article:modified_time\" content=\"2025-03-25T07:53:46+00:00\" \/>\n<meta property=\"og:image\" content=\"http:\/\/kivennapaseura.fi\/wp-content\/uploads\/2025\/03\/Valokuva_albumi_Pixabay_jarmoluk.jpg\" \/>\n\t<meta property=\"og:image:width\" content=\"1280\" \/>\n\t<meta property=\"og:image:height\" content=\"848\" \/>\n\t<meta property=\"og:image:type\" content=\"image\/jpeg\" \/>\n<meta name=\"twitter:card\" content=\"summary_large_image\" \/>\n<meta name=\"twitter:label1\" content=\"Kirjoittanut\" \/>\n\t<meta name=\"twitter:data1\" content=\"Kivennapaseura\" \/>\n\t<meta name=\"twitter:label2\" content=\"Arvioitu lukuaika\" \/>\n\t<meta name=\"twitter:data2\" content=\"1 minuutti\" \/>\n<script type=\"application\/ld+json\" class=\"yoast-schema-graph\">{\"@context\":\"https:\/\/schema.org\",\"@graph\":[{\"@type\":\"WebSite\",\"@id\":\"https:\/\/kivennapaseura.fi\/#website\",\"url\":\"https:\/\/kivennapaseura.fi\/\",\"name\":\"Kivennapaseura\",\"description\":\"Kivennapaseuran kotisivut\",\"potentialAction\":[{\"@type\":\"SearchAction\",\"target\":{\"@type\":\"EntryPoint\",\"urlTemplate\":\"https:\/\/kivennapaseura.fi\/?s={search_term_string}\"},\"query-input\":\"required name=search_term_string\"}],\"inLanguage\":\"fi\"},{\"@type\":\"ImageObject\",\"inLanguage\":\"fi\",\"@id\":\"https:\/\/kivennapaseura.fi\/?p=6204#primaryimage\",\"url\":\"https:\/\/kivennapaseura.fi\/wp-content\/uploads\/2025\/03\/Valokuva_albumi_Pixabay_jarmoluk.jpg\",\"contentUrl\":\"https:\/\/kivennapaseura.fi\/wp-content\/uploads\/2025\/03\/Valokuva_albumi_Pixabay_jarmoluk.jpg\",\"width\":1280,\"height\":848,\"caption\":\"Avoin valokuva-albumi.\"},{\"@type\":\"WebPage\",\"@id\":\"https:\/\/kivennapaseura.fi\/?p=6204#webpage\",\"url\":\"https:\/\/kivennapaseura.fi\/?p=6204\",\"name\":\"Haussa kuvia ja tarinoita Ylentel\u00e4n kyl\u00e4kirjaan - Kivennapaseura\",\"isPartOf\":{\"@id\":\"https:\/\/kivennapaseura.fi\/#website\"},\"primaryImageOfPage\":{\"@id\":\"https:\/\/kivennapaseura.fi\/?p=6204#primaryimage\"},\"datePublished\":\"2025-03-25T07:30:34+00:00\",\"dateModified\":\"2025-03-25T07:53:46+00:00\",\"author\":{\"@id\":\"https:\/\/kivennapaseura.fi\/#\/schema\/person\/38d90632687f8cb9836e828b71f03233\"},\"description\":\"Haussa kuvia ja tarinoita Ylentel\u00e4n kyl\u00e4kirjaan. Kivennapaseuralla on ty\u00f6n alla kirja Kivennavan Ylentel\u00e4st\u00e4.\",\"breadcrumb\":{\"@id\":\"https:\/\/kivennapaseura.fi\/?p=6204#breadcrumb\"},\"inLanguage\":\"fi\",\"potentialAction\":[{\"@type\":\"ReadAction\",\"target\":[\"https:\/\/kivennapaseura.fi\/?p=6204\"]}]},{\"@type\":\"BreadcrumbList\",\"@id\":\"https:\/\/kivennapaseura.fi\/?p=6204#breadcrumb\",\"itemListElement\":[{\"@type\":\"ListItem\",\"position\":1,\"name\":\"Etusivu\",\"item\":\"https:\/\/kivennapaseura.fi\/\"},{\"@type\":\"ListItem\",\"position\":2,\"name\":\"Haussa kuvia ja tarinoita Ylentel\u00e4n kyl\u00e4kirjaan\"}]},{\"@type\":\"Person\",\"@id\":\"https:\/\/kivennapaseura.fi\/#\/schema\/person\/38d90632687f8cb9836e828b71f03233\",\"name\":\"Kivennapaseura\",\"image\":{\"@type\":\"ImageObject\",\"inLanguage\":\"fi\",\"@id\":\"https:\/\/kivennapaseura.fi\/#\/schema\/person\/image\/\",\"url\":\"https:\/\/secure.gravatar.com\/avatar\/ddeb1c6cbd7132a0a720148f77512272?s=96&d=mm&r=g\",\"contentUrl\":\"https:\/\/secure.gravatar.com\/avatar\/ddeb1c6cbd7132a0a720148f77512272?s=96&d=mm&r=g\",\"caption\":\"Kivennapaseura\"},\"url\":\"https:\/\/kivennapaseura.fi\/?author=16\"}]}<\/script>\n<!-- \/ Yoast SEO plugin. -->","yoast_head_json":{"title":"Haussa kuvia ja tarinoita Ylentel\u00e4n kyl\u00e4kirjaan - Kivennapaseura","description":"Haussa kuvia ja tarinoita Ylentel\u00e4n kyl\u00e4kirjaan. Kivennapaseuralla on ty\u00f6n alla kirja Kivennavan Ylentel\u00e4st\u00e4.","robots":{"index":"index","follow":"follow","max-snippet":"max-snippet:-1","max-image-preview":"max-image-preview:large","max-video-preview":"max-video-preview:-1"},"canonical":"https:\/\/kivennapaseura.fi\/?p=6204","og_locale":"fi_FI","og_type":"article","og_title":"Haussa kuvia ja tarinoita Ylentel\u00e4n kyl\u00e4kirjaan - Kivennapaseura","og_description":"Haussa kuvia ja tarinoita Ylentel\u00e4n kyl\u00e4kirjaan. Kivennapaseuralla on ty\u00f6n alla kirja Kivennavan Ylentel\u00e4st\u00e4.","og_url":"https:\/\/kivennapaseura.fi\/?p=6204","og_site_name":"Kivennapaseura","article_published_time":"2025-03-25T07:30:34+00:00","article_modified_time":"2025-03-25T07:53:46+00:00","og_image":[{"width":1280,"height":848,"url":"http:\/\/kivennapaseura.fi\/wp-content\/uploads\/2025\/03\/Valokuva_albumi_Pixabay_jarmoluk.jpg","type":"image\/jpeg"}],"twitter_card":"summary_large_image","twitter_misc":{"Kirjoittanut":"Kivennapaseura","Arvioitu lukuaika":"1 minuutti"},"schema":{"@context":"https:\/\/schema.org","@graph":[{"@type":"WebSite","@id":"https:\/\/kivennapaseura.fi\/#website","url":"https:\/\/kivennapaseura.fi\/","name":"Kivennapaseura","description":"Kivennapaseuran kotisivut","potentialAction":[{"@type":"SearchAction","target":{"@type":"EntryPoint","urlTemplate":"https:\/\/kivennapaseura.fi\/?s={search_term_string}"},"query-input":"required name=search_term_string"}],"inLanguage":"fi"},{"@type":"ImageObject","inLanguage":"fi","@id":"https:\/\/kivennapaseura.fi\/?p=6204#primaryimage","url":"https:\/\/kivennapaseura.fi\/wp-content\/uploads\/2025\/03\/Valokuva_albumi_Pixabay_jarmoluk.jpg","contentUrl":"https:\/\/kivennapaseura.fi\/wp-content\/uploads\/2025\/03\/Valokuva_albumi_Pixabay_jarmoluk.jpg","width":1280,"height":848,"caption":"Avoin valokuva-albumi."},{"@type":"WebPage","@id":"https:\/\/kivennapaseura.fi\/?p=6204#webpage","url":"https:\/\/kivennapaseura.fi\/?p=6204","name":"Haussa kuvia ja tarinoita Ylentel\u00e4n kyl\u00e4kirjaan - Kivennapaseura","isPartOf":{"@id":"https:\/\/kivennapaseura.fi\/#website"},"primaryImageOfPage":{"@id":"https:\/\/kivennapaseura.fi\/?p=6204#primaryimage"},"datePublished":"2025-03-25T07:30:34+00:00","dateModified":"2025-03-25T07:53:46+00:00","author":{"@id":"https:\/\/kivennapaseura.fi\/#\/schema\/person\/38d90632687f8cb9836e828b71f03233"},"description":"Haussa kuvia ja tarinoita Ylentel\u00e4n kyl\u00e4kirjaan. Kivennapaseuralla on ty\u00f6n alla kirja Kivennavan Ylentel\u00e4st\u00e4.","breadcrumb":{"@id":"https:\/\/kivennapaseura.fi\/?p=6204#breadcrumb"},"inLanguage":"fi","potentialAction":[{"@type":"ReadAction","target":["https:\/\/kivennapaseura.fi\/?p=6204"]}]},{"@type":"BreadcrumbList","@id":"https:\/\/kivennapaseura.fi\/?p=6204#breadcrumb","itemListElement":[{"@type":"ListItem","position":1,"name":"Etusivu","item":"https:\/\/kivennapaseura.fi\/"},{"@type":"ListItem","position":2,"name":"Haussa kuvia ja tarinoita Ylentel\u00e4n kyl\u00e4kirjaan"}]},{"@type":"Person","@id":"https:\/\/kivennapaseura.fi\/#\/schema\/person\/38d90632687f8cb9836e828b71f03233","name":"Kivennapaseura","image":{"@type":"ImageObject","inLanguage":"fi","@id":"https:\/\/kivennapaseura.fi\/#\/schema\/person\/image\/","url":"https:\/\/secure.gravatar.com\/avatar\/ddeb1c6cbd7132a0a720148f77512272?s=96&d=mm&r=g","contentUrl":"https:\/\/secure.gravatar.com\/avatar\/ddeb1c6cbd7132a0a720148f77512272?s=96&d=mm&r=g","caption":"Kivennapaseura"},"url":"https:\/\/kivennapaseura.fi\/?author=16"}]}},"_links":{"self":[{"href":"https:\/\/kivennapaseura.fi\/index.php?rest_route=\/wp\/v2\/posts\/6204"}],"collection":[{"href":"https:\/\/kivennapaseura.fi\/index.php?rest_route=\/wp\/v2\/posts"}],"about":[{"href":"https:\/\/kivennapaseura.fi\/index.php?rest_route=\/wp\/v2\/types\/post"}],"author":[{"embeddable":true,"href":"https:\/\/kivennapaseura.fi\/index.php?rest_route=\/wp\/v2\/users\/16"}],"replies":[{"embeddable":true,"href":"https:\/\/kivennapaseura.fi\/index.php?rest_route=%2Fwp%2Fv2%2Fcomments&post=6204"}],"version-history":[{"count":3,"href":"https:\/\/kivennapaseura.fi\/index.php?rest_route=\/wp\/v2\/posts\/6204\/revisions"}],"predecessor-version":[{"id":6212,"href":"https:\/\/kivennapaseura.fi\/index.php?rest_route=\/wp\/v2\/posts\/6204\/revisions\/6212"}],"wp:featuredmedia":[{"embeddable":true,"href":"https:\/\/kivennapaseura.fi\/index.php?rest_route=\/wp\/v2\/media\/6205"}],"wp:attachment":[{"href":"https:\/\/kivennapaseura.fi\/index.php?rest_route=%2Fwp%2Fv2%2Fmedia&parent=6204"}],"wp:term":[{"taxonomy":"category","embeddable":true,"href":"https:\/\/kivennapaseura.fi\/index.php?rest_route=%2Fwp%2Fv2%2Fcategories&post=6204"},{"taxonomy":"post_tag","embeddable":true,"href":"https:\/\/kivennapaseura.fi\/index.php?rest_route=%2Fwp%2Fv2%2Ftags&post=6204"}],"curies":[{"name":"wp","href":"https:\/\/api.w.org\/{rel}","templated":true}]}}